{"id":146179,"date":"1994-01-01T00:00:00","date_gmt":"1994-01-01T00:00:00","guid":{"rendered":"https:\/\/www.deberes.net\/tesis\/sin-categoria\/epidemiologia-analitica-de-los-infartos-cerebrales-silentes-en-pacientes-con-fibrilacion-auricular\/"},"modified":"1994-01-01T00:00:00","modified_gmt":"1994-01-01T00:00:00","slug":"epidemiologia-analitica-de-los-infartos-cerebrales-silentes-en-pacientes-con-fibrilacion-auricular","status":"publish","type":"post","link":"https:\/\/www.deberes.net\/tesis\/ciencias-medicas\/epidemiologia-analitica-de-los-infartos-cerebrales-silentes-en-pacientes-con-fibrilacion-auricular\/","title":{"rendered":"Epidemiolog\u00eda analitica de los infartos cerebrales silentes en pacientes con fibrilacion auricular."},"content":{"rendered":"<h2>Tesis doctoral de <strong> Montserrat Alberdi Bellon <\/strong><\/h2>\n<p>Los infartos cerebrales silentes es una patolog\u00eda vascular importante por tener una alta preValencia no solo en grupos de riesgo sino tambien en poblacion en general. Sin embargo los factores desencadenantes y etiopatogenicos no han sido definidos. Por ello, se dise\u00f1o este trabajo diferenciando tres grupos: pacientes con fibrilacion auricular (patolog\u00eda cardiaca considerada como emboligena y responsable de patolog\u00eda vascular silente), pacientes con avc (considerados como un grupo de riesgo), y un grupo control (supuestamente sano). Se valoraron la existencia de factores de riesgo concomitantes (presencia de fibrilacion auricular, hipertension, diabetes, cardiopatias, entre otros. Se obtuvo como resultado que el unico factor determinante y subsidiario de producir infarto cerebral silente es la diabetes mellitus, lo que habla en favor de un mecanismo trombotico en la genesis de esta patolog\u00eda vascular.<\/p>\n<p>&nbsp;<\/p>\n<h3>Datos acad\u00e9micos de la tesis doctoral \u00ab<strong>Epidemiolog\u00eda analitica de los infartos cerebrales silentes en pacientes con fibrilacion auricular.<\/strong>\u00ab<\/h3>\n<ul>\n<li><strong>T\u00edtulo de la tesis:<\/strong>\u00a0 Epidemiolog\u00eda analitica de los infartos cerebrales silentes en pacientes con fibrilacion auricular. <\/li>\n<li><strong>Autor:<\/strong>\u00a0 Montserrat Alberdi Bellon <\/li>\n<li><strong>Universidad:<\/strong>\u00a0 Alicante<\/li>\n<li><strong>Fecha de lectura de la tesis:<\/strong>\u00a0 01\/01\/1994<\/li>\n<\/ul>\n<p>&nbsp;<\/p>\n<h3>Direcci\u00f3n y tribunal<\/h3>\n<ul>\n<li><strong>Director de la tesis<\/strong>\n<ul>\n<li> Matias Guiu Guia Jorge<\/li>\n<\/ul>\n<\/li>\n<li><strong>Tribunal<\/strong>\n<ul>\n<li>Presidente del tribunal: Jaime Merino Sanchez <\/li>\n<li>Jeronimo Sancho Riegel (vocal)<\/li>\n<li>Fernando Ruiz Garcia (vocal)<\/li>\n<li>Exuperio Diez Tejedor (vocal)<\/li>\n<\/ul>\n<\/li>\n<\/ul>\n<p>&nbsp;<\/p>\n","protected":false},"excerpt":{"rendered":"<p>Tesis doctoral de Montserrat Alberdi Bellon Los infartos cerebrales silentes es una patolog\u00eda vascular importante por tener una alta preValencia [&hellip;]<\/p>\n","protected":false},"author":1,"featured_media":0,"comment_status":"open","ping_status":"open","sticky":false,"template":"","format":"standard","meta":{"site-sidebar-layout":"default","site-content-layout":"","ast-site-content-layout":"","site-content-style":"default","site-sidebar-style":"default","ast-global-header-display":"","ast-banner-title-visibility":"","ast-main-header-display":"","ast-hfb-above-header-display":"","ast-hfb-below-header-display":"","ast-hfb-mobile-header-display":"","site-post-title":"","ast-breadcrumbs-content":"","ast-featured-img":"","footer-sml-layout":"","theme-transparent-header-meta":"","adv-header-id-meta":"","stick-header-meta":"","header-above-stick-meta":"","header-main-stick-meta":"","header-below-stick-meta":"","astra-migrate-meta-layouts":"default","ast-page-background-enabled":"default","ast-page-background-meta":{"desktop":{"background-color":"var(--ast-global-color-4)","background-image":"","background-repeat":"repeat","background-position":"center center","background-size":"auto","background-attachment":"scroll","background-type":"","background-media":"","overlay-type":"","overlay-color":"","overlay-gradient":""},"tablet":{"background-color":"","background-image":"","background-repeat":"repeat","background-position":"center center","background-size":"auto","background-attachment":"scroll","background-type":"","background-media":"","overlay-type":"","overlay-color":"","overlay-gradient":""},"mobile":{"background-color":"","background-image":"","background-repeat":"repeat","background-position":"center center","background-size":"auto","background-attachment":"scroll","background-type":"","background-media":"","overlay-type":"","overlay-color":"","overlay-gradient":""}},"ast-content-background-meta":{"desktop":{"background-color":"var(--ast-global-color-5)","background-image":"","background-repeat":"repeat","background-position":"center center","background-size":"auto","background-attachment":"scroll","background-type":"","background-media":"","overlay-type":"","overlay-color":"","overlay-gradient":""},"tablet":{"background-color":"var(--ast-global-color-5)","background-image":"","background-repeat":"repeat","background-position":"center center","background-size":"auto","background-attachment":"scroll","background-type":"","background-media":"","overlay-type":"","overlay-color":"","overlay-gradient":""},"mobile":{"background-color":"var(--ast-global-color-5)","background-image":"","background-repeat":"repeat","background-position":"center center","background-size":"auto","background-attachment":"scroll","background-type":"","background-media":"","overlay-type":"","overlay-color":"","overlay-gradient":""}},"footnotes":""},"categories":[19166,9,1086,139,1880],"tags":[21388,16481,8443,19350,19346,142469],"class_list":["post-146179","post","type-post","status-publish","format-standard","hentry","category-alicante","category-ciencias-medicas","category-epidemiologia","category-medicina-interna","category-neurologia","tag-exuperio-diez-tejedor","tag-fernando-ruiz-garcia","tag-jaime-merino-sanchez","tag-jeronimo-sancho-riegel","tag-matias-guiu-guia-jorge","tag-montserrat-alberdi-bellon"],"_links":{"self":[{"href":"https:\/\/www.deberes.net\/tesis\/wp-json\/wp\/v2\/posts\/146179","targetHints":{"allow":["GET"]}}],"collection":[{"href":"https:\/\/www.deberes.net\/tesis\/wp-json\/wp\/v2\/posts"}],"about":[{"href":"https:\/\/www.deberes.net\/tesis\/wp-json\/wp\/v2\/types\/post"}],"author":[{"embeddable":true,"href":"https:\/\/www.deberes.net\/tesis\/wp-json\/wp\/v2\/users\/1"}],"replies":[{"embeddable":true,"href":"https:\/\/www.deberes.net\/tesis\/wp-json\/wp\/v2\/comments?post=146179"}],"version-history":[{"count":0,"href":"https:\/\/www.deberes.net\/tesis\/wp-json\/wp\/v2\/posts\/146179\/revisions"}],"wp:attachment":[{"href":"https:\/\/www.deberes.net\/tesis\/wp-json\/wp\/v2\/media?parent=146179"}],"wp:term":[{"taxonomy":"category","embeddable":true,"href":"https:\/\/www.deberes.net\/tesis\/wp-json\/wp\/v2\/categories?post=146179"},{"taxonomy":"post_tag","embeddable":true,"href":"https:\/\/www.deberes.net\/tesis\/wp-json\/wp\/v2\/tags?post=146179"}],"curies":[{"name":"wp","href":"https:\/\/api.w.org\/{rel}","templated":true}]}}