{"id":146200,"date":"1994-01-01T00:00:00","date_gmt":"1994-01-01T00:00:00","guid":{"rendered":"https:\/\/www.deberes.net\/tesis\/sin-categoria\/implicaciones-estrategicas-de-los-sistemas-y-tecnologias-de-la-informacion-el-caso-de-la-provincia-de-alicante\/"},"modified":"1994-01-01T00:00:00","modified_gmt":"1994-01-01T00:00:00","slug":"implicaciones-estrategicas-de-los-sistemas-y-tecnologias-de-la-informacion-el-caso-de-la-provincia-de-alicante","status":"publish","type":"post","link":"https:\/\/www.deberes.net\/tesis\/ciencias-economicas\/implicaciones-estrategicas-de-los-sistemas-y-tecnologias-de-la-informacion-el-caso-de-la-provincia-de-alicante\/","title":{"rendered":"Implicaciones estrategicas de los sistemas y tecnolog\u00edas de la informacion: el caso de la provincia de alicante."},"content":{"rendered":"<h2>Tesis doctoral de <strong> Mar\u00eda Reyes Gonz\u00e1lez  Ram\u00edrez <\/strong><\/h2>\n<p>La informacion no solo es poder, es una necesidad en el funcionamiento de las organizaciones y realmente este sencillo hecho es el que se ha tratado de impregnar, al menos, en esta tesis, la cual se puede dividir en dos bloques, comprensivos respectivamente de los cuatro primeros capitulos y los dos ultimos. El primer bloque constituye el soporte teorico que se puede evidenciar a partir de una revision de la bibliografia existente y de las investigaciones de la autora sobre los sistemas de informacion, desde su conceptualizacion hasta las repercusiones estrategicas que las tecnolog\u00edas que los soportan pueden tener en las empresas. Se ha completado esta teorizacion haciendo una aproximacion al estado de la cuestion en las empresas del entorno, por tanto, los dos ultimos capitulos se dedican a contrastar lo expuesto para el caso de la provincia de alicante.<\/p>\n<p>&nbsp;<\/p>\n<h3>Datos acad\u00e9micos de la tesis doctoral \u00ab<strong>Implicaciones estrategicas de los sistemas y tecnolog\u00edas de la informacion: el caso de la provincia de alicante.<\/strong>\u00ab<\/h3>\n<ul>\n<li><strong>T\u00edtulo de la tesis:<\/strong>\u00a0 Implicaciones estrategicas de los sistemas y tecnolog\u00edas de la informacion: el caso de la provincia de alicante. <\/li>\n<li><strong>Autor:<\/strong>\u00a0 Mar\u00eda Reyes Gonz\u00e1lez  Ram\u00edrez <\/li>\n<li><strong>Universidad:<\/strong>\u00a0 Alicante<\/li>\n<li><strong>Fecha de lectura de la tesis:<\/strong>\u00a0 01\/01\/1994<\/li>\n<\/ul>\n<p>&nbsp;<\/p>\n<h3>Direcci\u00f3n y tribunal<\/h3>\n<ul>\n<li><strong>Director de la tesis<\/strong>\n<ul>\n<li>Enrique Claver Cortes<\/li>\n<\/ul>\n<\/li>\n<li><strong>Tribunal<\/strong>\n<ul>\n<li>Presidente del tribunal:  Lopez Moreno Marcial Jes\u00fas <\/li>\n<li> Carrasco Arias Francisco Javier (vocal)<\/li>\n<li>Francisco Tarrago Sabate (vocal)<\/li>\n<li>Enrique Castello Mu\u00f1oz (vocal)<\/li>\n<\/ul>\n<\/li>\n<\/ul>\n<p>&nbsp;<\/p>\n","protected":false},"excerpt":{"rendered":"<p>Tesis doctoral de Mar\u00eda Reyes Gonz\u00e1lez Ram\u00edrez La informacion no solo es poder, es una necesidad en el funcionamiento de [&hellip;]<\/p>\n","protected":false},"author":1,"featured_media":0,"comment_status":"open","ping_status":"open","sticky":false,"template":"","format":"standard","meta":{"site-sidebar-layout":"default","site-content-layout":"","ast-site-content-layout":"","site-content-style":"default","site-sidebar-style":"default","ast-global-header-display":"","ast-banner-title-visibility":"","ast-main-header-display":"","ast-hfb-above-header-display":"","ast-hfb-below-header-display":"","ast-hfb-mobile-header-display":"","site-post-title":"","ast-breadcrumbs-content":"","ast-featured-img":"","footer-sml-layout":"","theme-transparent-header-meta":"","adv-header-id-meta":"","stick-header-meta":"","header-above-stick-meta":"","header-main-stick-meta":"","header-below-stick-meta":"","astra-migrate-meta-layouts":"default","ast-page-background-enabled":"default","ast-page-background-meta":{"desktop":{"background-color":"var(--ast-global-color-4)","background-image":"","background-repeat":"repeat","background-position":"center center","background-size":"auto","background-attachment":"scroll","background-type":"","background-media":"","overlay-type":"","overlay-color":"","overlay-gradient":""},"tablet":{"background-color":"","background-image":"","background-repeat":"repeat","background-position":"center center","background-size":"auto","background-attachment":"scroll","background-type":"","background-media":"","overlay-type":"","overlay-color":"","overlay-gradient":""},"mobile":{"background-color":"","background-image":"","background-repeat":"repeat","background-position":"center center","background-size":"auto","background-attachment":"scroll","background-type":"","background-media":"","overlay-type":"","overlay-color":"","overlay-gradient":""}},"ast-content-background-meta":{"desktop":{"background-color":"var(--ast-global-color-5)","background-image":"","background-repeat":"repeat","background-position":"center center","background-size":"auto","background-attachment":"scroll","background-type":"","background-media":"","overlay-type":"","overlay-color":"","overlay-gradient":""},"tablet":{"background-color":"var(--ast-global-color-5)","background-image":"","background-repeat":"repeat","background-position":"center center","background-size":"auto","background-attachment":"scroll","background-type":"","background-media":"","overlay-type":"","overlay-color":"","overlay-gradient":""},"mobile":{"background-color":"var(--ast-global-color-5)","background-image":"","background-repeat":"repeat","background-position":"center center","background-size":"auto","background-attachment":"scroll","background-type":"","background-media":"","overlay-type":"","overlay-color":"","overlay-gradient":""}},"footnotes":""},"categories":[19166,82,2428,1302],"tags":[238530,5608,7573,12259,749,82902],"class_list":["post-146200","post","type-post","status-publish","format-standard","hentry","category-alicante","category-ciencias-economicas","category-investigacion-operativa-en-la-empresa","category-organizacion-y-gestion-de-empresas","tag-carrasco-arias-francisco-javier","tag-enrique-castello-munoz","tag-enrique-claver-cortes","tag-francisco-tarrago-sabate","tag-lopez-moreno-marcial-jesus","tag-maria-reyes-gonzalez-ramirez"],"_links":{"self":[{"href":"https:\/\/www.deberes.net\/tesis\/wp-json\/wp\/v2\/posts\/146200","targetHints":{"allow":["GET"]}}],"collection":[{"href":"https:\/\/www.deberes.net\/tesis\/wp-json\/wp\/v2\/posts"}],"about":[{"href":"https:\/\/www.deberes.net\/tesis\/wp-json\/wp\/v2\/types\/post"}],"author":[{"embeddable":true,"href":"https:\/\/www.deberes.net\/tesis\/wp-json\/wp\/v2\/users\/1"}],"replies":[{"embeddable":true,"href":"https:\/\/www.deberes.net\/tesis\/wp-json\/wp\/v2\/comments?post=146200"}],"version-history":[{"count":0,"href":"https:\/\/www.deberes.net\/tesis\/wp-json\/wp\/v2\/posts\/146200\/revisions"}],"wp:attachment":[{"href":"https:\/\/www.deberes.net\/tesis\/wp-json\/wp\/v2\/media?parent=146200"}],"wp:term":[{"taxonomy":"category","embeddable":true,"href":"https:\/\/www.deberes.net\/tesis\/wp-json\/wp\/v2\/categories?post=146200"},{"taxonomy":"post_tag","embeddable":true,"href":"https:\/\/www.deberes.net\/tesis\/wp-json\/wp\/v2\/tags?post=146200"}],"curies":[{"name":"wp","href":"https:\/\/api.w.org\/{rel}","templated":true}]}}