{"id":146233,"date":"1994-01-01T00:00:00","date_gmt":"1994-01-01T00:00:00","guid":{"rendered":"https:\/\/www.deberes.net\/tesis\/sin-categoria\/viajes-y-accion-politica-del-intendente-carlos-beramendi\/"},"modified":"1994-01-01T00:00:00","modified_gmt":"1994-01-01T00:00:00","slug":"viajes-y-accion-politica-del-intendente-carlos-beramendi","status":"publish","type":"post","link":"https:\/\/www.deberes.net\/tesis\/historia\/viajes-y-accion-politica-del-intendente-carlos-beramendi\/","title":{"rendered":"Viajes y accion politica del intendente carlos beramendi."},"content":{"rendered":"<h2>Tesis doctoral de <strong> Emilio Soler Pascual <\/strong><\/h2>\n<p>El final del reinado de carlos iii, reinado de reformas decisivas en espa\u00f1a; la revolucion francesa y su nueva concepcion del mundo; carlos iv y su inseparable godoy; la satelizacion de espa\u00f1a por francia; la guerra de la independencia; la constitucion de cadiz; la espa\u00f1a ilustrada y liberal frente a la ancestral y conservadora; el absolutismo fernandino; los pronunciamientos militares; la incipiente masoneria; el trienio constitucional; la decada absolutista&#8230; Esta es la espa\u00f1a que le toco vivir a carlos beramendi, personaje secundario de nuestra historia: funcionario de la secretaria de hacienda, viajero durante seis a\u00f1os por espa\u00f1a, intendente del ejercito, hacendista, historiador, poeta, liberal, desterrado, mason, exiliado, consul y olvidado. Esta es la vida de carlos beramendi. Olvidado protagonista de la generacion de 1808.<\/p>\n<p>&nbsp;<\/p>\n<h3>Datos acad\u00e9micos de la tesis doctoral \u00ab<strong>Viajes y accion politica del intendente carlos beramendi.<\/strong>\u00ab<\/h3>\n<ul>\n<li><strong>T\u00edtulo de la tesis:<\/strong>\u00a0 Viajes y accion politica del intendente carlos beramendi. <\/li>\n<li><strong>Autor:<\/strong>\u00a0 Emilio Soler Pascual <\/li>\n<li><strong>Universidad:<\/strong>\u00a0 Alicante<\/li>\n<li><strong>Fecha de lectura de la tesis:<\/strong>\u00a0 01\/01\/1994<\/li>\n<\/ul>\n<p>&nbsp;<\/p>\n<h3>Direcci\u00f3n y tribunal<\/h3>\n<ul>\n<li><strong>Director de la tesis<\/strong>\n<ul>\n<li>Enrique Gim\u00e9nez L\u00f3pez<\/li>\n<\/ul>\n<\/li>\n<li><strong>Tribunal<\/strong>\n<ul>\n<li>Presidente del tribunal: Antonio Ramos  Hidalgo <\/li>\n<li>Francisco Javier Guillamon Alvarez (vocal)<\/li>\n<li>Salvador Forner Mu\u00f1oz (vocal)<\/li>\n<li>Salvador Almernar Palau (vocal)<\/li>\n<\/ul>\n<\/li>\n<\/ul>\n<p>&nbsp;<\/p>\n","protected":false},"excerpt":{"rendered":"<p>Tesis doctoral de Emilio Soler Pascual El final del reinado de carlos iii, reinado de reformas decisivas en espa\u00f1a; la [&hellip;]<\/p>\n","protected":false},"author":1,"featured_media":0,"comment_status":"open","ping_status":"open","sticky":false,"template":"","format":"standard","meta":{"site-sidebar-layout":"default","site-content-layout":"","ast-site-content-layout":"","site-content-style":"default","site-sidebar-style":"default","ast-global-header-display":"","ast-banner-title-visibility":"","ast-main-header-display":"","ast-hfb-above-header-display":"","ast-hfb-below-header-display":"","ast-hfb-mobile-header-display":"","site-post-title":"","ast-breadcrumbs-content":"","ast-featured-img":"","footer-sml-layout":"","theme-transparent-header-meta":"","adv-header-id-meta":"","stick-header-meta":"","header-above-stick-meta":"","header-main-stick-meta":"","header-below-stick-meta":"","astra-migrate-meta-layouts":"default","ast-page-background-enabled":"default","ast-page-background-meta":{"desktop":{"background-color":"var(--ast-global-color-4)","background-image":"","background-repeat":"repeat","background-position":"center center","background-size":"auto","background-attachment":"scroll","background-type":"","background-media":"","overlay-type":"","overlay-color":"","overlay-gradient":""},"tablet":{"background-color":"","background-image":"","background-repeat":"repeat","background-position":"center center","background-size":"auto","background-attachment":"scroll","background-type":"","background-media":"","overlay-type":"","overlay-color":"","overlay-gradient":""},"mobile":{"background-color":"","background-image":"","background-repeat":"repeat","background-position":"center center","background-size":"auto","background-attachment":"scroll","background-type":"","background-media":"","overlay-type":"","overlay-color":"","overlay-gradient":""}},"ast-content-background-meta":{"desktop":{"background-color":"var(--ast-global-color-5)","background-image":"","background-repeat":"repeat","background-position":"center center","background-size":"auto","background-attachment":"scroll","background-type":"","background-media":"","overlay-type":"","overlay-color":"","overlay-gradient":""},"tablet":{"background-color":"var(--ast-global-color-5)","background-image":"","background-repeat":"repeat","background-position":"center center","background-size":"auto","background-attachment":"scroll","background-type":"","background-media":"","overlay-type":"","overlay-color":"","overlay-gradient":""},"mobile":{"background-color":"var(--ast-global-color-5)","background-image":"","background-repeat":"repeat","background-position":"center center","background-size":"auto","background-attachment":"scroll","background-type":"","background-media":"","overlay-type":"","overlay-color":"","overlay-gradient":""}},"footnotes":""},"categories":[19166,104,989,220],"tags":[53217,145352,4940,7985,261148,3731],"class_list":["post-146233","post","type-post","status-publish","format-standard","hentry","category-alicante","category-historia","category-historia-moderna","category-historia-por-epocas","tag-antonio-ramos-hidalgo","tag-emilio-soler-pascual","tag-enrique-gimenez-lopez","tag-francisco-javier-guillamon-alvarez","tag-salvador-almernar-palau","tag-salvador-forner-munoz"],"_links":{"self":[{"href":"https:\/\/www.deberes.net\/tesis\/wp-json\/wp\/v2\/posts\/146233","targetHints":{"allow":["GET"]}}],"collection":[{"href":"https:\/\/www.deberes.net\/tesis\/wp-json\/wp\/v2\/posts"}],"about":[{"href":"https:\/\/www.deberes.net\/tesis\/wp-json\/wp\/v2\/types\/post"}],"author":[{"embeddable":true,"href":"https:\/\/www.deberes.net\/tesis\/wp-json\/wp\/v2\/users\/1"}],"replies":[{"embeddable":true,"href":"https:\/\/www.deberes.net\/tesis\/wp-json\/wp\/v2\/comments?post=146233"}],"version-history":[{"count":0,"href":"https:\/\/www.deberes.net\/tesis\/wp-json\/wp\/v2\/posts\/146233\/revisions"}],"wp:attachment":[{"href":"https:\/\/www.deberes.net\/tesis\/wp-json\/wp\/v2\/media?parent=146233"}],"wp:term":[{"taxonomy":"category","embeddable":true,"href":"https:\/\/www.deberes.net\/tesis\/wp-json\/wp\/v2\/categories?post=146233"},{"taxonomy":"post_tag","embeddable":true,"href":"https:\/\/www.deberes.net\/tesis\/wp-json\/wp\/v2\/tags?post=146233"}],"curies":[{"name":"wp","href":"https:\/\/api.w.org\/{rel}","templated":true}]}}