{"id":14624,"date":"2018-03-09T09:01:24","date_gmt":"2018-03-09T09:01:24","guid":{"rendered":"https:\/\/www.deberes.net\/tesis\/sin-categoria\/factores-pronosticos-de-mortalidad-en-parada-cardiorrespiratoria-extrahospitalaria\/"},"modified":"2018-03-09T09:01:24","modified_gmt":"2018-03-09T09:01:24","slug":"factores-pronosticos-de-mortalidad-en-parada-cardiorrespiratoria-extrahospitalaria","status":"publish","type":"post","link":"https:\/\/www.deberes.net\/tesis\/ciencias-medicas\/factores-pronosticos-de-mortalidad-en-parada-cardiorrespiratoria-extrahospitalaria\/","title":{"rendered":"Factores pron\u00f3sticos de mortalidad en parada cardiorrespiratoria extrahospitalaria"},"content":{"rendered":"<h2>Tesis doctoral de <strong>  Le\u00f3n Miranda M. Dolores <\/strong><\/h2>\n<p>Objetivos  general: determinar los factores pron\u00f3sticos de mortalidad en la parada cardiorrespiratoria atendida por los equipos de emergencias del 061 en adnaluc\u00eda.  espec\u00edficos: 1,- estudio de la supervivencia de la parada cardiorrespiratoria extrahospitalaria atendias por el 061 de andaluc\u00eda.2,- an\u00e1lisis de los eslabones de la cadena de supervivencia en nuestra comunidad.  metadolog\u00eda  m\u00e9todo estad\u00edstico: estudio observacional retrospectivo desde enero 1998 hasta diciembre 1999 a 1950 paradas cardiorrespiratorias extrahospitalarias pcre atendidas por los equipos de emergencia de andaluc\u00eda. Se han tomado como variables independientes (predictoras) las definidas en el estilo utstein, previamente categorizadas y como variable dependiente (resultado) la mortalidad extrahospitalaria. En el an\u00e1lisis descriptivo, las variables cuantitativas se definieron como media y desviaci\u00f3n est\u00e1ndar y las categ\u00f3ricas, mediante distribuci\u00f3n percentual. En el an\u00e1lisis univariante, se relacion\u00f3 la mortalidad con cada una de las variables predictoras de forma independiente y se utiliz\u00f3 el test de \u00abchi-cuadrado\u00bb para variables categ\u00f3ricas y la \u00abt de student\u00bb para las continuas, considerando que hab\u00eda significaci\u00f3n estad\u00edstica cuando el error alfa era&lt;0,05. Se determin\u00f3 un modelo multivariado mediante regresi\u00f3n log\u00edstica para identificar aquellos factores que pueden predecir un modo conjunto la mortalidad. Para la calibraci\u00f3n del modelo, utilizamos el test de hosmer-lemeshow con chi-cuadrado de 0,020, grados de libertad 8 y p=0,43. Para la discriminaci\u00f3n del modelo calculamos valores de sensibilidad, especificidad, predictivo positivo y negativo y el \u00e1rea bajo la curva roc que fue de 0,894.  m\u00e9todo bibliogr\u00e1fico: base de datos (cd-rom a\u00f1os 1989-2001) y b\u00fasqueda directa en repertorios (internacionales y nacionales).  resultados  incidencia pcre atendida por los ee 061 en andaluc\u00eda es de 27\/100.000. nuestra poblaci\u00f3n o m<\/p>\n<p>&nbsp;<\/p>\n<h3>Datos acad\u00e9micos de la tesis doctoral \u00ab<strong>Factores pron\u00f3sticos de mortalidad en parada cardiorrespiratoria extrahospitalaria<\/strong>\u00ab<\/h3>\n<ul>\n<li><strong>T\u00edtulo de la tesis:<\/strong>\u00a0 Factores pron\u00f3sticos de mortalidad en parada cardiorrespiratoria extrahospitalaria <\/li>\n<li><strong>Autor:<\/strong>\u00a0  Le\u00f3n Miranda M. Dolores <\/li>\n<li><strong>Universidad:<\/strong>\u00a0 Granada<\/li>\n<li><strong>Fecha de lectura de la tesis:<\/strong>\u00a0 17\/12\/2001<\/li>\n<\/ul>\n<p>&nbsp;<\/p>\n<h3>Direcci\u00f3n y tribunal<\/h3>\n<ul>\n<li><strong>Director de la tesis<\/strong>\n<ul>\n<li>Francisco Javier Gomez Jimenez<\/li>\n<\/ul>\n<\/li>\n<li><strong>Tribunal<\/strong>\n<ul>\n<li>Presidente del tribunal: jose De la higuera torres-puchol <\/li>\n<li>constantino Tormo calades (vocal)<\/li>\n<li>Emilio Mart\u00ednez de victoria mu\u00f1oz (vocal)<\/li>\n<li>Jes\u00fas Andr\u00e9s Alvarez fernandez (vocal)<\/li>\n<\/ul>\n<\/li>\n<\/ul>\n<p>&nbsp;<\/p>\n","protected":false},"excerpt":{"rendered":"<p>Tesis doctoral de Le\u00f3n Miranda M. Dolores Objetivos general: determinar los factores pron\u00f3sticos de mortalidad en la parada cardiorrespiratoria atendida [&hellip;]<\/p>\n","protected":false},"author":1,"featured_media":0,"comment_status":"open","ping_status":"open","sticky":false,"template":"","format":"standard","meta":{"site-sidebar-layout":"default","site-content-layout":"","ast-site-content-layout":"","site-content-style":"default","site-sidebar-style":"default","ast-global-header-display":"","ast-banner-title-visibility":"","ast-main-header-display":"","ast-hfb-above-header-display":"","ast-hfb-below-header-display":"","ast-hfb-mobile-header-display":"","site-post-title":"","ast-breadcrumbs-content":"","ast-featured-img":"","footer-sml-layout":"","theme-transparent-header-meta":"","adv-header-id-meta":"","stick-header-meta":"","header-above-stick-meta":"","header-main-stick-meta":"","header-below-stick-meta":"","astra-migrate-meta-layouts":"default","ast-page-background-enabled":"default","ast-page-background-meta":{"desktop":{"background-color":"var(--ast-global-color-4)","background-image":"","background-repeat":"repeat","background-position":"center center","background-size":"auto","background-attachment":"scroll","background-type":"","background-media":"","overlay-type":"","overlay-color":"","overlay-gradient":""},"tablet":{"background-color":"","background-image":"","background-repeat":"repeat","background-position":"center center","background-size":"auto","background-attachment":"scroll","background-type":"","background-media":"","overlay-type":"","overlay-color":"","overlay-gradient":""},"mobile":{"background-color":"","background-image":"","background-repeat":"repeat","background-position":"center center","background-size":"auto","background-attachment":"scroll","background-type":"","background-media":"","overlay-type":"","overlay-color":"","overlay-gradient":""}},"ast-content-background-meta":{"desktop":{"background-color":"var(--ast-global-color-5)","background-image":"","background-repeat":"repeat","background-position":"center center","background-size":"auto","background-attachment":"scroll","background-type":"","background-media":"","overlay-type":"","overlay-color":"","overlay-gradient":""},"tablet":{"background-color":"var(--ast-global-color-5)","background-image":"","background-repeat":"repeat","background-position":"center center","background-size":"auto","background-attachment":"scroll","background-type":"","background-media":"","overlay-type":"","overlay-color":"","overlay-gradient":""},"mobile":{"background-color":"var(--ast-global-color-5)","background-image":"","background-repeat":"repeat","background-position":"center center","background-size":"auto","background-attachment":"scroll","background-type":"","background-media":"","overlay-type":"","overlay-color":"","overlay-gradient":""}},"footnotes":""},"categories":[932,9,139],"tags":[46991,3551,46990,46992,3915,46989],"class_list":["post-14624","post","type-post","status-publish","format-standard","hentry","category-cardiologia","category-ciencias-medicas","category-medicina-interna","tag-constantino-tormo-calades","tag-emilio-Martinez-de-victoria-munoz","tag-francisco-javier-gomez-jimenez","tag-jesus-andres-alvarez-fernandez","tag-jose-de-la-higuera-torres-puchol","tag-leon-miranda-m-dolores"],"_links":{"self":[{"href":"https:\/\/www.deberes.net\/tesis\/wp-json\/wp\/v2\/posts\/14624","targetHints":{"allow":["GET"]}}],"collection":[{"href":"https:\/\/www.deberes.net\/tesis\/wp-json\/wp\/v2\/posts"}],"about":[{"href":"https:\/\/www.deberes.net\/tesis\/wp-json\/wp\/v2\/types\/post"}],"author":[{"embeddable":true,"href":"https:\/\/www.deberes.net\/tesis\/wp-json\/wp\/v2\/users\/1"}],"replies":[{"embeddable":true,"href":"https:\/\/www.deberes.net\/tesis\/wp-json\/wp\/v2\/comments?post=14624"}],"version-history":[{"count":0,"href":"https:\/\/www.deberes.net\/tesis\/wp-json\/wp\/v2\/posts\/14624\/revisions"}],"wp:attachment":[{"href":"https:\/\/www.deberes.net\/tesis\/wp-json\/wp\/v2\/media?parent=14624"}],"wp:term":[{"taxonomy":"category","embeddable":true,"href":"https:\/\/www.deberes.net\/tesis\/wp-json\/wp\/v2\/categories?post=14624"},{"taxonomy":"post_tag","embeddable":true,"href":"https:\/\/www.deberes.net\/tesis\/wp-json\/wp\/v2\/tags?post=14624"}],"curies":[{"name":"wp","href":"https:\/\/api.w.org\/{rel}","templated":true}]}}