{"id":146270,"date":"1994-01-01T00:00:00","date_gmt":"1994-01-01T00:00:00","guid":{"rendered":"https:\/\/www.deberes.net\/tesis\/sin-categoria\/la-cuestion-nacional-en-espana-analisis-comparado-de-la-ideologia-y-discurso-regionalista-en-cataluna-y-extremadura\/"},"modified":"1994-01-01T00:00:00","modified_gmt":"1994-01-01T00:00:00","slug":"la-cuestion-nacional-en-espana-analisis-comparado-de-la-ideologia-y-discurso-regionalista-en-cataluna-y-extremadura","status":"publish","type":"post","link":"https:\/\/www.deberes.net\/tesis\/historia\/la-cuestion-nacional-en-espana-analisis-comparado-de-la-ideologia-y-discurso-regionalista-en-cataluna-y-extremadura\/","title":{"rendered":"La cuestion nacional en espa\u00f1a. analisis comparado de la ideolog\u00eda y discurso regionalista en catalu\u00f1a y extremadura."},"content":{"rendered":"<h2>Tesis doctoral de <strong> Juan Sanchez Gonzalez <\/strong><\/h2>\n<p>Ensayo metodologico sobre algunas de las manifestaciones del regionalismo en espa\u00f1a comparando el regionalismo catalan (cambo) con el extreme\u00f1o (lopez prudencio), ejemplo este ultimo del mimetismo que el movimiento regionalista provoca en el interior. La metodolog\u00eda empleada parte de presupuestos teoricos del profesor de las heras y resulta un instrumento muy adecuado para el estudio de las ideolog\u00edas y mentalidades.<\/p>\n<p>&nbsp;<\/p>\n<h3>Datos acad\u00e9micos de la tesis doctoral \u00ab<strong>La cuestion nacional en espa\u00f1a. analisis comparado de la ideolog\u00eda y discurso regionalista en catalu\u00f1a y extremadura.<\/strong>\u00ab<\/h3>\n<ul>\n<li><strong>T\u00edtulo de la tesis:<\/strong>\u00a0 La cuestion nacional en espa\u00f1a. analisis comparado de la ideolog\u00eda y discurso regionalista en catalu\u00f1a y extremadura. <\/li>\n<li><strong>Autor:<\/strong>\u00a0 Juan Sanchez Gonzalez <\/li>\n<li><strong>Universidad:<\/strong>\u00a0 Extremadura<\/li>\n<li><strong>Fecha de lectura de la tesis:<\/strong>\u00a0 01\/01\/1994<\/li>\n<\/ul>\n<p>&nbsp;<\/p>\n<h3>Direcci\u00f3n y tribunal<\/h3>\n<ul>\n<li><strong>Director de la tesis<\/strong>\n<ul>\n<li>Antonio Rodriguez De Las Heras P\u00e9rez<\/li>\n<\/ul>\n<\/li>\n<li><strong>Tribunal<\/strong>\n<ul>\n<li>Presidente del tribunal: Octavio Ruiz-manj\u00f3n Cabeza <\/li>\n<li> De Juan a Lopez Jes\u00fas (vocal)<\/li>\n<li>Jordi Cassasas Ymbert (vocal)<\/li>\n<li>Fernando S\u00e1nchez Marroyo (vocal)<\/li>\n<\/ul>\n<\/li>\n<\/ul>\n<p>&nbsp;<\/p>\n","protected":false},"excerpt":{"rendered":"<p>Tesis doctoral de Juan Sanchez Gonzalez Ensayo metodologico sobre algunas de las manifestaciones del regionalismo en espa\u00f1a comparando el regionalismo [&hellip;]<\/p>\n","protected":false},"author":1,"featured_media":0,"comment_status":"open","ping_status":"open","sticky":false,"template":"","format":"standard","meta":{"site-sidebar-layout":"default","site-content-layout":"","ast-site-content-layout":"","site-content-style":"default","site-sidebar-style":"default","ast-global-header-display":"","ast-banner-title-visibility":"","ast-main-header-display":"","ast-hfb-above-header-display":"","ast-hfb-below-header-display":"","ast-hfb-mobile-header-display":"","site-post-title":"","ast-breadcrumbs-content":"","ast-featured-img":"","footer-sml-layout":"","theme-transparent-header-meta":"","adv-header-id-meta":"","stick-header-meta":"","header-above-stick-meta":"","header-main-stick-meta":"","header-below-stick-meta":"","astra-migrate-meta-layouts":"default","ast-page-background-enabled":"default","ast-page-background-meta":{"desktop":{"background-color":"var(--ast-global-color-4)","background-image":"","background-repeat":"repeat","background-position":"center center","background-size":"auto","background-attachment":"scroll","background-type":"","background-media":"","overlay-type":"","overlay-color":"","overlay-gradient":""},"tablet":{"background-color":"","background-image":"","background-repeat":"repeat","background-position":"center center","background-size":"auto","background-attachment":"scroll","background-type":"","background-media":"","overlay-type":"","overlay-color":"","overlay-gradient":""},"mobile":{"background-color":"","background-image":"","background-repeat":"repeat","background-position":"center center","background-size":"auto","background-attachment":"scroll","background-type":"","background-media":"","overlay-type":"","overlay-color":"","overlay-gradient":""}},"ast-content-background-meta":{"desktop":{"background-color":"var(--ast-global-color-5)","background-image":"","background-repeat":"repeat","background-position":"center center","background-size":"auto","background-attachment":"scroll","background-type":"","background-media":"","overlay-type":"","overlay-color":"","overlay-gradient":""},"tablet":{"background-color":"var(--ast-global-color-5)","background-image":"","background-repeat":"repeat","background-position":"center center","background-size":"auto","background-attachment":"scroll","background-type":"","background-media":"","overlay-type":"","overlay-color":"","overlay-gradient":""},"mobile":{"background-color":"var(--ast-global-color-5)","background-image":"","background-repeat":"repeat","background-position":"center center","background-size":"auto","background-attachment":"scroll","background-type":"","background-media":"","overlay-type":"","overlay-color":"","overlay-gradient":""}},"footnotes":""},"categories":[949,104,353,3538,220,222],"tags":[25270,26420,36792,233155,63614,6900],"class_list":["post-146270","post","type-post","status-publish","format-standard","hentry","category-extremadura","category-historia","category-historia-contemporanea-del-area-europea","category-historia-de-las-ideas-politicas","category-historia-por-epocas","category-historias-especializadas","tag-antonio-rodriguez-de-las-heras-perez","tag-de-juan-a-lopez-jesus","tag-fernando-sanchez-marroyo","tag-jordi-cassasas-ymbert","tag-juan-sanchez-gonzalez","tag-octavio-ruiz-manjon-cabeza"],"_links":{"self":[{"href":"https:\/\/www.deberes.net\/tesis\/wp-json\/wp\/v2\/posts\/146270","targetHints":{"allow":["GET"]}}],"collection":[{"href":"https:\/\/www.deberes.net\/tesis\/wp-json\/wp\/v2\/posts"}],"about":[{"href":"https:\/\/www.deberes.net\/tesis\/wp-json\/wp\/v2\/types\/post"}],"author":[{"embeddable":true,"href":"https:\/\/www.deberes.net\/tesis\/wp-json\/wp\/v2\/users\/1"}],"replies":[{"embeddable":true,"href":"https:\/\/www.deberes.net\/tesis\/wp-json\/wp\/v2\/comments?post=146270"}],"version-history":[{"count":0,"href":"https:\/\/www.deberes.net\/tesis\/wp-json\/wp\/v2\/posts\/146270\/revisions"}],"wp:attachment":[{"href":"https:\/\/www.deberes.net\/tesis\/wp-json\/wp\/v2\/media?parent=146270"}],"wp:term":[{"taxonomy":"category","embeddable":true,"href":"https:\/\/www.deberes.net\/tesis\/wp-json\/wp\/v2\/categories?post=146270"},{"taxonomy":"post_tag","embeddable":true,"href":"https:\/\/www.deberes.net\/tesis\/wp-json\/wp\/v2\/tags?post=146270"}],"curies":[{"name":"wp","href":"https:\/\/api.w.org\/{rel}","templated":true}]}}