{"id":14635,"date":"2018-03-09T09:01:24","date_gmt":"2018-03-09T09:01:24","guid":{"rendered":"https:\/\/www.deberes.net\/tesis\/sin-categoria\/la-redefinicion-de-cuba-en-el-sistema-internacional-en-la-decada-de-los-90\/"},"modified":"2018-03-09T09:01:24","modified_gmt":"2018-03-09T09:01:24","slug":"la-redefinicion-de-cuba-en-el-sistema-internacional-en-la-decada-de-los-90","status":"publish","type":"post","link":"https:\/\/www.deberes.net\/tesis\/historia\/la-redefinicion-de-cuba-en-el-sistema-internacional-en-la-decada-de-los-90\/","title":{"rendered":"La redefinici\u00f3n de cuba en el sistema internacional en la decada de los 90"},"content":{"rendered":"<h2>Tesis doctoral de <strong> Raquel Mart\u00ednez-g\u00f3mez L\u00f3pez <\/strong><\/h2>\n<p>En la d\u00e9cada de los noventa, la transformaci\u00f3n del sistema internacional condicion\u00f3 el lugar de cuba en el mundo. Tras la desmembraci\u00f3n del bloque del este y la disoluci\u00f3n de la uni\u00f3n sovi\u00e9tica, la p\u00e9rdida de v\u00ednculos con sus antiguos socios condujo a cuba a una fuerte crisis que tuvo que superar introduciendo cambios significativos en los rasgos de su modelo interno y externo. \u00e9Stos le permitieron tejer una amplia red de apoyos bilaterales y multilaterales que contribuyeron a evitar el aislamiento internacional. La redefinici\u00f3n de sus relaciones exteriores modific\u00f3 el contexto de v\u00ednculos econ\u00f3micos y pol\u00edticos que hab\u00eda mantenido, m\u00e1s o menos de forma estable, tras treinta a\u00f1os de revoluci\u00f3n. En la d\u00e9cada de los noventa, las posibilidades de cuba en un marco de referencia internacional marcado por el endurecimiento de la pol\u00edtica de embargo de ee.Uu. Pasaron por las reformas econ\u00f3micas internas que facilitaron su relaci\u00f3n con am\u00e9rica latina y caribe, la uni\u00f3n europea y canad\u00e1. Pero la isla tambi\u00e9n continu\u00f3 en su b\u00fasqueda de apoyos pol\u00edticos entre los pa\u00edses socialistas asi\u00e1ticos y el resto de tercer mundo. Aunque su redefinici\u00f3n impidi\u00f3 su marginaci\u00f3n internacional, para llegar a una situaci\u00f3n de verdadera normalidad, todav\u00eda tendr\u00e1 que superar algunos factores adversos.<\/p>\n<p>&nbsp;<\/p>\n<h3>Datos acad\u00e9micos de la tesis doctoral \u00ab<strong>La redefinici\u00f3n de cuba en el sistema internacional en la decada de los 90<\/strong>\u00ab<\/h3>\n<ul>\n<li><strong>T\u00edtulo de la tesis:<\/strong>\u00a0 La redefinici\u00f3n de cuba en el sistema internacional en la decada de los 90 <\/li>\n<li><strong>Autor:<\/strong>\u00a0 Raquel Mart\u00ednez-g\u00f3mez L\u00f3pez <\/li>\n<li><strong>Universidad:<\/strong>\u00a0 Complutense de Madrid<\/li>\n<li><strong>Fecha de lectura de la tesis:<\/strong>\u00a0 17\/12\/2001<\/li>\n<\/ul>\n<p>&nbsp;<\/p>\n<h3>Direcci\u00f3n y tribunal<\/h3>\n<ul>\n<li><strong>Director de la tesis<\/strong>\n<ul>\n<li> Sotillo Lorenzo Jos\u00e9 Angel<\/li>\n<\/ul>\n<\/li>\n<li><strong>Tribunal<\/strong>\n<ul>\n<li>Presidente del tribunal: roberto Mesa garrido <\/li>\n<li>irene Rodr\u00edguez manzano (vocal)<\/li>\n<li>gustavo Palomares lerma (vocal)<\/li>\n<li>caterina Garcia segura (vocal)<\/li>\n<\/ul>\n<\/li>\n<\/ul>\n<p>&nbsp;<\/p>\n","protected":false},"excerpt":{"rendered":"<p>Tesis doctoral de Raquel Mart\u00ednez-g\u00f3mez L\u00f3pez En la d\u00e9cada de los noventa, la transformaci\u00f3n del sistema internacional condicion\u00f3 el lugar [&hellip;]<\/p>\n","protected":false},"author":1,"featured_media":0,"comment_status":"open","ping_status":"open","sticky":false,"template":"","format":"standard","meta":{"site-sidebar-layout":"default","site-content-layout":"","ast-site-content-layout":"","site-content-style":"default","site-sidebar-style":"default","ast-global-header-display":"","ast-banner-title-visibility":"","ast-main-header-display":"","ast-hfb-above-header-display":"","ast-hfb-below-header-display":"","ast-hfb-mobile-header-display":"","site-post-title":"","ast-breadcrumbs-content":"","ast-featured-img":"","footer-sml-layout":"","theme-transparent-header-meta":"","adv-header-id-meta":"","stick-header-meta":"","header-above-stick-meta":"","header-main-stick-meta":"","header-below-stick-meta":"","astra-migrate-meta-layouts":"default","ast-page-background-enabled":"default","ast-page-background-meta":{"desktop":{"background-color":"var(--ast-global-color-4)","background-image":"","background-repeat":"repeat","background-position":"center center","background-size":"auto","background-attachment":"scroll","background-type":"","background-media":"","overlay-type":"","overlay-color":"","overlay-gradient":""},"tablet":{"background-color":"","background-image":"","background-repeat":"repeat","background-position":"center center","background-size":"auto","background-attachment":"scroll","background-type":"","background-media":"","overlay-type":"","overlay-color":"","overlay-gradient":""},"mobile":{"background-color":"","background-image":"","background-repeat":"repeat","background-position":"center center","background-size":"auto","background-attachment":"scroll","background-type":"","background-media":"","overlay-type":"","overlay-color":"","overlay-gradient":""}},"ast-content-background-meta":{"desktop":{"background-color":"var(--ast-global-color-5)","background-image":"","background-repeat":"repeat","background-position":"center center","background-size":"auto","background-attachment":"scroll","background-type":"","background-media":"","overlay-type":"","overlay-color":"","overlay-gradient":""},"tablet":{"background-color":"var(--ast-global-color-5)","background-image":"","background-repeat":"repeat","background-position":"center center","background-size":"auto","background-attachment":"scroll","background-type":"","background-media":"","overlay-type":"","overlay-color":"","overlay-gradient":""},"mobile":{"background-color":"var(--ast-global-color-5)","background-image":"","background-repeat":"repeat","background-position":"center center","background-size":"auto","background-attachment":"scroll","background-type":"","background-media":"","overlay-type":"","overlay-color":"","overlay-gradient":""}},"footnotes":""},"categories":[838,104,15343,222,4073],"tags":[23663,5828,47017,47016,4619,44492],"class_list":["post-14635","post","type-post","status-publish","format-standard","hentry","category-ciencia-politica","category-historia","category-historia-de-las-relaciones-internacionales","category-historias-especializadas","category-relaciones-internacionales","tag-caterina-garcia-segura","tag-gustavo-palomares-lerma","tag-irene-rodriguez-manzano","tag-raquel-Martinez-gomez-lopez","tag-roberto-mesa-garrido","tag-sotillo-lorenzo-jose-angel"],"_links":{"self":[{"href":"https:\/\/www.deberes.net\/tesis\/wp-json\/wp\/v2\/posts\/14635","targetHints":{"allow":["GET"]}}],"collection":[{"href":"https:\/\/www.deberes.net\/tesis\/wp-json\/wp\/v2\/posts"}],"about":[{"href":"https:\/\/www.deberes.net\/tesis\/wp-json\/wp\/v2\/types\/post"}],"author":[{"embeddable":true,"href":"https:\/\/www.deberes.net\/tesis\/wp-json\/wp\/v2\/users\/1"}],"replies":[{"embeddable":true,"href":"https:\/\/www.deberes.net\/tesis\/wp-json\/wp\/v2\/comments?post=14635"}],"version-history":[{"count":0,"href":"https:\/\/www.deberes.net\/tesis\/wp-json\/wp\/v2\/posts\/14635\/revisions"}],"wp:attachment":[{"href":"https:\/\/www.deberes.net\/tesis\/wp-json\/wp\/v2\/media?parent=14635"}],"wp:term":[{"taxonomy":"category","embeddable":true,"href":"https:\/\/www.deberes.net\/tesis\/wp-json\/wp\/v2\/categories?post=14635"},{"taxonomy":"post_tag","embeddable":true,"href":"https:\/\/www.deberes.net\/tesis\/wp-json\/wp\/v2\/tags?post=14635"}],"curies":[{"name":"wp","href":"https:\/\/api.w.org\/{rel}","templated":true}]}}