{"id":146501,"date":"1994-01-01T00:00:00","date_gmt":"1994-01-01T00:00:00","guid":{"rendered":"https:\/\/www.deberes.net\/tesis\/sin-categoria\/memorias-del-siglo-xix-1875-1914-como-fuente-de-informacion-linguistica-y-literaria\/"},"modified":"1994-01-01T00:00:00","modified_gmt":"1994-01-01T00:00:00","slug":"memorias-del-siglo-xix-1875-1914-como-fuente-de-informacion-linguistica-y-literaria","status":"publish","type":"post","link":"https:\/\/www.deberes.net\/tesis\/ciencias-de-las-artes-y-las-letras\/memorias-del-siglo-xix-1875-1914-como-fuente-de-informacion-linguistica-y-literaria\/","title":{"rendered":"Memorias del siglo xix (1875-1914) como fuente de informacion linguistica y literaria"},"content":{"rendered":"<h2>Tesis doctoral de <strong> Aurora Mateos Montero <\/strong><\/h2>\n<p>Se pretende rellenar un hueco en los estudios sobre la literatura autobiografica espa\u00f1ola. Se trata del estudio de las memorias espa\u00f1olas publicadas entre los a\u00f1os de 1875 y 1914, con un corpus de 54 titulos. Se articula el trabajo en cinco capitulos y dos apendices. En el primer capitulo se pasa revista a las teorias actuales sobre el genero con el fin de contrastarlas con la opinion de los hombres del xix. En el segundo, se elabora una historia de las memorias decimononicas: tras una comparacion entre las publicadas antes de 1875 y las que constituyen el corpus, se pasa a su clasificacion y caracterizacion. Los capitulos siguientes se centran en la descripcion de los textos: primero se hace un analisis de la forma de las memorias (el discurso memorialistico) y a continuacion se aborda la descripcion del contenido (la materia narrativo) presentada por temas. Algunos de los temas han servido para la reconstruccion de la vida literaria del s. Xix en espa\u00f1a. En el cap. 5 y en el apendice titulado diccionario de terminos marcados, se recogen los comentarios de los memorialistas acerca del uso de la lengua de su epoca, especialmente acerca de la vida de las palabras. El ultimo apendice presenta en forma de tabla los datos cronologicos de creaccion, publicacion y reedicion de las memorias.<\/p>\n<p>&nbsp;<\/p>\n<h3>Datos acad\u00e9micos de la tesis doctoral \u00ab<strong>Memorias del siglo xix (1875-1914) como fuente de informacion linguistica y literaria<\/strong>\u00ab<\/h3>\n<ul>\n<li><strong>T\u00edtulo de la tesis:<\/strong>\u00a0 Memorias del siglo xix (1875-1914) como fuente de informacion linguistica y literaria <\/li>\n<li><strong>Autor:<\/strong>\u00a0 Aurora Mateos Montero <\/li>\n<li><strong>Universidad:<\/strong>\u00a0 Barcelona<\/li>\n<li><strong>Fecha de lectura de la tesis:<\/strong>\u00a0 01\/01\/1994<\/li>\n<\/ul>\n<p>&nbsp;<\/p>\n<h3>Direcci\u00f3n y tribunal<\/h3>\n<ul>\n<li><strong>Director de la tesis<\/strong>\n<ul>\n<li>M. Paz Battaner Arias<\/li>\n<\/ul>\n<\/li>\n<li><strong>Tribunal<\/strong>\n<ul>\n<li>Presidente del tribunal: Albert Blecua Perdices <\/li>\n<li>Pilar Gomez Bedate (vocal)<\/li>\n<li>Juan Gutierrez Cuadrado (vocal)<\/li>\n<li>Antonio Mendoza Fillola (vocal)<\/li>\n<\/ul>\n<\/li>\n<\/ul>\n<p>&nbsp;<\/p>\n","protected":false},"excerpt":{"rendered":"<p>Tesis doctoral de Aurora Mateos Montero Se pretende rellenar un hueco en los estudios sobre la literatura autobiografica espa\u00f1ola. Se [&hellip;]<\/p>\n","protected":false},"author":1,"featured_media":0,"comment_status":"open","ping_status":"open","sticky":false,"template":"","format":"standard","meta":{"site-sidebar-layout":"default","site-content-layout":"","ast-site-content-layout":"","site-content-style":"default","site-sidebar-style":"default","ast-global-header-display":"","ast-banner-title-visibility":"","ast-main-header-display":"","ast-hfb-above-header-display":"","ast-hfb-below-header-display":"","ast-hfb-mobile-header-display":"","site-post-title":"","ast-breadcrumbs-content":"","ast-featured-img":"","footer-sml-layout":"","theme-transparent-header-meta":"","adv-header-id-meta":"","stick-header-meta":"","header-above-stick-meta":"","header-main-stick-meta":"","header-below-stick-meta":"","astra-migrate-meta-layouts":"default","ast-page-background-enabled":"default","ast-page-background-meta":{"desktop":{"background-color":"var(--ast-global-color-4)","background-image":"","background-repeat":"repeat","background-position":"center center","background-size":"auto","background-attachment":"scroll","background-type":"","background-media":"","overlay-type":"","overlay-color":"","overlay-gradient":""},"tablet":{"background-color":"","background-image":"","background-repeat":"repeat","background-position":"center center","background-size":"auto","background-attachment":"scroll","background-type":"","background-media":"","overlay-type":"","overlay-color":"","overlay-gradient":""},"mobile":{"background-color":"","background-image":"","background-repeat":"repeat","background-position":"center center","background-size":"auto","background-attachment":"scroll","background-type":"","background-media":"","overlay-type":"","overlay-color":"","overlay-gradient":""}},"ast-content-background-meta":{"desktop":{"background-color":"var(--ast-global-color-5)","background-image":"","background-repeat":"repeat","background-position":"center center","background-size":"auto","background-attachment":"scroll","background-type":"","background-media":"","overlay-type":"","overlay-color":"","overlay-gradient":""},"tablet":{"background-color":"var(--ast-global-color-5)","background-image":"","background-repeat":"repeat","background-position":"center center","background-size":"auto","background-attachment":"scroll","background-type":"","background-media":"","overlay-type":"","overlay-color":"","overlay-gradient":""},"mobile":{"background-color":"var(--ast-global-color-5)","background-image":"","background-repeat":"repeat","background-position":"center center","background-size":"auto","background-attachment":"scroll","background-type":"","background-media":"","overlay-type":"","overlay-color":"","overlay-gradient":""}},"footnotes":""},"categories":[951,147,2965,628],"tags":[1365,19750,261428,5102,19749,37791],"class_list":["post-146501","post","type-post","status-publish","format-standard","hentry","category-barcelona","category-ciencias-de-las-artes-y-las-letras","category-estilo-y-estetica-literarios","category-teoria-analisis-y-critica-literarios","tag-albert-blecua-perdices","tag-antonio-mendoza-fillola","tag-aurora-mateos-montero","tag-juan-gutierrez-cuadrado","tag-m-paz-battaner-arias","tag-pilar-gomez-bedate"],"_links":{"self":[{"href":"https:\/\/www.deberes.net\/tesis\/wp-json\/wp\/v2\/posts\/146501","targetHints":{"allow":["GET"]}}],"collection":[{"href":"https:\/\/www.deberes.net\/tesis\/wp-json\/wp\/v2\/posts"}],"about":[{"href":"https:\/\/www.deberes.net\/tesis\/wp-json\/wp\/v2\/types\/post"}],"author":[{"embeddable":true,"href":"https:\/\/www.deberes.net\/tesis\/wp-json\/wp\/v2\/users\/1"}],"replies":[{"embeddable":true,"href":"https:\/\/www.deberes.net\/tesis\/wp-json\/wp\/v2\/comments?post=146501"}],"version-history":[{"count":0,"href":"https:\/\/www.deberes.net\/tesis\/wp-json\/wp\/v2\/posts\/146501\/revisions"}],"wp:attachment":[{"href":"https:\/\/www.deberes.net\/tesis\/wp-json\/wp\/v2\/media?parent=146501"}],"wp:term":[{"taxonomy":"category","embeddable":true,"href":"https:\/\/www.deberes.net\/tesis\/wp-json\/wp\/v2\/categories?post=146501"},{"taxonomy":"post_tag","embeddable":true,"href":"https:\/\/www.deberes.net\/tesis\/wp-json\/wp\/v2\/tags?post=146501"}],"curies":[{"name":"wp","href":"https:\/\/api.w.org\/{rel}","templated":true}]}}