{"id":14665,"date":"2018-03-09T09:01:27","date_gmt":"2018-03-09T09:01:27","guid":{"rendered":"https:\/\/www.deberes.net\/tesis\/sin-categoria\/generacion-proteasomica-de-ligandos-naturales-de-hla-b27-y-modulacion-del-repertorio-pepta%c2%addico-por-posibles-factores-patogeneticos\/"},"modified":"2018-03-09T09:01:27","modified_gmt":"2018-03-09T09:01:27","slug":"generacion-proteasomica-de-ligandos-naturales-de-hla-b27-y-modulacion-del-repertorio-pepta%c2%addico-por-posibles-factores-patogeneticos","status":"publish","type":"post","link":"https:\/\/www.deberes.net\/tesis\/ciencias-de-la-vida\/generacion-proteasomica-de-ligandos-naturales-de-hla-b27-y-modulacion-del-repertorio-pepta%c2%addico-por-posibles-factores-patogeneticos\/","title":{"rendered":"Generaci\u00f3n proteas\u00f3mica de ligandos naturales de hla-b27 y modulaci\u00f3n del repertorio pept\u00eddico por posibles factores patogen\u00e9ticos"},"content":{"rendered":"<h2>Tesis doctoral de <strong> I\u00f1aki \u00e1lvarez P\u00e9rez <\/strong><\/h2>\n<p>Hla-b27 es una mol\u00e9cula de clase i con una relevancia adicional por estar fuertemente ligada a un conjunto de enfermedades, denomiadas gen\u00e9ricamente espondiloartropat\u00edas. Al menos algunas de estas enfermedades, como la artritis reactiva, se desencadenan tras la infecci\u00f3n con determinados pat\u00f3genos intracelulares, entre los que se encuentra salmonella typhimurium. Se ha estudiado como se modula el repertorio pept\u00eddico unido a hla-b27 en c\u00e9lulas linfoides infectadas por s.Typhimurium. Se ha visto que este pat\u00f3geno penetra en dichas c\u00e9lulas pero no se reproduce en su interior. Adem\u00e1s, la expresi\u00f3n en superficie de hla-b27 no afecta a la invaci\u00f3n por s.Typhimurium. Finalmente, un an\u00e1lisis sistem\u00e1tico por espectrometr\u00eda de masas indic\u00f3 que la invasi\u00f3n de c\u00e9lulas linfoides por s.Typhimurium no modifica en gran medida el repertorio pept\u00eddico unido a hla-b27.  la ciste\u00edna 67 es una caracter\u00edstica estructural casi espec\u00edfica de hla-b27 y es altamente reactiva. Se ha implicado este residuo en la formaci\u00f3n de homod\u00edmeros de cadena pesada y en el misfolding de hla-b27. Se ha estudiado el papel de dicho residuo en la biolog\u00eda de hla-b27, mediante el an\u00e1lisis de un mutante en el que se hab\u00eda sustituido la cys67 por ser67. El an\u00e1lisis del mutante por citofluor\u00edmetr\u00eda con diversos anticuerpos monoclonales indicaron una menor estabilidad de hla-f27 en superficie frente a la mol\u00e9cula salvaje. Adem\u00e1s un estudio exhaustivo por espectrometr\u00eda de masas de los repertorios pept\u00eddicos unidos a hla-b*2705 y al mutante c67s revel\u00f3 un alto grado de solapamiento pept\u00eddico, pero el muntante perd\u00eda la capacidad de unir un 15% de los p\u00e9ptidos que se un\u00edan a hla-b*2705 y ganaba la capacidad de unir un porcentaje similar de nuevos p\u00e9ptidos. Se confirm\u00f3 por primera vez la uni\u00f3n de p\u00e9ptidos que perd\u00edan el residuos can\u00f3nico arg2 a hla-b*2705, uniendo p\u00e9ptidos con gln2. El mutante uni\u00f3 un p\u00e9ptido con lys2, lo que parece indicar u<\/p>\n<p>&nbsp;<\/p>\n<h3>Datos acad\u00e9micos de la tesis doctoral \u00ab<strong>Generaci\u00f3n proteas\u00f3mica de ligandos naturales de hla-b27 y modulaci\u00f3n del repertorio pept\u00eddico por posibles factores patogen\u00e9ticos<\/strong>\u00ab<\/h3>\n<ul>\n<li><strong>T\u00edtulo de la tesis:<\/strong>\u00a0 Generaci\u00f3n proteas\u00f3mica de ligandos naturales de hla-b27 y modulaci\u00f3n del repertorio pept\u00eddico por posibles factores patogen\u00e9ticos <\/li>\n<li><strong>Autor:<\/strong>\u00a0 I\u00f1aki \u00e1lvarez P\u00e9rez <\/li>\n<li><strong>Universidad:<\/strong>\u00a0 Aut\u00f3noma de Madrid<\/li>\n<li><strong>Fecha de lectura de la tesis:<\/strong>\u00a0 17\/12\/2001<\/li>\n<\/ul>\n<p>&nbsp;<\/p>\n<h3>Direcci\u00f3n y tribunal<\/h3>\n<ul>\n<li><strong>Director de la tesis<\/strong>\n<ul>\n<li>Jos\u00e9 Antonio L\u00f3pez De Castro<\/li>\n<\/ul>\n<\/li>\n<li><strong>Tribunal<\/strong>\n<ul>\n<li>Presidente del tribunal: manuel Ort\u00edz de land\u00e1zuri busca <\/li>\n<li>Juan  pablo Albar ramirez (vocal)<\/li>\n<li> Ant\u00f3n canto Luis Carlos (vocal)<\/li>\n<li>Francisco Garcia del portillo (vocal)<\/li>\n<\/ul>\n<\/li>\n<\/ul>\n<p>&nbsp;<\/p>\n","protected":false},"excerpt":{"rendered":"<p>Tesis doctoral de I\u00f1aki \u00e1lvarez P\u00e9rez Hla-b27 es una mol\u00e9cula de clase i con una relevancia adicional por estar fuertemente [&hellip;]<\/p>\n","protected":false},"author":1,"featured_media":0,"comment_status":"open","ping_status":"open","sticky":false,"template":"","format":"standard","meta":{"site-sidebar-layout":"default","site-content-layout":"","ast-site-content-layout":"","site-content-style":"default","site-sidebar-style":"default","ast-global-header-display":"","ast-banner-title-visibility":"","ast-main-header-display":"","ast-hfb-above-header-display":"","ast-hfb-below-header-display":"","ast-hfb-mobile-header-display":"","site-post-title":"","ast-breadcrumbs-content":"","ast-featured-img":"","footer-sml-layout":"","theme-transparent-header-meta":"","adv-header-id-meta":"","stick-header-meta":"","header-above-stick-meta":"","header-main-stick-meta":"","header-below-stick-meta":"","astra-migrate-meta-layouts":"default","ast-page-background-enabled":"default","ast-page-background-meta":{"desktop":{"background-color":"var(--ast-global-color-4)","background-image":"","background-repeat":"repeat","background-position":"center center","background-size":"auto","background-attachment":"scroll","background-type":"","background-media":"","overlay-type":"","overlay-color":"","overlay-gradient":""},"tablet":{"background-color":"","background-image":"","background-repeat":"repeat","background-position":"center center","background-size":"auto","background-attachment":"scroll","background-type":"","background-media":"","overlay-type":"","overlay-color":"","overlay-gradient":""},"mobile":{"background-color":"","background-image":"","background-repeat":"repeat","background-position":"center center","background-size":"auto","background-attachment":"scroll","background-type":"","background-media":"","overlay-type":"","overlay-color":"","overlay-gradient":""}},"ast-content-background-meta":{"desktop":{"background-color":"var(--ast-global-color-5)","background-image":"","background-repeat":"repeat","background-position":"center center","background-size":"auto","background-attachment":"scroll","background-type":"","background-media":"","overlay-type":"","overlay-color":"","overlay-gradient":""},"tablet":{"background-color":"var(--ast-global-color-5)","background-image":"","background-repeat":"repeat","background-position":"center center","background-size":"auto","background-attachment":"scroll","background-type":"","background-media":"","overlay-type":"","overlay-color":"","overlay-gradient":""},"mobile":{"background-color":"var(--ast-global-color-5)","background-image":"","background-repeat":"repeat","background-position":"center center","background-size":"auto","background-attachment":"scroll","background-type":"","background-media":"","overlay-type":"","overlay-color":"","overlay-gradient":""}},"footnotes":""},"categories":[1738,35,1737],"tags":[47110,22864,47108,6520,47109,4670],"class_list":["post-14665","post","type-post","status-publish","format-standard","hentry","category-antigenos","category-ciencias-de-la-vida","category-inmunologia","tag-anton-canto-luis-carlos","tag-francisco-garcia-del-portillo","tag-inaki-alvarez-perez","tag-jose-antonio-lopez-de-castro","tag-juan-pablo-albar-ramirez","tag-manuel-ortiz-de-landazuri-busca"],"_links":{"self":[{"href":"https:\/\/www.deberes.net\/tesis\/wp-json\/wp\/v2\/posts\/14665","targetHints":{"allow":["GET"]}}],"collection":[{"href":"https:\/\/www.deberes.net\/tesis\/wp-json\/wp\/v2\/posts"}],"about":[{"href":"https:\/\/www.deberes.net\/tesis\/wp-json\/wp\/v2\/types\/post"}],"author":[{"embeddable":true,"href":"https:\/\/www.deberes.net\/tesis\/wp-json\/wp\/v2\/users\/1"}],"replies":[{"embeddable":true,"href":"https:\/\/www.deberes.net\/tesis\/wp-json\/wp\/v2\/comments?post=14665"}],"version-history":[{"count":0,"href":"https:\/\/www.deberes.net\/tesis\/wp-json\/wp\/v2\/posts\/14665\/revisions"}],"wp:attachment":[{"href":"https:\/\/www.deberes.net\/tesis\/wp-json\/wp\/v2\/media?parent=14665"}],"wp:term":[{"taxonomy":"category","embeddable":true,"href":"https:\/\/www.deberes.net\/tesis\/wp-json\/wp\/v2\/categories?post=14665"},{"taxonomy":"post_tag","embeddable":true,"href":"https:\/\/www.deberes.net\/tesis\/wp-json\/wp\/v2\/tags?post=14665"}],"curies":[{"name":"wp","href":"https:\/\/api.w.org\/{rel}","templated":true}]}}