{"id":14677,"date":"2018-03-09T09:01:28","date_gmt":"2018-03-09T09:01:28","guid":{"rendered":"https:\/\/www.deberes.net\/tesis\/sin-categoria\/modelo-de-comportamiento-de-placa-alineadora\/"},"modified":"2018-03-09T09:01:28","modified_gmt":"2018-03-09T09:01:28","slug":"modelo-de-comportamiento-de-placa-alineadora","status":"publish","type":"post","link":"https:\/\/www.deberes.net\/tesis\/ciencias-tecnologicas\/modelo-de-comportamiento-de-placa-alineadora\/","title":{"rendered":"Modelo de comportamiento de placa alineadora"},"content":{"rendered":"<h2>Tesis doctoral de <strong> Bel\u00e9n Mu\u00f1oz Abella <\/strong><\/h2>\n<p>Uno de los puntos que se revisa actualmente en las estaciones de itv es el estado del sistema de direcci\u00f3n del veh\u00edculo y, para evaluar el buen funcionamiento de este sistema se utiliza un dispositivo denominado placa alineadora o alineador al paso. Se trata de una placa de acero que puede moverse transversalmente a la direcci\u00f3n de movimiento del veh\u00edculo, en funci\u00f3n de las fuerzas laterales que ejercen las ruedas.  se propone un modelo de comportamiento de placa alineadora novedoso basado en la medida de esfuerzos, en lugar de medida de esfuerzos como se hace actualmente, y el c\u00e1lculo de un coeficiente de adherencia l\u00edmite de rechazo del sistema de direcci\u00f3n del veh\u00edculo.  se ha demostrado que el esfuerzo lateral en la zona de contacto depende tanto de los \u00e1ngulos de la direcci\u00f3n como de la carga que ejerce la masa suspendida del veh\u00edculo.  se ha dise\u00f1ado una placa prototipo, basada en la medici\u00f3n de fuerzas longitudinales transversales y verticales, con el fin de validar el modelo te\u00f3rico desarrollado, y evaluar su utilizaci\u00f3n como nuevo procedimiento de verificaci\u00f3n del sistema de direcci\u00f3n del veh\u00edculo en las estaciones de itv.<\/p>\n<p>&nbsp;<\/p>\n<h3>Datos acad\u00e9micos de la tesis doctoral \u00ab<strong>Modelo de comportamiento de placa alineadora<\/strong>\u00ab<\/h3>\n<ul>\n<li><strong>T\u00edtulo de la tesis:<\/strong>\u00a0 Modelo de comportamiento de placa alineadora <\/li>\n<li><strong>Autor:<\/strong>\u00a0 Bel\u00e9n Mu\u00f1oz Abella <\/li>\n<li><strong>Universidad:<\/strong>\u00a0 Carlos III de Madrid<\/li>\n<li><strong>Fecha de lectura de la tesis:<\/strong>\u00a0 17\/12\/2001<\/li>\n<\/ul>\n<p>&nbsp;<\/p>\n<h3>Direcci\u00f3n y tribunal<\/h3>\n<ul>\n<li><strong>Director de la tesis<\/strong>\n<ul>\n<li>Vicente Diaz Lopez<\/li>\n<\/ul>\n<\/li>\n<li><strong>Tribunal<\/strong>\n<ul>\n<li>Presidente del tribunal: julio Fuentes losa <\/li>\n<li>Fernando L\u00f3pez mart\u00ednez (vocal)<\/li>\n<li> Garc\u00eda prada Juan  Carlos (vocal)<\/li>\n<li>Emilio Velasco s\u00e1nchez (vocal)<\/li>\n<\/ul>\n<\/li>\n<\/ul>\n<p>&nbsp;<\/p>\n","protected":false},"excerpt":{"rendered":"<p>Tesis doctoral de Bel\u00e9n Mu\u00f1oz Abella Uno de los puntos que se revisa actualmente en las estaciones de itv es [&hellip;]<\/p>\n","protected":false},"author":1,"featured_media":0,"comment_status":"open","ping_status":"open","sticky":false,"template":"","format":"standard","meta":{"site-sidebar-layout":"default","site-content-layout":"","ast-site-content-layout":"","site-content-style":"default","site-sidebar-style":"default","ast-global-header-display":"","ast-banner-title-visibility":"","ast-main-header-display":"","ast-hfb-above-header-display":"","ast-hfb-below-header-display":"","ast-hfb-mobile-header-display":"","site-post-title":"","ast-breadcrumbs-content":"","ast-featured-img":"","footer-sml-layout":"","theme-transparent-header-meta":"","adv-header-id-meta":"","stick-header-meta":"","header-above-stick-meta":"","header-main-stick-meta":"","header-below-stick-meta":"","astra-migrate-meta-layouts":"default","ast-page-background-enabled":"default","ast-page-background-meta":{"desktop":{"background-color":"var(--ast-global-color-4)","background-image":"","background-repeat":"repeat","background-position":"center center","background-size":"auto","background-attachment":"scroll","background-type":"","background-media":"","overlay-type":"","overlay-color":"","overlay-gradient":""},"tablet":{"background-color":"","background-image":"","background-repeat":"repeat","background-position":"center center","background-size":"auto","background-attachment":"scroll","background-type":"","background-media":"","overlay-type":"","overlay-color":"","overlay-gradient":""},"mobile":{"background-color":"","background-image":"","background-repeat":"repeat","background-position":"center center","background-size":"auto","background-attachment":"scroll","background-type":"","background-media":"","overlay-type":"","overlay-color":"","overlay-gradient":""}},"ast-content-background-meta":{"desktop":{"background-color":"var(--ast-global-color-5)","background-image":"","background-repeat":"repeat","background-position":"center center","background-size":"auto","background-attachment":"scroll","background-type":"","background-media":"","overlay-type":"","overlay-color":"","overlay-gradient":""},"tablet":{"background-color":"var(--ast-global-color-5)","background-image":"","background-repeat":"repeat","background-position":"center center","background-size":"auto","background-attachment":"scroll","background-type":"","background-media":"","overlay-type":"","overlay-color":"","overlay-gradient":""},"mobile":{"background-color":"var(--ast-global-color-5)","background-image":"","background-repeat":"repeat","background-position":"center center","background-size":"auto","background-attachment":"scroll","background-type":"","background-media":"","overlay-type":"","overlay-color":"","overlay-gradient":""}},"footnotes":""},"categories":[18550,332,47137,10480],"tags":[47138,47139,16625,16596,16376,16377],"class_list":["post-14677","post","type-post","status-publish","format-standard","hentry","category-carlos-iii-de-madrid","category-ciencias-tecnologicas","category-mantenimiento-de-vehiculos-de-transporte-a-motor","category-tecnologia-de-vehiculos-de-motor","tag-belen-munoz-abella","tag-emilio-velasco-sanchez","tag-fernando-lopez-Martinez","tag-garcia-prada-juan-carlos","tag-julio-fuentes-losa","tag-vicente-diaz-lopez"],"_links":{"self":[{"href":"https:\/\/www.deberes.net\/tesis\/wp-json\/wp\/v2\/posts\/14677","targetHints":{"allow":["GET"]}}],"collection":[{"href":"https:\/\/www.deberes.net\/tesis\/wp-json\/wp\/v2\/posts"}],"about":[{"href":"https:\/\/www.deberes.net\/tesis\/wp-json\/wp\/v2\/types\/post"}],"author":[{"embeddable":true,"href":"https:\/\/www.deberes.net\/tesis\/wp-json\/wp\/v2\/users\/1"}],"replies":[{"embeddable":true,"href":"https:\/\/www.deberes.net\/tesis\/wp-json\/wp\/v2\/comments?post=14677"}],"version-history":[{"count":0,"href":"https:\/\/www.deberes.net\/tesis\/wp-json\/wp\/v2\/posts\/14677\/revisions"}],"wp:attachment":[{"href":"https:\/\/www.deberes.net\/tesis\/wp-json\/wp\/v2\/media?parent=14677"}],"wp:term":[{"taxonomy":"category","embeddable":true,"href":"https:\/\/www.deberes.net\/tesis\/wp-json\/wp\/v2\/categories?post=14677"},{"taxonomy":"post_tag","embeddable":true,"href":"https:\/\/www.deberes.net\/tesis\/wp-json\/wp\/v2\/tags?post=14677"}],"curies":[{"name":"wp","href":"https:\/\/api.w.org\/{rel}","templated":true}]}}