{"id":14702,"date":"2018-03-09T09:01:31","date_gmt":"2018-03-09T09:01:31","guid":{"rendered":"https:\/\/www.deberes.net\/tesis\/sin-categoria\/cambio-contable-y-relaciones-contractuales-el-caso-de-los-almacenes-aga%c2%bcera-1770-1835\/"},"modified":"2018-03-09T09:01:31","modified_gmt":"2018-03-09T09:01:31","slug":"cambio-contable-y-relaciones-contractuales-el-caso-de-los-almacenes-aga%c2%bcera-1770-1835","status":"publish","type":"post","link":"https:\/\/www.deberes.net\/tesis\/ciencias-economicas\/cambio-contable-y-relaciones-contractuales-el-caso-de-los-almacenes-aga%c2%bcera-1770-1835\/","title":{"rendered":"Cambio contable y relaciones contractuales: el caso de los almacenes aguera (1770-1835)"},"content":{"rendered":"<h2>Tesis doctoral de <strong>  Capelo Bernal M. Dolores <\/strong><\/h2>\n<p>Este trabajo ha consistido en el estudio de caso del material primario perteneciente a una empresa de propiedad familiar, establecida en c\u00e1diz desde 1770 y dedicada al comercio al por mayor de productos ultramarinos. el objetivo principal del mismo ha consistido en estudiar el proceso de cambio contable y el empleo de la contabilidad en un entorno cultural en el que la interpretaci\u00f3n de lo que es un negocio y c\u00f3mo se ha de dirigir no coincide con la concepci\u00f3n actual. Con tal fin, se ha descrito el sistema contable de la organizaci\u00f3n considerada -el almac\u00e9n central- y se han discutido las evidencias encontradas atendiendo a la literatura sobre contratos relacionales y la perspectiva sociol\u00f3gica de la teor\u00eda institucional. Asimismo, se ha atendido al contexto hist\u00f3rico al que pertenec\u00eda el establecimiento estudiado.  del an\u00e1lisis del material primario a partir de los marcos te\u00f3ricos se\u00f1alados se han extra\u00eddo las siguientes conclusiones:  1\u00c2\u00ba,- la institucionalizaci\u00f3n de la creencia respecto a la mayor racionalidad de la partida doble result\u00f3 afectada por los marcos cognoscitivos de organizaciones como el almac\u00e9n central, donde \u00e9stos funcionaron como la forma m\u00e1s fuerte de control, m\u00e1s r\u00e1pido y efectivo incluso que las presiones ejercidas por el entorno a trav\u00e9s de mecanismos coercitivos como los contenidos en el c\u00f3digo de comercio de 1829.  2\u00c2\u00ba,- la confianza y la desconfianza se muestran como aspectos que afectan a los requerimientos contables impuestos a la gesti\u00f3n, as\u00ed como se ven afectados por la sobresatisfacci\u00f3n e insatisfacci\u00f3n de los mismos por parte de \u00e9sta. Adem\u00e1s, se sugiere la utilizaci\u00f3n de la contabilidad como arma de presi\u00f3n utilizada por los gestores en sus relaciones con los propietarios. por \u00faltimo, se pone de manifiesto el efecto conjunto de la desconfianza y la contabilidad, observ\u00e1ndose que en una relaci\u00f3n donde predomina la desconfianza, si la informaci\u00f3n contable no aporta garant\u00ed<\/p>\n<p>&nbsp;<\/p>\n<h3>Datos acad\u00e9micos de la tesis doctoral \u00ab<strong>Cambio contable y relaciones contractuales: el caso de los almacenes aguera (1770-1835)<\/strong>\u00ab<\/h3>\n<ul>\n<li><strong>T\u00edtulo de la tesis:<\/strong>\u00a0 Cambio contable y relaciones contractuales: el caso de los almacenes aguera (1770-1835) <\/li>\n<li><strong>Autor:<\/strong>\u00a0  Capelo Bernal M. Dolores <\/li>\n<li><strong>Universidad:<\/strong>\u00a0 C\u00e1diz<\/li>\n<li><strong>Fecha de lectura de la tesis:<\/strong>\u00a0 18\/12\/2001<\/li>\n<\/ul>\n<p>&nbsp;<\/p>\n<h3>Direcci\u00f3n y tribunal<\/h3>\n<ul>\n<li><strong>Director de la tesis<\/strong>\n<ul>\n<li>dardet Espejo \u00e1lvarez<\/li>\n<\/ul>\n<\/li>\n<li><strong>Tribunal<\/strong>\n<ul>\n<li>Presidente del tribunal: Francisco Carrasco fenech <\/li>\n<li>Mar\u00eda Luisa V\u00e9lez elorza (vocal)<\/li>\n<li>macario Camara de la fuente (vocal)<\/li>\n<li>Fernando Guti\u00e9rrez hidalgo (vocal)<\/li>\n<\/ul>\n<\/li>\n<\/ul>\n<p>&nbsp;<\/p>\n","protected":false},"excerpt":{"rendered":"<p>Tesis doctoral de Capelo Bernal M. Dolores Este trabajo ha consistido en el estudio de caso del material primario perteneciente [&hellip;]<\/p>\n","protected":false},"author":1,"featured_media":0,"comment_status":"open","ping_status":"open","sticky":false,"template":"","format":"standard","meta":{"site-sidebar-layout":"default","site-content-layout":"","ast-site-content-layout":"","site-content-style":"default","site-sidebar-style":"default","ast-global-header-display":"","ast-banner-title-visibility":"","ast-main-header-display":"","ast-hfb-above-header-display":"","ast-hfb-below-header-display":"","ast-hfb-mobile-header-display":"","site-post-title":"","ast-breadcrumbs-content":"","ast-featured-img":"","footer-sml-layout":"","theme-transparent-header-meta":"","adv-header-id-meta":"","stick-header-meta":"","header-above-stick-meta":"","header-main-stick-meta":"","header-below-stick-meta":"","astra-migrate-meta-layouts":"default","ast-page-background-enabled":"default","ast-page-background-meta":{"desktop":{"background-color":"var(--ast-global-color-4)","background-image":"","background-repeat":"repeat","background-position":"center center","background-size":"auto","background-attachment":"scroll","background-type":"","background-media":"","overlay-type":"","overlay-color":"","overlay-gradient":""},"tablet":{"background-color":"","background-image":"","background-repeat":"repeat","background-position":"center center","background-size":"auto","background-attachment":"scroll","background-type":"","background-media":"","overlay-type":"","overlay-color":"","overlay-gradient":""},"mobile":{"background-color":"","background-image":"","background-repeat":"repeat","background-position":"center center","background-size":"auto","background-attachment":"scroll","background-type":"","background-media":"","overlay-type":"","overlay-color":"","overlay-gradient":""}},"ast-content-background-meta":{"desktop":{"background-color":"var(--ast-global-color-5)","background-image":"","background-repeat":"repeat","background-position":"center center","background-size":"auto","background-attachment":"scroll","background-type":"","background-media":"","overlay-type":"","overlay-color":"","overlay-gradient":""},"tablet":{"background-color":"var(--ast-global-color-5)","background-image":"","background-repeat":"repeat","background-position":"center center","background-size":"auto","background-attachment":"scroll","background-type":"","background-media":"","overlay-type":"","overlay-color":"","overlay-gradient":""},"mobile":{"background-color":"var(--ast-global-color-5)","background-image":"","background-repeat":"repeat","background-position":"center center","background-size":"auto","background-attachment":"scroll","background-type":"","background-media":"","overlay-type":"","overlay-color":"","overlay-gradient":""}},"footnotes":""},"categories":[1506,82,1697,104,438,222,269,270],"tags":[47211,47212,47214,19155,19154,47213],"class_list":["post-14702","post","type-post","status-publish","format-standard","hentry","category-cadiz","category-ciencias-economicas","category-contabilidad-economica","category-historia","category-historia-de-la-economia","category-historias-especializadas","category-sociologia","category-sociologia-general","tag-capelo-bernal-m-dolores","tag-dardet-espejo-alvarez","tag-fernando-gutierrez-hidalgo","tag-francisco-carrasco-fenech","tag-macario-camara-de-la-fuente","tag-maria-luisa-velez-elorza"],"_links":{"self":[{"href":"https:\/\/www.deberes.net\/tesis\/wp-json\/wp\/v2\/posts\/14702","targetHints":{"allow":["GET"]}}],"collection":[{"href":"https:\/\/www.deberes.net\/tesis\/wp-json\/wp\/v2\/posts"}],"about":[{"href":"https:\/\/www.deberes.net\/tesis\/wp-json\/wp\/v2\/types\/post"}],"author":[{"embeddable":true,"href":"https:\/\/www.deberes.net\/tesis\/wp-json\/wp\/v2\/users\/1"}],"replies":[{"embeddable":true,"href":"https:\/\/www.deberes.net\/tesis\/wp-json\/wp\/v2\/comments?post=14702"}],"version-history":[{"count":0,"href":"https:\/\/www.deberes.net\/tesis\/wp-json\/wp\/v2\/posts\/14702\/revisions"}],"wp:attachment":[{"href":"https:\/\/www.deberes.net\/tesis\/wp-json\/wp\/v2\/media?parent=14702"}],"wp:term":[{"taxonomy":"category","embeddable":true,"href":"https:\/\/www.deberes.net\/tesis\/wp-json\/wp\/v2\/categories?post=14702"},{"taxonomy":"post_tag","embeddable":true,"href":"https:\/\/www.deberes.net\/tesis\/wp-json\/wp\/v2\/tags?post=14702"}],"curies":[{"name":"wp","href":"https:\/\/api.w.org\/{rel}","templated":true}]}}