{"id":14758,"date":"2018-03-09T09:01:35","date_gmt":"2018-03-09T09:01:35","guid":{"rendered":"https:\/\/www.deberes.net\/tesis\/sin-categoria\/la-configuracion-de-la-frontera-centro-oeste-en-el-proceso-de-constitucion-del-estado-argentino-1850-1902\/"},"modified":"2018-03-09T09:01:35","modified_gmt":"2018-03-09T09:01:35","slug":"la-configuracion-de-la-frontera-centro-oeste-en-el-proceso-de-constitucion-del-estado-argentino-1850-1902","status":"publish","type":"post","link":"https:\/\/www.deberes.net\/tesis\/historia\/la-configuracion-de-la-frontera-centro-oeste-en-el-proceso-de-constitucion-del-estado-argentino-1850-1902\/","title":{"rendered":"La configuracion de la frontera centro-oeste en el proceso de constitucion del estado argentino (1850-1902)"},"content":{"rendered":"<h2>Tesis doctoral de <strong>  Hevilla Gallardo M. Cristina <\/strong><\/h2>\n<p>Los conflictos de l\u00edmites entre argentina y chile han sido una problem\u00e1tica recurrente a lo largo de la historia pol\u00edtica de ambos pa\u00edses y cuyos \u00faltimos vestigios se constatan en los acuerdos sobre los hielos continentales en 1998. Esta tesis analiza el proceso de constituci\u00f3n de la frontera centro-oeste argentino-chilena haciendo referencia, especialmente, a san juan y a los valles andinos e interandinos del sudoeste provincial adyacentes al l\u00edmite internacional, durante el siglo xix. A la vez, proponer una alternativa a las narrativas hegem\u00f3nicas sobre el tema de la frontera divulgadas a trav\u00e9s del sistema educativo (geografia historia).  la tesis fue estructurada en cuatro partes. La primera parte, tuvo como fin revisar las diferentes teor\u00edas en el estudio de la tem\u00e1tica fronteriza desde distintas \u00e1reas del conocimiento (la geografia, la historia y la antropolog\u00eda). El papel de los que hoy es la frontera centro oeste como un eje articulador de las din\u00e1micas econ\u00f3micas, pol\u00edticas y social en el per\u00edodo prehisp\u00e1nico y colonial fue abordado en la segunda parte de la tesis. El proceso de constituci\u00f3n de la frontera como un lugar de desencuentro y de separaci\u00f3n por parte de los grupos dirigentes de argentina y chile fue el argumento que gui\u00f3 la tercera parte de la tesis, durante este proceso se erigi\u00f3 la cordillera de los andes como el \u00ablimite natural\u00bb entre argentina y chile en lo discursivo y en lo material. Finalmente, en la cuarta parte de esta tesis se advirtieron las continuidades y discontinuidades de la frontera centro oeste argentino-chileno como un lugar de encuentro y de desencuentro, tanto desde las estrategias llevadas a cabo por los estados nacionales de estos pa\u00edses y por el estado provincial sanjuanino como tambi\u00e9n desde las acciones de los actores locales.  en este estudio se ha entendido la frontera no s\u00f3lo como parte de la pol\u00edtica de construcci\u00f3n del territorio estatal nacional a lo largo del<\/p>\n<p>&nbsp;<\/p>\n<h3>Datos acad\u00e9micos de la tesis doctoral \u00ab<strong>La configuracion de la frontera centro-oeste en el proceso de constitucion del estado argentino (1850-1902)<\/strong>\u00ab<\/h3>\n<ul>\n<li><strong>T\u00edtulo de la tesis:<\/strong>\u00a0 La configuracion de la frontera centro-oeste en el proceso de constitucion del estado argentino (1850-1902) <\/li>\n<li><strong>Autor:<\/strong>\u00a0  Hevilla Gallardo M. Cristina <\/li>\n<li><strong>Universidad:<\/strong>\u00a0 Barcelona<\/li>\n<li><strong>Fecha de lectura de la tesis:<\/strong>\u00a0 19\/12\/2001<\/li>\n<\/ul>\n<p>&nbsp;<\/p>\n<h3>Direcci\u00f3n y tribunal<\/h3>\n<ul>\n<li><strong>Director de la tesis<\/strong>\n<ul>\n<li>Horacio Capel Saez<\/li>\n<\/ul>\n<\/li>\n<li><strong>Tribunal<\/strong>\n<ul>\n<li>Presidente del tribunal: claudio Esteva fabregat <\/li>\n<li>giraldo Manuel lucena (vocal)<\/li>\n<li>Rafael Mata olmo (vocal)<\/li>\n<li>henneberg Jordi marti (vocal)<\/li>\n<\/ul>\n<\/li>\n<\/ul>\n<p>&nbsp;<\/p>\n","protected":false},"excerpt":{"rendered":"<p>Tesis doctoral de Hevilla Gallardo M. Cristina Los conflictos de l\u00edmites entre argentina y chile han sido una problem\u00e1tica recurrente [&hellip;]<\/p>\n","protected":false},"author":1,"featured_media":0,"comment_status":"open","ping_status":"open","sticky":false,"template":"","format":"standard","meta":{"site-sidebar-layout":"default","site-content-layout":"","ast-site-content-layout":"","site-content-style":"default","site-sidebar-style":"default","ast-global-header-display":"","ast-banner-title-visibility":"","ast-main-header-display":"","ast-hfb-above-header-display":"","ast-hfb-below-header-display":"","ast-hfb-mobile-header-display":"","site-post-title":"","ast-breadcrumbs-content":"","ast-featured-img":"","footer-sml-layout":"","theme-transparent-header-meta":"","adv-header-id-meta":"","stick-header-meta":"","header-above-stick-meta":"","header-main-stick-meta":"","header-below-stick-meta":"","astra-migrate-meta-layouts":"default","ast-page-background-enabled":"default","ast-page-background-meta":{"desktop":{"background-color":"var(--ast-global-color-4)","background-image":"","background-repeat":"repeat","background-position":"center center","background-size":"auto","background-attachment":"scroll","background-type":"","background-media":"","overlay-type":"","overlay-color":"","overlay-gradient":""},"tablet":{"background-color":"","background-image":"","background-repeat":"repeat","background-position":"center center","background-size":"auto","background-attachment":"scroll","background-type":"","background-media":"","overlay-type":"","overlay-color":"","overlay-gradient":""},"mobile":{"background-color":"","background-image":"","background-repeat":"repeat","background-position":"center center","background-size":"auto","background-attachment":"scroll","background-type":"","background-media":"","overlay-type":"","overlay-color":"","overlay-gradient":""}},"ast-content-background-meta":{"desktop":{"background-color":"var(--ast-global-color-5)","background-image":"","background-repeat":"repeat","background-position":"center center","background-size":"auto","background-attachment":"scroll","background-type":"","background-media":"","overlay-type":"","overlay-color":"","overlay-gradient":""},"tablet":{"background-color":"var(--ast-global-color-5)","background-image":"","background-repeat":"repeat","background-position":"center center","background-size":"auto","background-attachment":"scroll","background-type":"","background-media":"","overlay-type":"","overlay-color":"","overlay-gradient":""},"mobile":{"background-color":"var(--ast-global-color-5)","background-image":"","background-repeat":"repeat","background-position":"center center","background-size":"auto","background-attachment":"scroll","background-type":"","background-media":"","overlay-type":"","overlay-color":"","overlay-gradient":""}},"footnotes":""},"categories":[951,1399,16127,104,1816,639,220],"tags":[686,47375,47376,47374,1404,14950],"class_list":["post-14758","post","type-post","status-publish","format-standard","hentry","category-barcelona","category-geografia","category-geografia-historica","category-historia","category-historia-contemporanea","category-historia-de-paises","category-historia-por-epocas","tag-claudio-esteva-fabregat","tag-giraldo-manuel-lucena","tag-henneberg-jordi-marti","tag-hevilla-gallardo-m-cristina","tag-horacio-capel-saez","tag-rafael-mata-olmo"],"_links":{"self":[{"href":"https:\/\/www.deberes.net\/tesis\/wp-json\/wp\/v2\/posts\/14758","targetHints":{"allow":["GET"]}}],"collection":[{"href":"https:\/\/www.deberes.net\/tesis\/wp-json\/wp\/v2\/posts"}],"about":[{"href":"https:\/\/www.deberes.net\/tesis\/wp-json\/wp\/v2\/types\/post"}],"author":[{"embeddable":true,"href":"https:\/\/www.deberes.net\/tesis\/wp-json\/wp\/v2\/users\/1"}],"replies":[{"embeddable":true,"href":"https:\/\/www.deberes.net\/tesis\/wp-json\/wp\/v2\/comments?post=14758"}],"version-history":[{"count":0,"href":"https:\/\/www.deberes.net\/tesis\/wp-json\/wp\/v2\/posts\/14758\/revisions"}],"wp:attachment":[{"href":"https:\/\/www.deberes.net\/tesis\/wp-json\/wp\/v2\/media?parent=14758"}],"wp:term":[{"taxonomy":"category","embeddable":true,"href":"https:\/\/www.deberes.net\/tesis\/wp-json\/wp\/v2\/categories?post=14758"},{"taxonomy":"post_tag","embeddable":true,"href":"https:\/\/www.deberes.net\/tesis\/wp-json\/wp\/v2\/tags?post=14758"}],"curies":[{"name":"wp","href":"https:\/\/api.w.org\/{rel}","templated":true}]}}