{"id":14797,"date":"2018-03-09T09:01:38","date_gmt":"2018-03-09T09:01:38","guid":{"rendered":"https:\/\/www.deberes.net\/tesis\/sin-categoria\/respuesta-de-las-variables-espirometricas-a-broncodilatadores-inhaladdos-en-ninos-sanos-de-7-a-14-anos\/"},"modified":"2018-03-09T09:01:38","modified_gmt":"2018-03-09T09:01:38","slug":"respuesta-de-las-variables-espirometricas-a-broncodilatadores-inhaladdos-en-ninos-sanos-de-7-a-14-anos","status":"publish","type":"post","link":"https:\/\/www.deberes.net\/tesis\/ciencias-medicas\/respuesta-de-las-variables-espirometricas-a-broncodilatadores-inhaladdos-en-ninos-sanos-de-7-a-14-anos\/","title":{"rendered":"Respuesta de las variables espirom\u00e9tricas a broncodilatadores inhaladdos en ni\u00f1os sanos de 7 a 14 a\u00f1os"},"content":{"rendered":"<h2>Tesis doctoral de <strong> Carlos Pardos Mart\u00ednez <\/strong><\/h2>\n<p>Antecedentes  la medida de la respuesta broncodilatadora valora el componente reversible de la obstrucci\u00f3n de las v\u00edas a\u00e9reas. Se acepta que un cambio porcentual del fev1 del 15% respecto al valor inicial o del 9% respecto al te\u00f3rico, son pruebas broncodilatadoras positivas. Las evidencias cient\u00edficas que sustentan estas afirmaciones, son escasas en ni\u00f1os.  objetivo  determinar cual es la broncodilataci\u00f3n m\u00e1xima que se produce en la poblaci\u00f3n sana, sin patolog\u00eda respiratoria, para establecer los rangos que definen una prueba de broncodilataci\u00f3n como positiva.  material y m\u00e9todos  dise\u00f1o  estudio transversal en ni\u00f1os sanos de 7-14 a\u00f1os, no fumadores.  \u00e1mbito  colegios e institutos de la ciudad de huesca.  tama\u00f1o muestral  partiendo de una poblaci\u00f3n de 4272 ni\u00f1os, su c\u00e1lculo se ha realizado mediante la f\u00f3rmula para la estimaci\u00f3n de medias en una poblaci\u00f3n finita. en base a las p\u00e9rdidas posibles por falta de autorizaci\u00f3n, dificultad para la realizaci\u00f3n de la espirometr\u00eda seg\u00fan las normativas ats\/separ y a la preValencia acumulada de ni\u00f1os con s\u00edntomas relacionadas con asma (isaac), la muestra inicial fue de 1000 ni\u00f1os. Los resultados finales se han obtenido sobre 145 ni\u00f1os\/as sanos.  medidas  1,- realizaci\u00f3n de encuesta validada.  2,- espirometr\u00eda forzada pre y postbroncodilataci\u00f3n seg\u00fan la normativa ats, realizada con espir\u00f3metro vitalograph modelo 2120 conectado al software 2170 spirotrac iv. La broncodilataci\u00f3n se realiz\u00f3 a los 15 minutos de inhalar salbutamol en aerosol dosificador presurizado a dosis de 200 microgramos con una c\u00e1mara de inhalaci\u00f3n pedi\u00e1trica. Las variables estudiadas han sido:fvc, fev1, fev1\/fvc, fef25-75%, fef50%, fef75% y pef.  3,- monitorizaci\u00f3n del mon\u00f3xido de carbono respirado con un micro iii somokerlyzer ec50 a los ni\u00f1os de 11-14 a\u00f1os.  an\u00e1lisis estad\u00edstico  1,- para el an\u00e1lisis de la fiabilidad se ha utilizado el an\u00e1lisis gr\u00e1fico de la l\u00ed<\/p>\n<p>&nbsp;<\/p>\n<h3>Datos acad\u00e9micos de la tesis doctoral \u00ab<strong>Respuesta de las variables espirom\u00e9tricas a broncodilatadores inhaladdos en ni\u00f1os sanos de 7 a 14 a\u00f1os<\/strong>\u00ab<\/h3>\n<ul>\n<li><strong>T\u00edtulo de la tesis:<\/strong>\u00a0 Respuesta de las variables espirom\u00e9tricas a broncodilatadores inhaladdos en ni\u00f1os sanos de 7 a 14 a\u00f1os <\/li>\n<li><strong>Autor:<\/strong>\u00a0 Carlos Pardos Mart\u00ednez <\/li>\n<li><strong>Universidad:<\/strong>\u00a0 Zaragoza<\/li>\n<li><strong>Fecha de lectura de la tesis:<\/strong>\u00a0 19\/12\/2001<\/li>\n<\/ul>\n<p>&nbsp;<\/p>\n<h3>Direcci\u00f3n y tribunal<\/h3>\n<ul>\n<li><strong>Director de la tesis<\/strong>\n<ul>\n<li>yarza Gonz\u00e1lez P\u00e9rez<\/li>\n<\/ul>\n<\/li>\n<li><strong>Tribunal<\/strong>\n<ul>\n<li>Presidente del tribunal: jose Bueno g\u00f3mez <\/li>\n<li>Jos\u00e9 Luis Alvarez sala walther (vocal)<\/li>\n<li>Luis vicente Garcia-marcos alvarez (vocal)<\/li>\n<li>pere Casan clara (vocal)<\/li>\n<\/ul>\n<\/li>\n<\/ul>\n<p>&nbsp;<\/p>\n","protected":false},"excerpt":{"rendered":"<p>Tesis doctoral de Carlos Pardos Mart\u00ednez Antecedentes la medida de la respuesta broncodilatadora valora el componente reversible de la obstrucci\u00f3n [&hellip;]<\/p>\n","protected":false},"author":1,"featured_media":0,"comment_status":"open","ping_status":"open","sticky":false,"template":"","format":"standard","meta":{"site-sidebar-layout":"default","site-content-layout":"","ast-site-content-layout":"","site-content-style":"default","site-sidebar-style":"default","ast-global-header-display":"","ast-banner-title-visibility":"","ast-main-header-display":"","ast-hfb-above-header-display":"","ast-hfb-below-header-display":"","ast-hfb-mobile-header-display":"","site-post-title":"","ast-breadcrumbs-content":"","ast-featured-img":"","footer-sml-layout":"","theme-transparent-header-meta":"","adv-header-id-meta":"","stick-header-meta":"","header-above-stick-meta":"","header-main-stick-meta":"","header-below-stick-meta":"","astra-migrate-meta-layouts":"default","ast-page-background-enabled":"default","ast-page-background-meta":{"desktop":{"background-color":"var(--ast-global-color-4)","background-image":"","background-repeat":"repeat","background-position":"center center","background-size":"auto","background-attachment":"scroll","background-type":"","background-media":"","overlay-type":"","overlay-color":"","overlay-gradient":""},"tablet":{"background-color":"","background-image":"","background-repeat":"repeat","background-position":"center center","background-size":"auto","background-attachment":"scroll","background-type":"","background-media":"","overlay-type":"","overlay-color":"","overlay-gradient":""},"mobile":{"background-color":"","background-image":"","background-repeat":"repeat","background-position":"center center","background-size":"auto","background-attachment":"scroll","background-type":"","background-media":"","overlay-type":"","overlay-color":"","overlay-gradient":""}},"ast-content-background-meta":{"desktop":{"background-color":"var(--ast-global-color-5)","background-image":"","background-repeat":"repeat","background-position":"center center","background-size":"auto","background-attachment":"scroll","background-type":"","background-media":"","overlay-type":"","overlay-color":"","overlay-gradient":""},"tablet":{"background-color":"var(--ast-global-color-5)","background-image":"","background-repeat":"repeat","background-position":"center center","background-size":"auto","background-attachment":"scroll","background-type":"","background-media":"","overlay-type":"","overlay-color":"","overlay-gradient":""},"mobile":{"background-color":"var(--ast-global-color-5)","background-image":"","background-repeat":"repeat","background-position":"center center","background-size":"auto","background-attachment":"scroll","background-type":"","background-media":"","overlay-type":"","overlay-color":"","overlay-gradient":""}},"footnotes":""},"categories":[155,9,69,139,161,13610],"tags":[47476,18317,6075,47478,13823,47477],"class_list":["post-14797","post","type-post","status-publish","format-standard","hentry","category-ciencias-clinicas","category-ciencias-medicas","category-enfermedades-pulmonares","category-medicina-interna","category-pediatria","category-zaragoza","tag-carlos-pardos-Martinez","tag-jose-bueno-gomez","tag-jose-luis-alvarez-sala-walther","tag-luis-vicente-garcia-marcos-alvarez","tag-pere-casan-clara","tag-yarza-gonzalez-perez"],"_links":{"self":[{"href":"https:\/\/www.deberes.net\/tesis\/wp-json\/wp\/v2\/posts\/14797","targetHints":{"allow":["GET"]}}],"collection":[{"href":"https:\/\/www.deberes.net\/tesis\/wp-json\/wp\/v2\/posts"}],"about":[{"href":"https:\/\/www.deberes.net\/tesis\/wp-json\/wp\/v2\/types\/post"}],"author":[{"embeddable":true,"href":"https:\/\/www.deberes.net\/tesis\/wp-json\/wp\/v2\/users\/1"}],"replies":[{"embeddable":true,"href":"https:\/\/www.deberes.net\/tesis\/wp-json\/wp\/v2\/comments?post=14797"}],"version-history":[{"count":0,"href":"https:\/\/www.deberes.net\/tesis\/wp-json\/wp\/v2\/posts\/14797\/revisions"}],"wp:attachment":[{"href":"https:\/\/www.deberes.net\/tesis\/wp-json\/wp\/v2\/media?parent=14797"}],"wp:term":[{"taxonomy":"category","embeddable":true,"href":"https:\/\/www.deberes.net\/tesis\/wp-json\/wp\/v2\/categories?post=14797"},{"taxonomy":"post_tag","embeddable":true,"href":"https:\/\/www.deberes.net\/tesis\/wp-json\/wp\/v2\/tags?post=14797"}],"curies":[{"name":"wp","href":"https:\/\/api.w.org\/{rel}","templated":true}]}}