{"id":14935,"date":"2018-03-09T09:01:52","date_gmt":"2018-03-09T09:01:52","guid":{"rendered":""},"modified":"2018-03-09T09:01:52","modified_gmt":"2018-03-09T09:01:52","slug":"las-personas-con-retraso-mental-y-su-diagnostico-traduccion-adaptacion-y-valoracion-de-la-escala-de-conducta-adaptativa-abs-s2-y-del-metodo-de-evaluacion-de-las-areas-de-habilidades-adaptativas","status":"publish","type":"post","link":"https:\/\/www.deberes.net\/tesis\/psicologia\/las-personas-con-retraso-mental-y-su-diagnostico-traduccion-adaptacion-y-valoracion-de-la-escala-de-conducta-adaptativa-abs-s2-y-del-metodo-de-evaluacion-de-las-areas-de-habilidades-adaptativas\/","title":{"rendered":"Las personas con retraso mental y su diagn\u00f3stico: traducci\u00f3n, adaptaci\u00f3n y valoraci\u00f3n de la \u00abescala de conducta adaptativa abs-s:2\u00bb y del m\u00e9todo de evaluaci\u00f3n de las \u00ab\u00e1reas de habilidades adaptativas aaa\u00bb"},"content":{"rendered":"<h2>Tesis doctoral de <strong> Isabel Garc\u00eda Alonso <\/strong><\/h2>\n<p>La asociaci\u00f3n americana sobre retraso mental, aamr, indica en su manual de definici\u00f3n, clasificaci\u00f3n y sistema de apoyo del retraso mental, editado en 1992, que para diagnosticar a las personas con retraso mental no basta con que \u00e9stas obtenga un funcionamiento intelectual significativamente inferior a la media, sino que este funcionamiento coexista con limitaciones en dos o m\u00e1s de la diez \u00e1reas de habilidades adaptativas propuestas en la definici\u00f3n de las personas con retraso mental. En la actualidad, no disponemos en espa\u00f1a de instrumentos estandarizados que nos permitan evaluar estas diez \u00e1reas de habilidades que constituyen un requisito indispensable para llevar a cabo el diagn\u00f3stico. Este es el objetivo de esta investigaci\u00f3n. la aamr en su inter\u00e9s manifiesto por facilitar estos instrumentos ha revisado y editado \u00abla escala de conducta adaptativa abs-s:2, versi\u00f3n centros educativos\u00bb, para sujetos entre 3 y 18 a\u00f1os. Las puntuaciones de dicha escala pueden ser reconvertidas, a trav\u00e9s del m\u00e9todo aaa, a puntuaciones referidas a las diez \u00e1reas propuestas de habilidades adaptativas.  en nuestro trabajo de investigaci\u00f3n hemos llevado a cabo la traducci\u00f3n y adaptaci\u00f3n de estos dos instrumentos para poder ser usados en nuestra cultura y facilitar de este modo el diagn\u00f3stico de las personas con retraso mental. Una vez terminado el procedimiento de adaptaci\u00f3n se cumplimentaron estas pruebas a una muestra de 207 sujetos de la provincia de burgos, de los que 142 estaban diagnosticados con retraso mental.  con los datos obtenidos en nuestra muestra se llevaron a cabo dos estudios. el primero tiene por objeto comprobar si las versiones adaptadas al castellano de estos dos instrumentos de evaluaci\u00f3n manifiestan los rasgos m\u00e1s caracter\u00edsticos de lo que hoy en d\u00eda entendemos como constructo de la conducta adaptativa y de \u00e1reas adaptativas. Para ello se fueron comprobando las siguientes relaciones:  &#8211; la edad de los sujetos<\/p>\n<p>&nbsp;<\/p>\n<h3>Datos acad\u00e9micos de la tesis doctoral \u00ab<strong>Las personas con retraso mental y su diagn\u00f3stico: traducci\u00f3n, adaptaci\u00f3n y valoraci\u00f3n de la \u00abescala de conducta adaptativa abs-s:2\u00bb y del m\u00e9todo de evaluaci\u00f3n de las \u00ab\u00e1reas de habilidades adaptativas aaa\u00bb<\/strong>\u00ab<\/h3>\n<ul>\n<li><strong>T\u00edtulo de la tesis:<\/strong>\u00a0 Las personas con retraso mental y su diagn\u00f3stico: traducci\u00f3n, adaptaci\u00f3n y valoraci\u00f3n de la \u00abescala de conducta adaptativa abs-s:2\u00bb y del m\u00e9todo de evaluaci\u00f3n de las \u00ab\u00e1reas de habilidades adaptativas aaa\u00bb <\/li>\n<li><strong>Autor:<\/strong>\u00a0 Isabel Garc\u00eda Alonso <\/li>\n<li><strong>Universidad:<\/strong>\u00a0 Burgos<\/li>\n<li><strong>Fecha de lectura de la tesis:<\/strong>\u00a0 20\/12\/2001<\/li>\n<\/ul>\n<p>&nbsp;<\/p>\n<h3>Direcci\u00f3n y tribunal<\/h3>\n<ul>\n<li><strong>Director de la tesis<\/strong>\n<ul>\n<li>Fernando Lara Ortega<\/li>\n<\/ul>\n<\/li>\n<li><strong>Tribunal<\/strong>\n<ul>\n<li>Presidente del tribunal: florencio Vicente castro <\/li>\n<li> Zaldivar basurto m. flor (vocal)<\/li>\n<li>delf\u00edn Montero centeno (vocal)<\/li>\n<li>Jos\u00e9 Luis Gonz\u00e1lez castro (vocal)<\/li>\n<\/ul>\n<\/li>\n<\/ul>\n<p>&nbsp;<\/p>\n","protected":false},"excerpt":{"rendered":"<p>Tesis doctoral de Isabel Garc\u00eda Alonso La asociaci\u00f3n americana sobre retraso mental, aamr, indica en su manual de definici\u00f3n, clasificaci\u00f3n [&hellip;]<\/p>\n","protected":false},"author":1,"featured_media":0,"comment_status":"open","ping_status":"open","sticky":false,"template":"","format":"standard","meta":{"site-sidebar-layout":"default","site-content-layout":"","ast-site-content-layout":"","site-content-style":"default","site-sidebar-style":"default","ast-global-header-display":"","ast-banner-title-visibility":"","ast-main-header-display":"","ast-hfb-above-header-display":"","ast-hfb-below-header-display":"","ast-hfb-mobile-header-display":"","site-post-title":"","ast-breadcrumbs-content":"","ast-featured-img":"","footer-sml-layout":"","theme-transparent-header-meta":"","adv-header-id-meta":"","stick-header-meta":"","header-above-stick-meta":"","header-main-stick-meta":"","header-below-stick-meta":"","astra-migrate-meta-layouts":"default","ast-page-background-enabled":"default","ast-page-background-meta":{"desktop":{"background-color":"var(--ast-global-color-4)","background-image":"","background-repeat":"repeat","background-position":"center center","background-size":"auto","background-attachment":"scroll","background-type":"","background-media":"","overlay-type":"","overlay-color":"","overlay-gradient":""},"tablet":{"background-color":"","background-image":"","background-repeat":"repeat","background-position":"center center","background-size":"auto","background-attachment":"scroll","background-type":"","background-media":"","overlay-type":"","overlay-color":"","overlay-gradient":""},"mobile":{"background-color":"","background-image":"","background-repeat":"repeat","background-position":"center center","background-size":"auto","background-attachment":"scroll","background-type":"","background-media":"","overlay-type":"","overlay-color":"","overlay-gradient":""}},"ast-content-background-meta":{"desktop":{"background-color":"var(--ast-global-color-5)","background-image":"","background-repeat":"repeat","background-position":"center center","background-size":"auto","background-attachment":"scroll","background-type":"","background-media":"","overlay-type":"","overlay-color":"","overlay-gradient":""},"tablet":{"background-color":"var(--ast-global-color-5)","background-image":"","background-repeat":"repeat","background-position":"center center","background-size":"auto","background-attachment":"scroll","background-type":"","background-media":"","overlay-type":"","overlay-color":"","overlay-gradient":""},"mobile":{"background-color":"var(--ast-global-color-5)","background-image":"","background-repeat":"repeat","background-position":"center center","background-size":"auto","background-attachment":"scroll","background-type":"","background-media":"","overlay-type":"","overlay-color":"","overlay-gradient":""}},"footnotes":""},"categories":[4264,37674,15568,3289,1175,324,961,970,11995,4128],"tags":[15572,7145,7144,47860,47861,15569],"class_list":["post-14935","post","type-post","status-publish","format-standard","hentry","category-asesoramiento-y-orientacion-psicologicas","category-burgos","category-deficiencia-mental","category-deficiencia-mental-del-nino-y-del-adolescente","category-evaluacion-y-diagnostico-en-psicologia","category-psicologia","category-psicologia-de-la-anormalidad","category-psicologia-del-nino-y-del-adolescente","category-tratamiento-psicologico-de-la-deficiencia-mental","category-validacion-del-test","tag-delfin-montero-centeno","tag-fernando-lara-ortega","tag-florencio-vicente-castro","tag-isabel-garcia-alonso","tag-jose-luis-gonzalez-castro","tag-zaldivar-basurto-m-flor"],"_links":{"self":[{"href":"https:\/\/www.deberes.net\/tesis\/wp-json\/wp\/v2\/posts\/14935","targetHints":{"allow":["GET"]}}],"collection":[{"href":"https:\/\/www.deberes.net\/tesis\/wp-json\/wp\/v2\/posts"}],"about":[{"href":"https:\/\/www.deberes.net\/tesis\/wp-json\/wp\/v2\/types\/post"}],"author":[{"embeddable":true,"href":"https:\/\/www.deberes.net\/tesis\/wp-json\/wp\/v2\/users\/1"}],"replies":[{"embeddable":true,"href":"https:\/\/www.deberes.net\/tesis\/wp-json\/wp\/v2\/comments?post=14935"}],"version-history":[{"count":0,"href":"https:\/\/www.deberes.net\/tesis\/wp-json\/wp\/v2\/posts\/14935\/revisions"}],"wp:attachment":[{"href":"https:\/\/www.deberes.net\/tesis\/wp-json\/wp\/v2\/media?parent=14935"}],"wp:term":[{"taxonomy":"category","embeddable":true,"href":"https:\/\/www.deberes.net\/tesis\/wp-json\/wp\/v2\/categories?post=14935"},{"taxonomy":"post_tag","embeddable":true,"href":"https:\/\/www.deberes.net\/tesis\/wp-json\/wp\/v2\/tags?post=14935"}],"curies":[{"name":"wp","href":"https:\/\/api.w.org\/{rel}","templated":true}]}}