{"id":14946,"date":"2018-03-09T09:01:53","date_gmt":"2018-03-09T09:01:53","guid":{"rendered":"https:\/\/www.deberes.net\/tesis\/sin-categoria\/la-enfermedad-de-parkinson-aspectos-epidemiologicos\/"},"modified":"2018-03-09T09:01:53","modified_gmt":"2018-03-09T09:01:53","slug":"la-enfermedad-de-parkinson-aspectos-epidemiologicos","status":"publish","type":"post","link":"https:\/\/www.deberes.net\/tesis\/ciencias-medicas\/la-enfermedad-de-parkinson-aspectos-epidemiologicos\/","title":{"rendered":"La enfermedad de parkinson. aspectos epidemiologicos"},"content":{"rendered":"<h2>Tesis doctoral de <strong> Jes\u00fas Acosta Varo <\/strong><\/h2>\n<p>Desde hace varias d\u00e9cadas, existen numerosas publicaciones, fundamentalmente en la literatura anglosajona, acerca de la existencia de numerosos factores epidemiol\u00f3gicos en la enfermedad de parkinson.  desafortunadamente, ninguno concluyente.  podemos afirmar sin lugar a dudas, que la enfermedad de parkinson, sigue siendo un proceso de diagn\u00f3stico dif\u00edcil y de origen incierto.  seguramente el resultado de unos factores gen\u00e9ticos, ambientales, el propio envejecimiento como factor de indudable importancia, o diversos factores desencadenantes. El estudio y puesta en evidencia si hubiere lugar de factores ambientales es uno de los matices de nuestro estudio.  la preValencia, objetivo clave del trabajo que hemos realizado en el estudio poblacional \u00abpuerta a puerta\u00bb. Lleva consigo una dificultad considerable para la comparaci\u00f3n entre distintas publicaciones, la recogida de datos. nuestra cifra (alrededor de 3 por mil) es ligeramente mas alta de los habitualmente considerado.  los factores de riesgo posibles, y demas aspectos de epidemiolog\u00eda anal\u00edtica, son analizados en nuestra base datos de un n\u00famero generoso de pacientes (650 parkinsonianos).<\/p>\n<p>&nbsp;<\/p>\n<h3>Datos acad\u00e9micos de la tesis doctoral \u00ab<strong>La enfermedad de parkinson. aspectos epidemiologicos<\/strong>\u00ab<\/h3>\n<ul>\n<li><strong>T\u00edtulo de la tesis:<\/strong>\u00a0 La enfermedad de parkinson. aspectos epidemiologicos <\/li>\n<li><strong>Autor:<\/strong>\u00a0 Jes\u00fas Acosta Varo <\/li>\n<li><strong>Universidad:<\/strong>\u00a0 C\u00e1diz<\/li>\n<li><strong>Fecha de lectura de la tesis:<\/strong>\u00a0 21\/12\/2001<\/li>\n<\/ul>\n<p>&nbsp;<\/p>\n<h3>Direcci\u00f3n y tribunal<\/h3>\n<ul>\n<li><strong>Director de la tesis<\/strong>\n<ul>\n<li>Alipio Mangas Rojas<\/li>\n<\/ul>\n<\/li>\n<li><strong>Tribunal<\/strong>\n<ul>\n<li>Presidente del tribunal: avelino Senra varela <\/li>\n<li>Rafael Gonz\u00e1lez maldonado (vocal)<\/li>\n<li>Antonio Barba chacon (vocal)<\/li>\n<li>rom\u00e1n Albraca serrano (vocal)<\/li>\n<\/ul>\n<\/li>\n<\/ul>\n<p>&nbsp;<\/p>\n","protected":false},"excerpt":{"rendered":"<p>Tesis doctoral de Jes\u00fas Acosta Varo Desde hace varias d\u00e9cadas, existen numerosas publicaciones, fundamentalmente en la literatura anglosajona, acerca de [&hellip;]<\/p>\n","protected":false},"author":1,"featured_media":0,"comment_status":"open","ping_status":"open","sticky":false,"template":"","format":"standard","meta":{"site-sidebar-layout":"default","site-content-layout":"","ast-site-content-layout":"","site-content-style":"default","site-sidebar-style":"default","ast-global-header-display":"","ast-banner-title-visibility":"","ast-main-header-display":"","ast-hfb-above-header-display":"","ast-hfb-below-header-display":"","ast-hfb-mobile-header-display":"","site-post-title":"","ast-breadcrumbs-content":"","ast-featured-img":"","footer-sml-layout":"","theme-transparent-header-meta":"","adv-header-id-meta":"","stick-header-meta":"","header-above-stick-meta":"","header-main-stick-meta":"","header-below-stick-meta":"","astra-migrate-meta-layouts":"default","ast-page-background-enabled":"default","ast-page-background-meta":{"desktop":{"background-color":"var(--ast-global-color-4)","background-image":"","background-repeat":"repeat","background-position":"center center","background-size":"auto","background-attachment":"scroll","background-type":"","background-media":"","overlay-type":"","overlay-color":"","overlay-gradient":""},"tablet":{"background-color":"","background-image":"","background-repeat":"repeat","background-position":"center center","background-size":"auto","background-attachment":"scroll","background-type":"","background-media":"","overlay-type":"","overlay-color":"","overlay-gradient":""},"mobile":{"background-color":"","background-image":"","background-repeat":"repeat","background-position":"center center","background-size":"auto","background-attachment":"scroll","background-type":"","background-media":"","overlay-type":"","overlay-color":"","overlay-gradient":""}},"ast-content-background-meta":{"desktop":{"background-color":"var(--ast-global-color-5)","background-image":"","background-repeat":"repeat","background-position":"center center","background-size":"auto","background-attachment":"scroll","background-type":"","background-media":"","overlay-type":"","overlay-color":"","overlay-gradient":""},"tablet":{"background-color":"var(--ast-global-color-5)","background-image":"","background-repeat":"repeat","background-position":"center center","background-size":"auto","background-attachment":"scroll","background-type":"","background-media":"","overlay-type":"","overlay-color":"","overlay-gradient":""},"mobile":{"background-color":"var(--ast-global-color-5)","background-image":"","background-repeat":"repeat","background-position":"center center","background-size":"auto","background-attachment":"scroll","background-type":"","background-media":"","overlay-type":"","overlay-color":"","overlay-gradient":""}},"footnotes":""},"categories":[1506,9,1086,139,1880],"tags":[1882,1665,1732,47894,47895,47896],"class_list":["post-14946","post","type-post","status-publish","format-standard","hentry","category-cadiz","category-ciencias-medicas","category-epidemiologia","category-medicina-interna","category-neurologia","tag-alipio-mangas-rojas","tag-antonio-barba-chacon","tag-avelino-senra-varela","tag-jesus-acosta-varo","tag-rafael-gonzalez-maldonado","tag-roman-albraca-serrano"],"_links":{"self":[{"href":"https:\/\/www.deberes.net\/tesis\/wp-json\/wp\/v2\/posts\/14946","targetHints":{"allow":["GET"]}}],"collection":[{"href":"https:\/\/www.deberes.net\/tesis\/wp-json\/wp\/v2\/posts"}],"about":[{"href":"https:\/\/www.deberes.net\/tesis\/wp-json\/wp\/v2\/types\/post"}],"author":[{"embeddable":true,"href":"https:\/\/www.deberes.net\/tesis\/wp-json\/wp\/v2\/users\/1"}],"replies":[{"embeddable":true,"href":"https:\/\/www.deberes.net\/tesis\/wp-json\/wp\/v2\/comments?post=14946"}],"version-history":[{"count":0,"href":"https:\/\/www.deberes.net\/tesis\/wp-json\/wp\/v2\/posts\/14946\/revisions"}],"wp:attachment":[{"href":"https:\/\/www.deberes.net\/tesis\/wp-json\/wp\/v2\/media?parent=14946"}],"wp:term":[{"taxonomy":"category","embeddable":true,"href":"https:\/\/www.deberes.net\/tesis\/wp-json\/wp\/v2\/categories?post=14946"},{"taxonomy":"post_tag","embeddable":true,"href":"https:\/\/www.deberes.net\/tesis\/wp-json\/wp\/v2\/tags?post=14946"}],"curies":[{"name":"wp","href":"https:\/\/api.w.org\/{rel}","templated":true}]}}