{"id":14978,"date":"2018-03-09T09:01:56","date_gmt":"2018-03-09T09:01:56","guid":{"rendered":"https:\/\/www.deberes.net\/tesis\/sin-categoria\/el-orden-de-palabras-en-el-espanol-coloquial\/"},"modified":"2018-03-09T09:01:56","modified_gmt":"2018-03-09T09:01:56","slug":"el-orden-de-palabras-en-el-espanol-coloquial","status":"publish","type":"post","link":"https:\/\/www.deberes.net\/tesis\/linguistica\/el-orden-de-palabras-en-el-espanol-coloquial\/","title":{"rendered":"El orden de palabras en el espa\u00f1ol coloquial"},"content":{"rendered":"<h2>Tesis doctoral de <strong> Xos\u00e9 Antonio Padilla Garcia <\/strong><\/h2>\n<p>Los objetivos de nuestra tesis son los siguientes. En primer lugar intentamos determinar cual era el patron real mas frecuente en las conversaciones coloquiales. Estan representadas en nuestro corpus conversaciones prototipicas y perifericas y conversaciones de todos los estratos socioculturales. El estudio de los datos nos permiti\u00f3,por otra parte, disponer de una base suficiente para fundamentar el resto de las hipotesis. Pero si el orden de palabras m\u00e1s frecuente en las conversaciones coloquiales es (s)vo, todo lo que se aleje del mismo deber\u00e1 estar revestido de un valor pragm\u00e1tico. justamente es esta hip\u00f3tesis la que nos ha llevado a enfrentar la forma (s)vo a sv\/vs. Hablamos tambien en nuestras hipotesis no solo de los cambios, sino del vaor pragmatico de determinadas posiciones. Esta hipotesis ha sido demostrada por el analisis de las dislocaciones, las topicalizaciones, etc. Los hablantes no realizan cambios de posici\u00f3n arbitrarios, sino que se guian por la importancia perceptiva y pragmatica de posiciones muy concretas (la primera y la ultima del enunciado). Todo lo anterior nos conducia al establecimiento de dos categorias distintas que llamamos el orden sintactico y el orden pragmatico. Sin embargo, los hechos conversacionales nos han conducido a considerar cajas conceptuales abiertas entre las que trazar un continuum. Lo anterior nos ha llevado a la \u00faltima de las hipotesis: la necesidad de establecer un espacio categorial flexible entre las categorias orden sintactico y orden pragmatico. Hemos definido los ejemplos de las cajas pragmaticas en funcion de una serie de haces de rasgos que nos permiten contemplar todos los fenomenos del orden de palabras en espa\u00f1ol coloquial de una manera global.<\/p>\n<p>&nbsp;<\/p>\n<h3>Datos acad\u00e9micos de la tesis doctoral \u00ab<strong>El orden de palabras en el espa\u00f1ol coloquial<\/strong>\u00ab<\/h3>\n<ul>\n<li><strong>T\u00edtulo de la tesis:<\/strong>\u00a0 El orden de palabras en el espa\u00f1ol coloquial <\/li>\n<li><strong>Autor:<\/strong>\u00a0 Xos\u00e9 Antonio Padilla Garcia <\/li>\n<li><strong>Universidad:<\/strong>\u00a0 Universitat de val\u00e9ncia (estudi general)<\/li>\n<li><strong>Fecha de lectura de la tesis:<\/strong>\u00a0 21\/12\/2001<\/li>\n<\/ul>\n<p>&nbsp;<\/p>\n<h3>Direcci\u00f3n y tribunal<\/h3>\n<ul>\n<li><strong>Director de la tesis<\/strong>\n<ul>\n<li>Antonio Briz G\u00f3mez<\/li>\n<\/ul>\n<\/li>\n<li><strong>Tribunal<\/strong>\n<ul>\n<li>Presidente del tribunal: emilio Ridruejo alonso <\/li>\n<li>Jos\u00e9 Luis Cifuentes honrubia (vocal)<\/li>\n<li>agust\u00edn Vera luj\u00e1n (vocal)<\/li>\n<li> Cuenca ordinyana M\u00aa josep (vocal)<\/li>\n<\/ul>\n<\/li>\n<\/ul>\n<p>&nbsp;<\/p>\n","protected":false},"excerpt":{"rendered":"<p>Tesis doctoral de Xos\u00e9 Antonio Padilla Garcia Los objetivos de nuestra tesis son los siguientes. En primer lugar intentamos determinar [&hellip;]<\/p>\n","protected":false},"author":1,"featured_media":0,"comment_status":"open","ping_status":"open","sticky":false,"template":"","format":"standard","meta":{"site-sidebar-layout":"default","site-content-layout":"","ast-site-content-layout":"","site-content-style":"default","site-sidebar-style":"default","ast-global-header-display":"","ast-banner-title-visibility":"","ast-main-header-display":"","ast-hfb-above-header-display":"","ast-hfb-below-header-display":"","ast-hfb-mobile-header-display":"","site-post-title":"","ast-breadcrumbs-content":"","ast-featured-img":"","footer-sml-layout":"","theme-transparent-header-meta":"","adv-header-id-meta":"","stick-header-meta":"","header-above-stick-meta":"","header-main-stick-meta":"","header-below-stick-meta":"","astra-migrate-meta-layouts":"default","ast-page-background-enabled":"default","ast-page-background-meta":{"desktop":{"background-color":"var(--ast-global-color-4)","background-image":"","background-repeat":"repeat","background-position":"center center","background-size":"auto","background-attachment":"scroll","background-type":"","background-media":"","overlay-type":"","overlay-color":"","overlay-gradient":""},"tablet":{"background-color":"","background-image":"","background-repeat":"repeat","background-position":"center center","background-size":"auto","background-attachment":"scroll","background-type":"","background-media":"","overlay-type":"","overlay-color":"","overlay-gradient":""},"mobile":{"background-color":"","background-image":"","background-repeat":"repeat","background-position":"center center","background-size":"auto","background-attachment":"scroll","background-type":"","background-media":"","overlay-type":"","overlay-color":"","overlay-gradient":""}},"ast-content-background-meta":{"desktop":{"background-color":"var(--ast-global-color-5)","background-image":"","background-repeat":"repeat","background-position":"center center","background-size":"auto","background-attachment":"scroll","background-type":"","background-media":"","overlay-type":"","overlay-color":"","overlay-gradient":""},"tablet":{"background-color":"var(--ast-global-color-5)","background-image":"","background-repeat":"repeat","background-position":"center center","background-size":"auto","background-attachment":"scroll","background-type":"","background-media":"","overlay-type":"","overlay-color":"","overlay-gradient":""},"mobile":{"background-color":"var(--ast-global-color-5)","background-image":"","background-repeat":"repeat","background-position":"center center","background-size":"auto","background-attachment":"scroll","background-type":"","background-media":"","overlay-type":"","overlay-color":"","overlay-gradient":""}},"footnotes":""},"categories":[59,62,409],"tags":[19424,11475,47981,12598,19425,47980],"class_list":["post-14978","post","type-post","status-publish","format-standard","hentry","category-linguistica","category-linguistica-sincronica","category-sintaxis-y-analisis-sintactico","tag-agustin-vera-lujan","tag-antonio-briz-gomez","tag-cuenca-ordinyana-ma-josep","tag-emilio-ridruejo-alonso","tag-jose-luis-cifuentes-honrubia","tag-xose-antonio-padilla-garcia"],"_links":{"self":[{"href":"https:\/\/www.deberes.net\/tesis\/wp-json\/wp\/v2\/posts\/14978","targetHints":{"allow":["GET"]}}],"collection":[{"href":"https:\/\/www.deberes.net\/tesis\/wp-json\/wp\/v2\/posts"}],"about":[{"href":"https:\/\/www.deberes.net\/tesis\/wp-json\/wp\/v2\/types\/post"}],"author":[{"embeddable":true,"href":"https:\/\/www.deberes.net\/tesis\/wp-json\/wp\/v2\/users\/1"}],"replies":[{"embeddable":true,"href":"https:\/\/www.deberes.net\/tesis\/wp-json\/wp\/v2\/comments?post=14978"}],"version-history":[{"count":0,"href":"https:\/\/www.deberes.net\/tesis\/wp-json\/wp\/v2\/posts\/14978\/revisions"}],"wp:attachment":[{"href":"https:\/\/www.deberes.net\/tesis\/wp-json\/wp\/v2\/media?parent=14978"}],"wp:term":[{"taxonomy":"category","embeddable":true,"href":"https:\/\/www.deberes.net\/tesis\/wp-json\/wp\/v2\/categories?post=14978"},{"taxonomy":"post_tag","embeddable":true,"href":"https:\/\/www.deberes.net\/tesis\/wp-json\/wp\/v2\/tags?post=14978"}],"curies":[{"name":"wp","href":"https:\/\/api.w.org\/{rel}","templated":true}]}}