{"id":14989,"date":"2018-03-09T09:01:56","date_gmt":"2018-03-09T09:01:56","guid":{"rendered":"https:\/\/www.deberes.net\/tesis\/sin-categoria\/colonizacion-y-regeneracion-de-lavandula-stoechas-subsp-pedunculata-en-una-paisaje-agrario-abandonado-de-la-sierra-de-guadarrama\/"},"modified":"2018-03-09T09:01:56","modified_gmt":"2018-03-09T09:01:56","slug":"colonizacion-y-regeneracion-de-lavandula-stoechas-subsp-pedunculata-en-una-paisaje-agrario-abandonado-de-la-sierra-de-guadarrama","status":"publish","type":"post","link":"https:\/\/www.deberes.net\/tesis\/ciencias-de-la-vida\/colonizacion-y-regeneracion-de-lavandula-stoechas-subsp-pedunculata-en-una-paisaje-agrario-abandonado-de-la-sierra-de-guadarrama\/","title":{"rendered":"Colonizaci\u00f3n y regeneraci\u00f3n de lavandula stoechas subsp. pedunculata en una paisaje agrario abandonado de la sierra de guadarrama"},"content":{"rendered":"<h2>Tesis doctoral de <strong> Ana S\u00e1nchez \u00e1lvarez <\/strong><\/h2>\n<p>Se analiza diversos procesos e interacciones implicados en la din\u00e1mica poblacional del cantueso en una zona de media monta\u00f1a mediterr\u00e1nea (850-1000m; t\u00aa media anual 13.2\u00c2\u00bac; precipitaci\u00f3n media anual 550 mm.). Adem\u00e1s, se estudian las consecuencias que tiene la matorralizaci\u00f3n de los pastizales seminaturales sobre suelos \u00e1cidos propios de la zona, empleando como nivel de an\u00e1lisis la comunidad.  concretamente se caracterizaron:  * la producci\u00f3n de semillas.  * dispersi\u00f3n aut\u00f3cora y endozo\u00f3cora por el ganado ovino y el conejo (oryctolagus cuniculus). Tambi\u00e9n se estudi\u00f3 la implantaci\u00f3n de las semillas dispersadas endozo\u00f3coramente y el efecto del abonado.  * el espectro de predadores de las semillas y frutos, as\u00ed como la predaci\u00f3n pre y posdispersiva ocasionada por las hormigas gran\u00edvoras del g\u00e9nero messor.  * se analiz\u00f3 el contenido y distribuci\u00f3n de semillas en el suelo.  * la germinaci\u00f3n y crecimiento de las pl\u00e1ntulas bajo diferentes intensidades de luz.  * la existencia de procesos alelop\u00e1ticos sobre las semillas de herb\u00e1ceas y sobre la propia especie (autoalelopat\u00eda).  * la aparici\u00f3n y supervivencia de pl\u00e1ntulas y su relaci\u00f3n con la posici\u00f3n de los individuos adultos de lavandula y con la estructura de la vegetaci\u00f3n.  la elevada mortalidad de las pl\u00e1ntulas result\u00f3 ser el limitante m\u00e1s claro para la regeneraci\u00f3n de las especie por lo que se abord\u00f3 el estudio de esta bajo diferentes reg\u00edmenes de perturbaci\u00f3n y competencia. En el primer caso se examin\u00f3 la influencia sobre la supervivencia de las pl\u00e1ntulas de la herbivor\u00eda y de la perturbaci\u00f3n mec\u00e1nica de suelo. En el segundo, se estudi\u00f3 el efecto de la competencia a\u00e9rea y radicular ocasionada por una comunidad de gram\u00edneas perennes durante la implantaci\u00f3n, creciente y supervivencia de las pl\u00e1ntulas. La perturbaci\u00f3n mec\u00e1nica del suelo y la ausencia de competencia afectaron positivamente a la supervivencia, mientras que la presencia<\/p>\n<p>&nbsp;<\/p>\n<h3>Datos acad\u00e9micos de la tesis doctoral \u00ab<strong>Colonizaci\u00f3n y regeneraci\u00f3n de lavandula stoechas subsp. pedunculata en una paisaje agrario abandonado de la sierra de guadarrama<\/strong>\u00ab<\/h3>\n<ul>\n<li><strong>T\u00edtulo de la tesis:<\/strong>\u00a0 Colonizaci\u00f3n y regeneraci\u00f3n de lavandula stoechas subsp. pedunculata en una paisaje agrario abandonado de la sierra de guadarrama <\/li>\n<li><strong>Autor:<\/strong>\u00a0 Ana S\u00e1nchez \u00e1lvarez <\/li>\n<li><strong>Universidad:<\/strong>\u00a0 Aut\u00f3noma de Madrid<\/li>\n<li><strong>Fecha de lectura de la tesis:<\/strong>\u00a0 21\/12\/2001<\/li>\n<\/ul>\n<p>&nbsp;<\/p>\n<h3>Direcci\u00f3n y tribunal<\/h3>\n<ul>\n<li><strong>Director de la tesis<\/strong>\n<ul>\n<li>Bego\u00f1a Peco V\u00e1zquez<\/li>\n<\/ul>\n<\/li>\n<li><strong>Tribunal<\/strong>\n<ul>\n<li>Presidente del tribunal: Francisco Suarez cardona <\/li>\n<li>leonor Calvo (vocal)<\/li>\n<li>patricio Garc\u00eda-fayos (vocal)<\/li>\n<li>Jos\u00e9 Mar\u00eda Iriondo alegria (vocal)<\/li>\n<\/ul>\n<\/li>\n<\/ul>\n<p>&nbsp;<\/p>\n","protected":false},"excerpt":{"rendered":"<p>Tesis doctoral de Ana S\u00e1nchez \u00e1lvarez Se analiza diversos procesos e interacciones implicados en la din\u00e1mica poblacional del cantueso en [&hellip;]<\/p>\n","protected":false},"author":1,"featured_media":0,"comment_status":"open","ping_status":"open","sticky":false,"template":"","format":"standard","meta":{"site-sidebar-layout":"default","site-content-layout":"","ast-site-content-layout":"","site-content-style":"default","site-sidebar-style":"default","ast-global-header-display":"","ast-banner-title-visibility":"","ast-main-header-display":"","ast-hfb-above-header-display":"","ast-hfb-below-header-display":"","ast-hfb-mobile-header-display":"","site-post-title":"","ast-breadcrumbs-content":"","ast-featured-img":"","footer-sml-layout":"","theme-transparent-header-meta":"","adv-header-id-meta":"","stick-header-meta":"","header-above-stick-meta":"","header-main-stick-meta":"","header-below-stick-meta":"","astra-migrate-meta-layouts":"default","ast-page-background-enabled":"default","ast-page-background-meta":{"desktop":{"background-color":"var(--ast-global-color-4)","background-image":"","background-repeat":"repeat","background-position":"center center","background-size":"auto","background-attachment":"scroll","background-type":"","background-media":"","overlay-type":"","overlay-color":"","overlay-gradient":""},"tablet":{"background-color":"","background-image":"","background-repeat":"repeat","background-position":"center center","background-size":"auto","background-attachment":"scroll","background-type":"","background-media":"","overlay-type":"","overlay-color":"","overlay-gradient":""},"mobile":{"background-color":"","background-image":"","background-repeat":"repeat","background-position":"center center","background-size":"auto","background-attachment":"scroll","background-type":"","background-media":"","overlay-type":"","overlay-color":"","overlay-gradient":""}},"ast-content-background-meta":{"desktop":{"background-color":"var(--ast-global-color-5)","background-image":"","background-repeat":"repeat","background-position":"center center","background-size":"auto","background-attachment":"scroll","background-type":"","background-media":"","overlay-type":"","overlay-color":"","overlay-gradient":""},"tablet":{"background-color":"var(--ast-global-color-5)","background-image":"","background-repeat":"repeat","background-position":"center center","background-size":"auto","background-attachment":"scroll","background-type":"","background-media":"","overlay-type":"","overlay-color":"","overlay-gradient":""},"mobile":{"background-color":"var(--ast-global-color-5)","background-image":"","background-repeat":"repeat","background-position":"center center","background-size":"auto","background-attachment":"scroll","background-type":"","background-media":"","overlay-type":"","overlay-color":"","overlay-gradient":""}},"footnotes":""},"categories":[509,972,494,35,620,4437],"tags":[48009,14585,7511,37396,48010,38246],"class_list":["post-14989","post","type-post","status-publish","format-standard","hentry","category-agronomia","category-botanica","category-ciencias-agrarias","category-ciencias-de-la-vida","category-ecologia-vegetal","category-pastos","tag-ana-sanchez-alvarez","tag-begona-peco-vazquez","tag-francisco-suarez-cardona","tag-jose-maria-iriondo-alegria","tag-leonor-calvo","tag-patricio-garcia-fayos"],"_links":{"self":[{"href":"https:\/\/www.deberes.net\/tesis\/wp-json\/wp\/v2\/posts\/14989","targetHints":{"allow":["GET"]}}],"collection":[{"href":"https:\/\/www.deberes.net\/tesis\/wp-json\/wp\/v2\/posts"}],"about":[{"href":"https:\/\/www.deberes.net\/tesis\/wp-json\/wp\/v2\/types\/post"}],"author":[{"embeddable":true,"href":"https:\/\/www.deberes.net\/tesis\/wp-json\/wp\/v2\/users\/1"}],"replies":[{"embeddable":true,"href":"https:\/\/www.deberes.net\/tesis\/wp-json\/wp\/v2\/comments?post=14989"}],"version-history":[{"count":0,"href":"https:\/\/www.deberes.net\/tesis\/wp-json\/wp\/v2\/posts\/14989\/revisions"}],"wp:attachment":[{"href":"https:\/\/www.deberes.net\/tesis\/wp-json\/wp\/v2\/media?parent=14989"}],"wp:term":[{"taxonomy":"category","embeddable":true,"href":"https:\/\/www.deberes.net\/tesis\/wp-json\/wp\/v2\/categories?post=14989"},{"taxonomy":"post_tag","embeddable":true,"href":"https:\/\/www.deberes.net\/tesis\/wp-json\/wp\/v2\/tags?post=14989"}],"curies":[{"name":"wp","href":"https:\/\/api.w.org\/{rel}","templated":true}]}}