{"id":15003,"date":"2018-03-09T09:01:58","date_gmt":"2018-03-09T09:01:58","guid":{"rendered":"https:\/\/www.deberes.net\/tesis\/sin-categoria\/la-orientacion-educativa-y-la-intervencion-psicopedagogica-en-los-centros-de-eso-propuesta-del-modelo-teorico-practico\/"},"modified":"2018-03-09T09:01:58","modified_gmt":"2018-03-09T09:01:58","slug":"la-orientacion-educativa-y-la-intervencion-psicopedagogica-en-los-centros-de-eso-propuesta-del-modelo-teorico-practico","status":"publish","type":"post","link":"https:\/\/www.deberes.net\/tesis\/psicologia\/la-orientacion-educativa-y-la-intervencion-psicopedagogica-en-los-centros-de-eso-propuesta-del-modelo-teorico-practico\/","title":{"rendered":"La orientaci\u00f3n educativa y la intervenci\u00f3n psicopedag\u00f3gica en los centros de eso: propuesta del modelo te\u00f3rico-pr\u00e1ctico"},"content":{"rendered":"<h2>Tesis doctoral de <strong>  Insausti Nuin M. Victoria <\/strong><\/h2>\n<p>El trabajo que se presenta analiza un estudio, desde el devenir hist\u00f3rico y de modelo de desarrollo, a trav\u00e9s de la normativa legal y de la bibliograf\u00eda especializada, que tiene que ver con el \u00e1rea de la \u00aborientaci\u00f3n educativa\u00bb, para presentar una s\u00edntesis significativa en la que apoya juicios de valor y orientaciones que se proponen, no tanto en cuanto a la creaci\u00f3n de conocimientos o teor\u00eda sobre el \u00e1rea, sino en tanto en cuanto sirvan para mejorar la pr\u00e1ctica profesional del especialista en psicopedagog\u00eda.  la reforma educativa ha institucionalizado programas educativo-orientadores y ha establecido las estructuras organizativas y figuras profesionales, a trav\u00e9s de las que implementar estos programas en el curr\u00edculo ordinario del centro. El programa de orientaci\u00f3n educativa, insuficientemente configurado tiene como consecuencia un \u00abmodelo de orientaci\u00f3n educativa e intervenci\u00f3n psicopedag\u00f3gica\u00bb con deficiente concreci\u00f3n y desarrollo en los centros con problemas institucionales. La figura del especialista en psicopedagog\u00eda sigue siendo una figura institucionalizada que todav\u00eda debe justificar y establecer su \u00e1mbito profesional en el centro.  la tesis presenta una propuesta de programas, tareas y planes espec\u00edficos orientadores estableciendo puntos de encuentro entre la teor\u00eda y la pr\u00e1ctica, primando la utilidad pr\u00e1ctica frente al rigor te\u00f3rico y epistemol\u00f3gico, y proponiendo la evaluaci\u00f3n como herramienta ordinaria para reorientar la calidad de la orientaci\u00f3n educativa e intervenci\u00f3n psicopedag\u00f3gica y hacer factible la formaci\u00f3n y la mejora del desarrollo profesional de los educadores y especialistas de la orientaci\u00f3n a trav\u00e9s de procesos de trabajo colaborativos en el centro educativo.  la conclusi\u00f3n del trabajo plantea abrir nuevos trabajos de investigaci\u00f3n-acci\u00f3n sobre cada uno de los puntos presentados como s\u00edntesis y visi\u00f3n panor\u00e1mica articuladora de la pr\u00e1ctica orientadora y psicopedag\u00f3gic<\/p>\n<p>&nbsp;<\/p>\n<h3>Datos acad\u00e9micos de la tesis doctoral \u00ab<strong>La orientaci\u00f3n educativa y la intervenci\u00f3n psicopedag\u00f3gica en los centros de eso: propuesta del modelo te\u00f3rico-pr\u00e1ctico<\/strong>\u00ab<\/h3>\n<ul>\n<li><strong>T\u00edtulo de la tesis:<\/strong>\u00a0 La orientaci\u00f3n educativa y la intervenci\u00f3n psicopedag\u00f3gica en los centros de eso: propuesta del modelo te\u00f3rico-pr\u00e1ctico <\/li>\n<li><strong>Autor:<\/strong>\u00a0  Insausti Nuin M. Victoria <\/li>\n<li><strong>Universidad:<\/strong>\u00a0 P\u00fablica de navarra<\/li>\n<li><strong>Fecha de lectura de la tesis:<\/strong>\u00a0 21\/12\/2001<\/li>\n<\/ul>\n<p>&nbsp;<\/p>\n<h3>Direcci\u00f3n y tribunal<\/h3>\n<ul>\n<li><strong>Director de la tesis<\/strong>\n<ul>\n<li>Benajamin Zufiaurre<\/li>\n<\/ul>\n<\/li>\n<li><strong>Tribunal<\/strong>\n<ul>\n<li>Presidente del tribunal: Juan  manuel Escudero mu\u00f1oz <\/li>\n<li> Piz poveda m. reyes (vocal)<\/li>\n<li>Jos\u00e9 ignacio Rivas flores (vocal)<\/li>\n<li> Sanz de acedo m. lola (vocal)<\/li>\n<\/ul>\n<\/li>\n<\/ul>\n<p>&nbsp;<\/p>\n","protected":false},"excerpt":{"rendered":"<p>Tesis doctoral de Insausti Nuin M. Victoria El trabajo que se presenta analiza un estudio, desde el devenir hist\u00f3rico y [&hellip;]<\/p>\n","protected":false},"author":1,"featured_media":0,"comment_status":"open","ping_status":"open","sticky":false,"template":"","format":"standard","meta":{"site-sidebar-layout":"default","site-content-layout":"","ast-site-content-layout":"","site-content-style":"default","site-sidebar-style":"default","ast-global-header-display":"","ast-banner-title-visibility":"","ast-main-header-display":"","ast-hfb-above-header-display":"","ast-hfb-below-header-display":"","ast-hfb-mobile-header-display":"","site-post-title":"","ast-breadcrumbs-content":"","ast-featured-img":"","footer-sml-layout":"","theme-transparent-header-meta":"","adv-header-id-meta":"","stick-header-meta":"","header-above-stick-meta":"","header-main-stick-meta":"","header-below-stick-meta":"","astra-migrate-meta-layouts":"default","ast-page-background-enabled":"default","ast-page-background-meta":{"desktop":{"background-color":"var(--ast-global-color-4)","background-image":"","background-repeat":"repeat","background-position":"center center","background-size":"auto","background-attachment":"scroll","background-type":"","background-media":"","overlay-type":"","overlay-color":"","overlay-gradient":""},"tablet":{"background-color":"","background-image":"","background-repeat":"repeat","background-position":"center center","background-size":"auto","background-attachment":"scroll","background-type":"","background-media":"","overlay-type":"","overlay-color":"","overlay-gradient":""},"mobile":{"background-color":"","background-image":"","background-repeat":"repeat","background-position":"center center","background-size":"auto","background-attachment":"scroll","background-type":"","background-media":"","overlay-type":"","overlay-color":"","overlay-gradient":""}},"ast-content-background-meta":{"desktop":{"background-color":"var(--ast-global-color-5)","background-image":"","background-repeat":"repeat","background-position":"center center","background-size":"auto","background-attachment":"scroll","background-type":"","background-media":"","overlay-type":"","overlay-color":"","overlay-gradient":""},"tablet":{"background-color":"var(--ast-global-color-5)","background-image":"","background-repeat":"repeat","background-position":"center center","background-size":"auto","background-attachment":"scroll","background-type":"","background-media":"","overlay-type":"","overlay-color":"","overlay-gradient":""},"mobile":{"background-color":"var(--ast-global-color-5)","background-image":"","background-repeat":"repeat","background-position":"center center","background-size":"auto","background-attachment":"scroll","background-type":"","background-media":"","overlay-type":"","overlay-color":"","overlay-gradient":""}},"footnotes":""},"categories":[4262,4264,6222,6020,7611,1184,1141,324,18529,1341],"tags":[48046,48045,43955,8657,48047,48048],"class_list":["post-15003","post","type-post","status-publish","format-standard","hentry","category-asesoramiento-y-orientacion-educativas","category-asesoramiento-y-orientacion-psicologicas","category-educacion-especial","category-evaluacion-de-alumnos","category-organizacion-y-direccion-de-las-instituciones-educativas","category-organizacion-y-planificacion-de-la-educacion","category-pedagogia","category-psicologia","category-publica-de-navarra","category-teoria-y-metodos-educativos","tag-benajamin-zufiaurre","tag-insausti-nuin-m-victoria","tag-jose-ignacio-rivas-flores","tag-juan-manuel-escudero-munoz","tag-piz-poveda-m-reyes","tag-sanz-de-acedo-m-lola"],"_links":{"self":[{"href":"https:\/\/www.deberes.net\/tesis\/wp-json\/wp\/v2\/posts\/15003","targetHints":{"allow":["GET"]}}],"collection":[{"href":"https:\/\/www.deberes.net\/tesis\/wp-json\/wp\/v2\/posts"}],"about":[{"href":"https:\/\/www.deberes.net\/tesis\/wp-json\/wp\/v2\/types\/post"}],"author":[{"embeddable":true,"href":"https:\/\/www.deberes.net\/tesis\/wp-json\/wp\/v2\/users\/1"}],"replies":[{"embeddable":true,"href":"https:\/\/www.deberes.net\/tesis\/wp-json\/wp\/v2\/comments?post=15003"}],"version-history":[{"count":0,"href":"https:\/\/www.deberes.net\/tesis\/wp-json\/wp\/v2\/posts\/15003\/revisions"}],"wp:attachment":[{"href":"https:\/\/www.deberes.net\/tesis\/wp-json\/wp\/v2\/media?parent=15003"}],"wp:term":[{"taxonomy":"category","embeddable":true,"href":"https:\/\/www.deberes.net\/tesis\/wp-json\/wp\/v2\/categories?post=15003"},{"taxonomy":"post_tag","embeddable":true,"href":"https:\/\/www.deberes.net\/tesis\/wp-json\/wp\/v2\/tags?post=15003"}],"curies":[{"name":"wp","href":"https:\/\/api.w.org\/{rel}","templated":true}]}}