{"id":15027,"date":"2002-08-01T00:00:00","date_gmt":"2002-08-01T00:00:00","guid":{"rendered":"https:\/\/www.deberes.net\/tesis\/sin-categoria\/teorias-literarias-y-transculturacion-caribena-versiones-y-subversiones-de-alejo-carpentier\/"},"modified":"2002-08-01T00:00:00","modified_gmt":"2002-08-01T00:00:00","slug":"teorias-literarias-y-transculturacion-caribena-versiones-y-subversiones-de-alejo-carpentier","status":"publish","type":"post","link":"https:\/\/www.deberes.net\/tesis\/historia\/teorias-literarias-y-transculturacion-caribena-versiones-y-subversiones-de-alejo-carpentier\/","title":{"rendered":"Teor\u00edas literarias y transculturaci\u00f3n caribe\u00f1a. versiones y subversiones de alejo carpentier"},"content":{"rendered":"<h2>Tesis doctoral de <strong> Landry-wilfrid Miampika <\/strong><\/h2>\n<p>El concepto de transculturaci\u00f3n, forjado en 1940 por el padre de la etnolog\u00eda afrocubana fernando ortiz, fue retomado por \u00e1ngel rama en su ensayo, transculturaci\u00f3n narrativa en am\u00e9rica latina (1989), donde considera la transculturaci\u00f3n como una norma que los narradores latinoamericanos y caribe\u00f1os asumen. Desde este concepto que define los contornos socioculturales, \u00e9tnicos y las estructruas del parentesco en am\u00e9rica latina y el caribe, la presente tesis demuestra que el novelista cubano alejo carpentier (1904-1980) es precursor de una narrativa postcolonial que propone una mediaci\u00f3n intercultural en la b\u00fasqueda de distintas experiencias hist\u00f3ricas revelan una tensi\u00f3n permanente entre historia, cultura impuesta y resistencia con propuestas de nuevas alternativas culturales a trav\u00e9s de temas \u00e9picos, la historia y el destino colectivo en las am\u00e9ricas.  desde un enfoque plural, dial\u00f3gico y comparado de la cr\u00edtica literaria, la antropolog\u00eda literaria, la historia y la sociolog\u00eda de la cultura del caribe (\u00e9dourard glissant, antonio ben\u00edtez rojo), las teor\u00edas literarias generadas por el propio alejo carpentier (lo real maravilloso, el barroco) y otras teor\u00edas plasmadas (la teor\u00eda de los contextos enunciada originalmente por jean-paul sartre) en sus obras, la tesis muestra el proceso de transculturaci\u00f3n que se verifica en la contribuci\u00f3n del negro en la conformaci\u00f3n de la identidad cultural caribe\u00f1a y latinoamericana, desentra\u00f1ando la funcionalidad de los mitos de origen africano y un proceso contrario de desmitificaci\u00f3n presentes en cinco novelas de alejo carpentier: \u00e9cue-yamba-\u00f3 (1933), el reino de este mundo (1949), el siglo de las luces (1962), concierto barroco (1974) y la consagraci\u00f3n de la primavera (1978).  en \u00e9cue-yamba-\u00f3, los mitos de la cultura yoruba asentada en cuba aparecen como eje compositivo y base para la configuraci\u00f3n de los personajes y sus diferentes relaciones, mientras que en el reino d<\/p>\n<p>&nbsp;<\/p>\n<h3>Datos acad\u00e9micos de la tesis doctoral \u00ab<strong>Teor\u00edas literarias y transculturaci\u00f3n caribe\u00f1a. versiones y subversiones de alejo carpentier<\/strong>\u00ab<\/h3>\n<ul>\n<li><strong>T\u00edtulo de la tesis:<\/strong>\u00a0 Teor\u00edas literarias y transculturaci\u00f3n caribe\u00f1a. versiones y subversiones de alejo carpentier <\/li>\n<li><strong>Autor:<\/strong>\u00a0 Landry-wilfrid Miampika <\/li>\n<li><strong>Universidad:<\/strong>\u00a0 Alcal\u00e1<\/li>\n<li><strong>Fecha de lectura de la tesis:<\/strong>\u00a0 08\/01\/2002<\/li>\n<\/ul>\n<p>&nbsp;<\/p>\n<h3>Direcci\u00f3n y tribunal<\/h3>\n<ul>\n<li><strong>Director de la tesis<\/strong>\n<ul>\n<li>Antonio Fernandez Ferrer<\/li>\n<\/ul>\n<\/li>\n<li><strong>Tribunal<\/strong>\n<ul>\n<li>Presidente del tribunal: rogelio Rodr\u00edguez coronel <\/li>\n<li>angel Esteban porras del campo (vocal)<\/li>\n<li>\u00e1lvaro Salvador jofr\u00e9 (vocal)<\/li>\n<li>inmaculada Diaz narbona (vocal)<\/li>\n<\/ul>\n<\/li>\n<\/ul>\n<p>&nbsp;<\/p>\n","protected":false},"excerpt":{"rendered":"<p>Tesis doctoral de Landry-wilfrid Miampika El concepto de transculturaci\u00f3n, forjado en 1940 por el padre de la etnolog\u00eda afrocubana fernando [&hellip;]<\/p>\n","protected":false},"author":1,"featured_media":0,"comment_status":"open","ping_status":"open","sticky":false,"template":"","format":"standard","meta":{"site-sidebar-layout":"default","site-content-layout":"","ast-site-content-layout":"","site-content-style":"default","site-sidebar-style":"default","ast-global-header-display":"","ast-banner-title-visibility":"","ast-main-header-display":"","ast-hfb-above-header-display":"","ast-hfb-below-header-display":"","ast-hfb-mobile-header-display":"","site-post-title":"","ast-breadcrumbs-content":"","ast-featured-img":"","footer-sml-layout":"","theme-transparent-header-meta":"","adv-header-id-meta":"","stick-header-meta":"","header-above-stick-meta":"","header-main-stick-meta":"","header-below-stick-meta":"","astra-migrate-meta-layouts":"default","ast-page-background-enabled":"default","ast-page-background-meta":{"desktop":{"background-color":"var(--ast-global-color-4)","background-image":"","background-repeat":"repeat","background-position":"center center","background-size":"auto","background-attachment":"scroll","background-type":"","background-media":"","overlay-type":"","overlay-color":"","overlay-gradient":""},"tablet":{"background-color":"","background-image":"","background-repeat":"repeat","background-position":"center center","background-size":"auto","background-attachment":"scroll","background-type":"","background-media":"","overlay-type":"","overlay-color":"","overlay-gradient":""},"mobile":{"background-color":"","background-image":"","background-repeat":"repeat","background-position":"center center","background-size":"auto","background-attachment":"scroll","background-type":"","background-media":"","overlay-type":"","overlay-color":"","overlay-gradient":""}},"ast-content-background-meta":{"desktop":{"background-color":"var(--ast-global-color-5)","background-image":"","background-repeat":"repeat","background-position":"center center","background-size":"auto","background-attachment":"scroll","background-type":"","background-media":"","overlay-type":"","overlay-color":"","overlay-gradient":""},"tablet":{"background-color":"var(--ast-global-color-5)","background-image":"","background-repeat":"repeat","background-position":"center center","background-size":"auto","background-attachment":"scroll","background-type":"","background-media":"","overlay-type":"","overlay-color":"","overlay-gradient":""},"mobile":{"background-color":"var(--ast-global-color-5)","background-image":"","background-repeat":"repeat","background-position":"center center","background-size":"auto","background-attachment":"scroll","background-type":"","background-media":"","overlay-type":"","overlay-color":"","overlay-gradient":""}},"footnotes":""},"categories":[17426,148,681,983,147,726,104,713,222,628],"tags":[10915,22224,33622,48120,48118,48119],"class_list":["post-15027","post","type-post","status-publish","format-standard","hentry","category-alcala","category-analisis-literario","category-antropologia","category-antropologia-cultural","category-ciencias-de-las-artes-y-las-letras","category-etnografia-y-etnologia","category-historia","category-historia-de-la-literatura","category-historias-especializadas","category-teoria-analisis-y-critica-literarios","tag-alvaro-salvador-jofre","tag-angel-esteban-porras-del-campo","tag-antonio-fernandez-ferrer","tag-inmaculada-diaz-narbona","tag-landry-wilfrid-miampika","tag-rogelio-rodriguez-coronel"],"_links":{"self":[{"href":"https:\/\/www.deberes.net\/tesis\/wp-json\/wp\/v2\/posts\/15027","targetHints":{"allow":["GET"]}}],"collection":[{"href":"https:\/\/www.deberes.net\/tesis\/wp-json\/wp\/v2\/posts"}],"about":[{"href":"https:\/\/www.deberes.net\/tesis\/wp-json\/wp\/v2\/types\/post"}],"author":[{"embeddable":true,"href":"https:\/\/www.deberes.net\/tesis\/wp-json\/wp\/v2\/users\/1"}],"replies":[{"embeddable":true,"href":"https:\/\/www.deberes.net\/tesis\/wp-json\/wp\/v2\/comments?post=15027"}],"version-history":[{"count":0,"href":"https:\/\/www.deberes.net\/tesis\/wp-json\/wp\/v2\/posts\/15027\/revisions"}],"wp:attachment":[{"href":"https:\/\/www.deberes.net\/tesis\/wp-json\/wp\/v2\/media?parent=15027"}],"wp:term":[{"taxonomy":"category","embeddable":true,"href":"https:\/\/www.deberes.net\/tesis\/wp-json\/wp\/v2\/categories?post=15027"},{"taxonomy":"post_tag","embeddable":true,"href":"https:\/\/www.deberes.net\/tesis\/wp-json\/wp\/v2\/tags?post=15027"}],"curies":[{"name":"wp","href":"https:\/\/api.w.org\/{rel}","templated":true}]}}