{"id":150775,"date":"2026-01-12T16:28:27","date_gmt":"2026-01-12T16:28:27","guid":{"rendered":"https:\/\/www.deberes.net\/tesis\/sin-categoria\/la-industria-litica-prehistorica-de-la-isla-de-la-palma-cuevas-de-san-juan-un-modelo-de-referencia\/"},"modified":"2026-01-12T16:28:27","modified_gmt":"2026-01-12T16:28:27","slug":"la-industria-litica-prehistorica-de-la-isla-de-la-palma-cuevas-de-san-juan-un-modelo-de-referencia","status":"publish","type":"post","link":"https:\/\/www.deberes.net\/tesis\/historia\/la-industria-litica-prehistorica-de-la-isla-de-la-palma-cuevas-de-san-juan-un-modelo-de-referencia\/","title":{"rendered":"La industria litica prehistorica de la isla de la palma: \u00abcuevas de san juan\u00bb, un modelo de referencia"},"content":{"rendered":"<h2>Tesis doctoral de <strong> Amelia Rodr\u00edguez Rodr\u00edguez <\/strong><\/h2>\n<p>&nbsp;<\/p>\n<h3>Datos acad\u00e9micos de la tesis doctoral \u00ab<strong>La industria litica prehistorica de la isla de la palma: \u00abcuevas de san juan\u00bb, un modelo de referencia<\/strong>\u00ab<\/h3>\n<ul>\n<li><strong>T\u00edtulo de la tesis:<\/strong>\u00a0 La industria litica prehistorica de la isla de la palma: \u00abcuevas de san juan\u00bb, un modelo de referencia <\/li>\n<li><strong>Autor:<\/strong>\u00a0 Amelia Rodr\u00edguez Rodr\u00edguez <\/li>\n<li><strong>Universidad:<\/strong>\u00a0 La laguna<\/li>\n<li><strong>Fecha de lectura de la tesis:<\/strong>\u00a0 01\/01\/1990<\/li>\n<\/ul>\n<p>&nbsp;<\/p>\n<h3>Direcci\u00f3n y tribunal<\/h3>\n<ul>\n<li><strong>Director de la tesis<\/strong>\n<ul>\n<li> <\/li>\n<\/ul>\n<\/li>\n<li><strong>Tribunal<\/strong>\n<ul>\n<li>Presidente del tribunal: Antonio Tejera Gaspar <\/li>\n<li>Enrique Vallesp\u00ed Perez (vocal)<\/li>\n<li>Mauro Severo Hern\u00e1ndez P\u00e9rez (vocal)<\/li>\n<li> Navarro Mederos Juan  Francisco (vocal)<\/li>\n<\/ul>\n<\/li>\n<\/ul>\n<p>&nbsp;<\/p>\n","protected":false},"excerpt":{"rendered":"<p>Tesis doctoral de Amelia Rodr\u00edguez Rodr\u00edguez &nbsp; Datos acad\u00e9micos de la tesis doctoral \u00abLa industria litica prehistorica de la isla [&hellip;]<\/p>\n","protected":false},"author":1,"featured_media":0,"comment_status":"open","ping_status":"open","sticky":false,"template":"","format":"standard","meta":{"site-sidebar-layout":"default","site-content-layout":"","ast-site-content-layout":"","site-content-style":"default","site-sidebar-style":"default","ast-global-header-display":"","ast-banner-title-visibility":"","ast-main-header-display":"","ast-hfb-above-header-display":"","ast-hfb-below-header-display":"","ast-hfb-mobile-header-display":"","site-post-title":"","ast-breadcrumbs-content":"","ast-featured-img":"","footer-sml-layout":"","theme-transparent-header-meta":"","adv-header-id-meta":"","stick-header-meta":"","header-above-stick-meta":"","header-main-stick-meta":"","header-below-stick-meta":"","astra-migrate-meta-layouts":"default","ast-page-background-enabled":"default","ast-page-background-meta":{"desktop":{"background-color":"var(--ast-global-color-4)","background-image":"","background-repeat":"repeat","background-position":"center center","background-size":"auto","background-attachment":"scroll","background-type":"","background-media":"","overlay-type":"","overlay-color":"","overlay-gradient":""},"tablet":{"background-color":"","background-image":"","background-repeat":"repeat","background-position":"center center","background-size":"auto","background-attachment":"scroll","background-type":"","background-media":"","overlay-type":"","overlay-color":"","overlay-gradient":""},"mobile":{"background-color":"","background-image":"","background-repeat":"repeat","background-position":"center center","background-size":"auto","background-attachment":"scroll","background-type":"","background-media":"","overlay-type":"","overlay-color":"","overlay-gradient":""}},"ast-content-background-meta":{"desktop":{"background-color":"var(--ast-global-color-5)","background-image":"","background-repeat":"repeat","background-position":"center center","background-size":"auto","background-attachment":"scroll","background-type":"","background-media":"","overlay-type":"","overlay-color":"","overlay-gradient":""},"tablet":{"background-color":"var(--ast-global-color-5)","background-image":"","background-repeat":"repeat","background-position":"center center","background-size":"auto","background-attachment":"scroll","background-type":"","background-media":"","overlay-type":"","overlay-color":"","overlay-gradient":""},"mobile":{"background-color":"var(--ast-global-color-5)","background-image":"","background-repeat":"repeat","background-position":"center center","background-size":"auto","background-attachment":"scroll","background-type":"","background-media":"","overlay-type":"","overlay-color":"","overlay-gradient":""}},"footnotes":""},"categories":[104,220,9915,2635],"tags":[122250,10471,28071,10435,26108],"class_list":["post-150775","post","type-post","status-publish","format-standard","hentry","category-historia","category-historia-por-epocas","category-la-laguna","category-prehistoria","tag-amelia-rodriguez-rodriguez","tag-antonio-tejera-gaspar","tag-enrique-vallespi-perez","tag-mauro-severo-hernandez-perez","tag-navarro-mederos-juan-francisco"],"_links":{"self":[{"href":"https:\/\/www.deberes.net\/tesis\/wp-json\/wp\/v2\/posts\/150775","targetHints":{"allow":["GET"]}}],"collection":[{"href":"https:\/\/www.deberes.net\/tesis\/wp-json\/wp\/v2\/posts"}],"about":[{"href":"https:\/\/www.deberes.net\/tesis\/wp-json\/wp\/v2\/types\/post"}],"author":[{"embeddable":true,"href":"https:\/\/www.deberes.net\/tesis\/wp-json\/wp\/v2\/users\/1"}],"replies":[{"embeddable":true,"href":"https:\/\/www.deberes.net\/tesis\/wp-json\/wp\/v2\/comments?post=150775"}],"version-history":[{"count":0,"href":"https:\/\/www.deberes.net\/tesis\/wp-json\/wp\/v2\/posts\/150775\/revisions"}],"wp:attachment":[{"href":"https:\/\/www.deberes.net\/tesis\/wp-json\/wp\/v2\/media?parent=150775"}],"wp:term":[{"taxonomy":"category","embeddable":true,"href":"https:\/\/www.deberes.net\/tesis\/wp-json\/wp\/v2\/categories?post=150775"},{"taxonomy":"post_tag","embeddable":true,"href":"https:\/\/www.deberes.net\/tesis\/wp-json\/wp\/v2\/tags?post=150775"}],"curies":[{"name":"wp","href":"https:\/\/api.w.org\/{rel}","templated":true}]}}