{"id":15097,"date":"2018-03-09T09:02:06","date_gmt":"2018-03-09T09:02:06","guid":{"rendered":"https:\/\/www.deberes.net\/tesis\/sin-categoria\/impacto-de-un-programa-de-atencion-farmaceutica-comunitaria-en-pacientes-con-asma-bronquial\/"},"modified":"2018-03-09T09:02:06","modified_gmt":"2018-03-09T09:02:06","slug":"impacto-de-un-programa-de-atencion-farmaceutica-comunitaria-en-pacientes-con-asma-bronquial","status":"publish","type":"post","link":"https:\/\/www.deberes.net\/tesis\/ciencias-medicas\/impacto-de-un-programa-de-atencion-farmaceutica-comunitaria-en-pacientes-con-asma-bronquial\/","title":{"rendered":"Impacto de un programa de atenci\u00f3n farmac\u00e9utica comunitaria en pacientes con asma bronquial"},"content":{"rendered":"<h2>Tesis doctoral de <strong> Julio Andres Jacome <\/strong><\/h2>\n<p>Introducci\u00f3n  el asma constituye un problema de salud p\u00fablica mundial. Seg\u00fan la oms, existen entre 100 y 150 millones de asm\u00e1ticos en el mundo. La preValencia en espa\u00f1a se sit\u00faa alrededor del 5-10% de la poblaci\u00f3n, provocando una elevada morbilidad, un gran coste sanitario, y un importante deterioro en la calidad de vida de los pacientes. La evidencia cient\u00edfica revela que se trata de una enfermedad intradiagn\u00f3sticada e infratratada, existiendo m\u00e9todos disponibles para realizar un correcto diagn\u00f3stico, tratamiento y control. El farmac\u00e9utico comunitario puede ser un agente de salud adecuado para conseguir una utilizaci\u00f3n correcta de los medicamentos, e identificar, prevenir y resolver problemas relacionados con la medicaci\u00f3n prm. El objetivo de este estudio es conocer el impacto de un programa de atenci\u00f3n farmac\u00e9utica comunitaria sobre los resultados en salud de pacientes con asma bronquial.  material y m\u00e9todos  estudio de intervenci\u00f3n comunitaria, con dise\u00f1o cuasi-experimental multic\u00e9ntro controlado y medici\u00f3n de las variables respuestas antes y despu\u00e9s de un per\u00edodo de observaci\u00f3n de 9 meses. Se incluyeron 165 pacientes, 96 intervenci\u00f3n, y 69 control, captados en 37 farmacias comunitarias. Instrumentos de recogida de datos: cuestionarios de calidad de vida aqlq y paqlq de juniper; entrevistas de inicio y cierre en las que se incluy\u00f3 una escala de signos de mal control del asma y variables de utilizaci\u00f3n de recursos sanitarios: y registros de visita con datos sobre medicaci\u00f3n y prm identificados.  resultados  en el an\u00e1lisis de calidad de vida, se comprob\u00f3 un impacto favorable del programa para el grupo intervenci\u00f3n, en la puntuaci\u00f3n total de los cuestionarios y por dimensiones. La diferencias observadas en este grupo son estad\u00edstica y cl\u00ednicamente significativas, ya que superan el \u00abcambio cl\u00ednico significativo\u00bb establecido; las diferencias obtendias en el grupo control no son estad\u00edsticamente ni cl<\/p>\n<p>&nbsp;<\/p>\n<h3>Datos acad\u00e9micos de la tesis doctoral \u00ab<strong>Impacto de un programa de atenci\u00f3n farmac\u00e9utica comunitaria en pacientes con asma bronquial<\/strong>\u00ab<\/h3>\n<ul>\n<li><strong>T\u00edtulo de la tesis:<\/strong>\u00a0 Impacto de un programa de atenci\u00f3n farmac\u00e9utica comunitaria en pacientes con asma bronquial <\/li>\n<li><strong>Autor:<\/strong>\u00a0 Julio Andres Jacome <\/li>\n<li><strong>Universidad:<\/strong>\u00a0 Complutense de Madrid<\/li>\n<li><strong>Fecha de lectura de la tesis:<\/strong>\u00a0 14\/01\/2002<\/li>\n<\/ul>\n<p>&nbsp;<\/p>\n<h3>Direcci\u00f3n y tribunal<\/h3>\n<ul>\n<li><strong>Director de la tesis<\/strong>\n<ul>\n<li>Antonio I\u00f1esta Garc\u00eda<\/li>\n<\/ul>\n<\/li>\n<li><strong>Tribunal<\/strong>\n<ul>\n<li>Presidente del tribunal: \u00e1ngel Villar del fresno <\/li>\n<li>Juan a Casas anguita (vocal)<\/li>\n<li> Calvo alcantara M\u00aa Jos\u00e9 (vocal)<\/li>\n<li>esther Gil alegre (vocal)<\/li>\n<\/ul>\n<\/li>\n<\/ul>\n<p>&nbsp;<\/p>\n","protected":false},"excerpt":{"rendered":"<p>Tesis doctoral de Julio Andres Jacome Introducci\u00f3n el asma constituye un problema de salud p\u00fablica mundial. Seg\u00fan la oms, existen [&hellip;]<\/p>\n","protected":false},"author":1,"featured_media":0,"comment_status":"open","ping_status":"open","sticky":false,"template":"","format":"standard","meta":{"site-sidebar-layout":"default","site-content-layout":"","ast-site-content-layout":"","site-content-style":"default","site-sidebar-style":"default","ast-global-header-display":"","ast-banner-title-visibility":"","ast-main-header-display":"","ast-hfb-above-header-display":"","ast-hfb-below-header-display":"","ast-hfb-mobile-header-display":"","site-post-title":"","ast-breadcrumbs-content":"","ast-featured-img":"","footer-sml-layout":"","theme-transparent-header-meta":"","adv-header-id-meta":"","stick-header-meta":"","header-above-stick-meta":"","header-main-stick-meta":"","header-below-stick-meta":"","astra-migrate-meta-layouts":"default","ast-page-background-enabled":"default","ast-page-background-meta":{"desktop":{"background-color":"var(--ast-global-color-4)","background-image":"","background-repeat":"repeat","background-position":"center center","background-size":"auto","background-attachment":"scroll","background-type":"","background-media":"","overlay-type":"","overlay-color":"","overlay-gradient":""},"tablet":{"background-color":"","background-image":"","background-repeat":"repeat","background-position":"center center","background-size":"auto","background-attachment":"scroll","background-type":"","background-media":"","overlay-type":"","overlay-color":"","overlay-gradient":""},"mobile":{"background-color":"","background-image":"","background-repeat":"repeat","background-position":"center center","background-size":"auto","background-attachment":"scroll","background-type":"","background-media":"","overlay-type":"","overlay-color":"","overlay-gradient":""}},"ast-content-background-meta":{"desktop":{"background-color":"var(--ast-global-color-5)","background-image":"","background-repeat":"repeat","background-position":"center center","background-size":"auto","background-attachment":"scroll","background-type":"","background-media":"","overlay-type":"","overlay-color":"","overlay-gradient":""},"tablet":{"background-color":"var(--ast-global-color-5)","background-image":"","background-repeat":"repeat","background-position":"center center","background-size":"auto","background-attachment":"scroll","background-type":"","background-media":"","overlay-type":"","overlay-color":"","overlay-gradient":""},"mobile":{"background-color":"var(--ast-global-color-5)","background-image":"","background-repeat":"repeat","background-position":"center center","background-size":"auto","background-attachment":"scroll","background-type":"","background-media":"","overlay-type":"","overlay-color":"","overlay-gradient":""}},"footnotes":""},"categories":[19815,9,69,957,139,1295,967,269],"tags":[4663,48319,48321,48322,48320,48318],"class_list":["post-15097","post","type-post","status-publish","format-standard","hentry","category-calidad-de-vida","category-ciencias-medicas","category-enfermedades-pulmonares","category-farmacologia","category-medicina-interna","category-problemas-y-conflictos-sociales","category-salud-publica","category-sociologia","tag-angel-villar-del-fresno","tag-antonio-inesta-garcia","tag-calvo-alcantara-ma-jose","tag-esther-gil-alegre","tag-juan-a-casas-anguita","tag-julio-andres-jacome"],"_links":{"self":[{"href":"https:\/\/www.deberes.net\/tesis\/wp-json\/wp\/v2\/posts\/15097","targetHints":{"allow":["GET"]}}],"collection":[{"href":"https:\/\/www.deberes.net\/tesis\/wp-json\/wp\/v2\/posts"}],"about":[{"href":"https:\/\/www.deberes.net\/tesis\/wp-json\/wp\/v2\/types\/post"}],"author":[{"embeddable":true,"href":"https:\/\/www.deberes.net\/tesis\/wp-json\/wp\/v2\/users\/1"}],"replies":[{"embeddable":true,"href":"https:\/\/www.deberes.net\/tesis\/wp-json\/wp\/v2\/comments?post=15097"}],"version-history":[{"count":0,"href":"https:\/\/www.deberes.net\/tesis\/wp-json\/wp\/v2\/posts\/15097\/revisions"}],"wp:attachment":[{"href":"https:\/\/www.deberes.net\/tesis\/wp-json\/wp\/v2\/media?parent=15097"}],"wp:term":[{"taxonomy":"category","embeddable":true,"href":"https:\/\/www.deberes.net\/tesis\/wp-json\/wp\/v2\/categories?post=15097"},{"taxonomy":"post_tag","embeddable":true,"href":"https:\/\/www.deberes.net\/tesis\/wp-json\/wp\/v2\/tags?post=15097"}],"curies":[{"name":"wp","href":"https:\/\/api.w.org\/{rel}","templated":true}]}}