{"id":15098,"date":"2018-03-09T09:02:07","date_gmt":"2018-03-09T09:02:07","guid":{"rendered":"https:\/\/www.deberes.net\/tesis\/sin-categoria\/la-mezquita-catedral-de-cordoba-sa%c2%admbolos-de-poder-estudio-historico-arta%c2%adstico-a-traves-de-sus-armerias\/"},"modified":"2018-03-09T09:02:07","modified_gmt":"2018-03-09T09:02:07","slug":"la-mezquita-catedral-de-cordoba-sa%c2%admbolos-de-poder-estudio-historico-arta%c2%adstico-a-traves-de-sus-armerias","status":"publish","type":"post","link":"https:\/\/www.deberes.net\/tesis\/historia\/la-mezquita-catedral-de-cordoba-sa%c2%admbolos-de-poder-estudio-historico-arta%c2%adstico-a-traves-de-sus-armerias\/","title":{"rendered":"La mezquita-catedral de c\u00f3rdoba: s\u00edmbolos de poder (estudio hist\u00f3rico-art\u00edstico a trav\u00e9s de sus armer\u00edas)"},"content":{"rendered":"<h2>Tesis doctoral de <strong>  Molinero Merchan Juan  Andr\u00e9s <\/strong><\/h2>\n<p>El estudio realizado comporta la investigaci\u00f3n del fen\u00f3meno emblem\u00e1tico del edificio de la mezquita-catedral de c\u00f3rdoba en su etapa cristiana, es decir, desde 1236 hasta nuestros d\u00edas. Se establece un pormenorizado an\u00e1lisis de la estructura formal de las armer\u00edas en la mencionada cronolog\u00eda, al tiempo que se hace un seguimiento de la evoluci\u00f3n emblem\u00e1tica-her\u00e1ldica en todas sus perspectivas (art\u00edstica, est\u00e9tica,&#8230;).  as\u00ed mismo las armer\u00edas sirven como gu\u00eda metodol\u00f3gica para estudiar de forma integral y globalizadora todas aquellas operaciones arquitect\u00f3nicas medievales y modernas sobre la hist\u00f3tica base isl\u00e1mica.  tambi\u00e9n la her\u00e1ldica supone un instrumento \u00fatil para la compresi\u00f3n del cuerpo social cordob\u00e9s y su reflejo en la mezquita-catedral, as\u00ed como la incidencia que tienen los hechos pol\u00edticos.  la interpretaci\u00f3n de las laudes es una base suficiente para la compresi\u00f3n, no solamente de los espacios y su articulaci\u00f3n en funci\u00f3n de \u00f3rdenes civiles y eclesi\u00e1sticas, sino tambi\u00e9n para el conocimiento de quienes fueron en la mayor parte de los casos protagonistas de la catedral, promotores y mecenas.<\/p>\n<p>&nbsp;<\/p>\n<h3>Datos acad\u00e9micos de la tesis doctoral \u00ab<strong>La mezquita-catedral de c\u00f3rdoba: s\u00edmbolos de poder (estudio hist\u00f3rico-art\u00edstico a trav\u00e9s de sus armer\u00edas)<\/strong>\u00ab<\/h3>\n<ul>\n<li><strong>T\u00edtulo de la tesis:<\/strong>\u00a0 La mezquita-catedral de c\u00f3rdoba: s\u00edmbolos de poder (estudio hist\u00f3rico-art\u00edstico a trav\u00e9s de sus armer\u00edas) <\/li>\n<li><strong>Autor:<\/strong>\u00a0  Molinero Merchan Juan  Andr\u00e9s <\/li>\n<li><strong>Universidad:<\/strong>\u00a0 Salamanca<\/li>\n<li><strong>Fecha de lectura de la tesis:<\/strong>\u00a0 14\/01\/2002<\/li>\n<\/ul>\n<p>&nbsp;<\/p>\n<h3>Direcci\u00f3n y tribunal<\/h3>\n<ul>\n<li><strong>Director de la tesis<\/strong>\n<ul>\n<li>Julian Alvarez Villar<\/li>\n<\/ul>\n<\/li>\n<li><strong>Tribunal<\/strong>\n<ul>\n<li>Presidente del tribunal:  Men\u00e9ndez pidal de navascues faustino <\/li>\n<li>sebastian Garcia garrido (vocal)<\/li>\n<li>Manuel Send\u00edn calabuig (vocal)<\/li>\n<li>eduardo Jos\u00e9 Pardo de guevara valdes (vocal)<\/li>\n<\/ul>\n<\/li>\n<\/ul>\n<p>&nbsp;<\/p>\n","protected":false},"excerpt":{"rendered":"<p>Tesis doctoral de Molinero Merchan Juan Andr\u00e9s El estudio realizado comporta la investigaci\u00f3n del fen\u00f3meno emblem\u00e1tico del edificio de la [&hellip;]<\/p>\n","protected":false},"author":1,"featured_media":0,"comment_status":"open","ping_status":"open","sticky":false,"template":"","format":"standard","meta":{"site-sidebar-layout":"default","site-content-layout":"","ast-site-content-layout":"","site-content-style":"default","site-sidebar-style":"default","ast-global-header-display":"","ast-banner-title-visibility":"","ast-main-header-display":"","ast-hfb-above-header-display":"","ast-hfb-below-header-display":"","ast-hfb-mobile-header-display":"","site-post-title":"","ast-breadcrumbs-content":"","ast-featured-img":"","footer-sml-layout":"","theme-transparent-header-meta":"","adv-header-id-meta":"","stick-header-meta":"","header-above-stick-meta":"","header-main-stick-meta":"","header-below-stick-meta":"","astra-migrate-meta-layouts":"default","ast-page-background-enabled":"default","ast-page-background-meta":{"desktop":{"background-color":"var(--ast-global-color-4)","background-image":"","background-repeat":"repeat","background-position":"center center","background-size":"auto","background-attachment":"scroll","background-type":"","background-media":"","overlay-type":"","overlay-color":"","overlay-gradient":""},"tablet":{"background-color":"","background-image":"","background-repeat":"repeat","background-position":"center center","background-size":"auto","background-attachment":"scroll","background-type":"","background-media":"","overlay-type":"","overlay-color":"","overlay-gradient":""},"mobile":{"background-color":"","background-image":"","background-repeat":"repeat","background-position":"center center","background-size":"auto","background-attachment":"scroll","background-type":"","background-media":"","overlay-type":"","overlay-color":"","overlay-gradient":""}},"ast-content-background-meta":{"desktop":{"background-color":"var(--ast-global-color-5)","background-image":"","background-repeat":"repeat","background-position":"center center","background-size":"auto","background-attachment":"scroll","background-type":"","background-media":"","overlay-type":"","overlay-color":"","overlay-gradient":""},"tablet":{"background-color":"var(--ast-global-color-5)","background-image":"","background-repeat":"repeat","background-position":"center center","background-size":"auto","background-attachment":"scroll","background-type":"","background-media":"","overlay-type":"","overlay-color":"","overlay-gradient":""},"mobile":{"background-color":"var(--ast-global-color-5)","background-image":"","background-repeat":"repeat","background-position":"center center","background-size":"auto","background-attachment":"scroll","background-type":"","background-media":"","overlay-type":"","overlay-color":"","overlay-gradient":""}},"footnotes":""},"categories":[1624,19889,104,1745,1014,222,9386],"tags":[21159,12863,48325,48324,48323,41824],"class_list":["post-15098","post","type-post","status-publish","format-standard","hentry","category-ciencias-auxiliares-de-la-historia","category-heraldica","category-historia","category-historia-de-la-arquitectura","category-historia-del-arte","category-historias-especializadas","category-salamanca","tag-eduardo-jose-pardo-de-guevara-valdes","tag-julian-alvarez-villar","tag-manuel-sendin-calabuig","tag-menendez-pidal-de-navascues-faustino","tag-molinero-merchan-juan-andres","tag-sebastian-garcia-garrido"],"_links":{"self":[{"href":"https:\/\/www.deberes.net\/tesis\/wp-json\/wp\/v2\/posts\/15098","targetHints":{"allow":["GET"]}}],"collection":[{"href":"https:\/\/www.deberes.net\/tesis\/wp-json\/wp\/v2\/posts"}],"about":[{"href":"https:\/\/www.deberes.net\/tesis\/wp-json\/wp\/v2\/types\/post"}],"author":[{"embeddable":true,"href":"https:\/\/www.deberes.net\/tesis\/wp-json\/wp\/v2\/users\/1"}],"replies":[{"embeddable":true,"href":"https:\/\/www.deberes.net\/tesis\/wp-json\/wp\/v2\/comments?post=15098"}],"version-history":[{"count":0,"href":"https:\/\/www.deberes.net\/tesis\/wp-json\/wp\/v2\/posts\/15098\/revisions"}],"wp:attachment":[{"href":"https:\/\/www.deberes.net\/tesis\/wp-json\/wp\/v2\/media?parent=15098"}],"wp:term":[{"taxonomy":"category","embeddable":true,"href":"https:\/\/www.deberes.net\/tesis\/wp-json\/wp\/v2\/categories?post=15098"},{"taxonomy":"post_tag","embeddable":true,"href":"https:\/\/www.deberes.net\/tesis\/wp-json\/wp\/v2\/tags?post=15098"}],"curies":[{"name":"wp","href":"https:\/\/api.w.org\/{rel}","templated":true}]}}