{"id":15109,"date":"2018-03-09T09:02:07","date_gmt":"2018-03-09T09:02:07","guid":{"rendered":"https:\/\/www.deberes.net\/tesis\/sin-categoria\/estudio-aerobiologico-comparativo-de-la-atmosfera-de-badajoz-y-merida\/"},"modified":"2018-03-09T09:02:07","modified_gmt":"2018-03-09T09:02:07","slug":"estudio-aerobiologico-comparativo-de-la-atmosfera-de-badajoz-y-merida","status":"publish","type":"post","link":"https:\/\/www.deberes.net\/tesis\/ciencias-de-la-vida\/estudio-aerobiologico-comparativo-de-la-atmosfera-de-badajoz-y-merida\/","title":{"rendered":"Estudio aerobiologico comparativo de la atmosfera de badajoz y merida"},"content":{"rendered":"<h2>Tesis doctoral de <strong> Alfonsa Moreno Corchero <\/strong><\/h2>\n<p>Se realiza un estudio comparativo de la atmosfera de las ciudades de merida y badajoz en base a la informaci\u00f3n aerobiol\u00f3gica referida a la concentraci\u00f3n de granos de polen.El estudio se ha realizado durante los a\u00f1os 1997 y 1998, utilizando un captador aerobiol\u00f3gico volum\u00e9trico modelo burkard. El an\u00e1lisis de los datos de concentraci\u00f3n diaria de granos de polen  han permitido establecer las semejanzas y diferencias cualitativa y cuantitativas entre ambas ciudades. Se utilizan los datos meteorol\u00f3gicos para dar discutir la influencia de los mismos en las variaciones diarias. Los resultados muestran que ambas ciudades muestran un gran nivel de coincidencia en los que refiere a su periodo de polinizaci\u00f3n principal y a las variaciones de las concentraciones diarias de polen. Respecto a la cantidad total de polen recogida el 64% de los tipos polinicos mostraron siempre mayores concentraciones en badajoz. Tambien existe una gran coincidencia entre los patrones horarios de variaci\u00f3n en la concentraci\u00f3n de polen. Respecto a la influencia de los par\u00e1metros meteorol\u00f3gicos la influencia es tambi\u00e9n similar en la mayor parte de los casos.<\/p>\n<p>&nbsp;<\/p>\n<h3>Datos acad\u00e9micos de la tesis doctoral \u00ab<strong>Estudio aerobiologico comparativo de la atmosfera de badajoz y merida<\/strong>\u00ab<\/h3>\n<ul>\n<li><strong>T\u00edtulo de la tesis:<\/strong>\u00a0 Estudio aerobiologico comparativo de la atmosfera de badajoz y merida <\/li>\n<li><strong>Autor:<\/strong>\u00a0 Alfonsa Moreno Corchero <\/li>\n<li><strong>Universidad:<\/strong>\u00a0 Extremadura<\/li>\n<li><strong>Fecha de lectura de la tesis:<\/strong>\u00a0 15\/01\/2002<\/li>\n<\/ul>\n<p>&nbsp;<\/p>\n<h3>Direcci\u00f3n y tribunal<\/h3>\n<ul>\n<li><strong>Director de la tesis<\/strong>\n<ul>\n<li> Mu\u00f1oz Rodriguez Adolfo F.<\/li>\n<\/ul>\n<\/li>\n<li><strong>Tribunal<\/strong>\n<ul>\n<li>Presidente del tribunal:  Leopoldo olga marquez del prado <\/li>\n<li> Rui Manuel almeida brandao (vocal)<\/li>\n<li> M\u00aa angeles gonzalo garrijo (vocal)<\/li>\n<li>Rafael Tormo molina (vocal)<\/li>\n<\/ul>\n<\/li>\n<\/ul>\n<p>&nbsp;<\/p>\n","protected":false},"excerpt":{"rendered":"<p>Tesis doctoral de Alfonsa Moreno Corchero Se realiza un estudio comparativo de la atmosfera de las ciudades de merida y [&hellip;]<\/p>\n","protected":false},"author":1,"featured_media":0,"comment_status":"open","ping_status":"open","sticky":false,"template":"","format":"standard","meta":{"site-sidebar-layout":"default","site-content-layout":"","ast-site-content-layout":"","site-content-style":"default","site-sidebar-style":"default","ast-global-header-display":"","ast-banner-title-visibility":"","ast-main-header-display":"","ast-hfb-above-header-display":"","ast-hfb-below-header-display":"","ast-hfb-mobile-header-display":"","site-post-title":"","ast-breadcrumbs-content":"","ast-featured-img":"","footer-sml-layout":"","theme-transparent-header-meta":"","adv-header-id-meta":"","stick-header-meta":"","header-above-stick-meta":"","header-main-stick-meta":"","header-below-stick-meta":"","astra-migrate-meta-layouts":"default","ast-page-background-enabled":"default","ast-page-background-meta":{"desktop":{"background-color":"var(--ast-global-color-4)","background-image":"","background-repeat":"repeat","background-position":"center center","background-size":"auto","background-attachment":"scroll","background-type":"","background-media":"","overlay-type":"","overlay-color":"","overlay-gradient":""},"tablet":{"background-color":"","background-image":"","background-repeat":"repeat","background-position":"center center","background-size":"auto","background-attachment":"scroll","background-type":"","background-media":"","overlay-type":"","overlay-color":"","overlay-gradient":""},"mobile":{"background-color":"","background-image":"","background-repeat":"repeat","background-position":"center center","background-size":"auto","background-attachment":"scroll","background-type":"","background-media":"","overlay-type":"","overlay-color":"","overlay-gradient":""}},"ast-content-background-meta":{"desktop":{"background-color":"var(--ast-global-color-5)","background-image":"","background-repeat":"repeat","background-position":"center center","background-size":"auto","background-attachment":"scroll","background-type":"","background-media":"","overlay-type":"","overlay-color":"","overlay-gradient":""},"tablet":{"background-color":"var(--ast-global-color-5)","background-image":"","background-repeat":"repeat","background-position":"center center","background-size":"auto","background-attachment":"scroll","background-type":"","background-media":"","overlay-type":"","overlay-color":"","overlay-gradient":""},"mobile":{"background-color":"var(--ast-global-color-5)","background-image":"","background-repeat":"repeat","background-position":"center center","background-size":"auto","background-attachment":"scroll","background-type":"","background-media":"","overlay-type":"","overlay-color":"","overlay-gradient":""}},"footnotes":""},"categories":[972,621,35,949,3856,7419],"tags":[48351,48353,48352,48355,19548,48354],"class_list":["post-15109","post","type-post","status-publish","format-standard","hentry","category-botanica","category-botanica-general","category-ciencias-de-la-vida","category-extremadura","category-paleontologia","category-palinologia","tag-alfonsa-moreno-corchero","tag-leopoldo-olga-marquez-del-prado","tag-munoz-rodriguez-adolfo-f","tag-ma-angeles-gonzalo-garrijo","tag-rafael-tormo-molina","tag-rui-manuel-almeida-brandao"],"_links":{"self":[{"href":"https:\/\/www.deberes.net\/tesis\/wp-json\/wp\/v2\/posts\/15109","targetHints":{"allow":["GET"]}}],"collection":[{"href":"https:\/\/www.deberes.net\/tesis\/wp-json\/wp\/v2\/posts"}],"about":[{"href":"https:\/\/www.deberes.net\/tesis\/wp-json\/wp\/v2\/types\/post"}],"author":[{"embeddable":true,"href":"https:\/\/www.deberes.net\/tesis\/wp-json\/wp\/v2\/users\/1"}],"replies":[{"embeddable":true,"href":"https:\/\/www.deberes.net\/tesis\/wp-json\/wp\/v2\/comments?post=15109"}],"version-history":[{"count":0,"href":"https:\/\/www.deberes.net\/tesis\/wp-json\/wp\/v2\/posts\/15109\/revisions"}],"wp:attachment":[{"href":"https:\/\/www.deberes.net\/tesis\/wp-json\/wp\/v2\/media?parent=15109"}],"wp:term":[{"taxonomy":"category","embeddable":true,"href":"https:\/\/www.deberes.net\/tesis\/wp-json\/wp\/v2\/categories?post=15109"},{"taxonomy":"post_tag","embeddable":true,"href":"https:\/\/www.deberes.net\/tesis\/wp-json\/wp\/v2\/tags?post=15109"}],"curies":[{"name":"wp","href":"https:\/\/api.w.org\/{rel}","templated":true}]}}