{"id":15119,"date":"2018-03-09T09:02:08","date_gmt":"2018-03-09T09:02:08","guid":{"rendered":"https:\/\/www.deberes.net\/tesis\/sin-categoria\/la-responsabilidad-penal-del-empresario-por-los-hechos-cometidos-por-sus-cooperadores\/"},"modified":"2018-03-09T09:02:08","modified_gmt":"2018-03-09T09:02:08","slug":"la-responsabilidad-penal-del-empresario-por-los-hechos-cometidos-por-sus-cooperadores","status":"publish","type":"post","link":"https:\/\/www.deberes.net\/tesis\/ciencias-juridicas-y-derecho\/la-responsabilidad-penal-del-empresario-por-los-hechos-cometidos-por-sus-cooperadores\/","title":{"rendered":"La responsabilidad penal del empresario por los hechos cometidos por sus cooperadores"},"content":{"rendered":"<h2>Tesis doctoral de <strong>  Meini Mendez Ivan Fabio <\/strong><\/h2>\n<p>Esta tesis versa sobre los modelos de imputaci\u00f3n de responsabilidad penal al empresario u \u00f3rgano directivo de las empresas por los hechos cometidos por sus cooperadores. Sobre la base de que el empresario es quien organiza la actividad empresarial y, por la posici\u00f3n que ocupa en la empresa, tiene un mayor grado de conocimiento sobre los procesos productivos que sus empleados subordinados, se asume que tiene, tambi\u00e9n, el deber de vigilar el correcto comportamiento de sus empleados. As\u00ed, se admite que el empresario puede responder penalmente a t\u00edtulo de autor mediato, incluso cuando el ejecutor subordinado sea tambi\u00e9n un sujeto penalmente responsable (teor\u00eda de la autor\u00eda mediata sobre la base del dominio de la voluntad en los aparatos de poder organizado). Se analiza tambi\u00e9n la responsabilidad del empresario en comisi\u00f3n por omisi\u00f3n. En tal sentido, se estudian las diversas fuentes de deber de garante que \u00e9ste tiene en funci\u00f3n a la concreta actividad que desempe\u00f1a para la empresa. Paralelamente, se analiza la responsabilidad en la que puede incurrir el miembro de un \u00f3rgano colegiado cuando se adopta un acuerdo antijur\u00eddico. Del estudio de la posici\u00f3n de garante del empresario se deriva el an\u00e1lisis de la delegaci\u00f3n de funciones como m\u00e9todo de transmisi\u00f3n de la posici\u00f3n de garante. Se estudian sus presupuestos y sus consecuencia, adopt\u00e1ndose la idea de que el empresario que delega en un tercero una concreta actividad, mantiene una posici\u00f3n de garante residual que le obliga a vigilar el cumplimiento de la tarea delegada. As\u00edmismo, se estudia la problem\u00e1tica que origina la imputaci\u00f3n de responsabilidad penal por la comisi\u00f3n de delitos especiales (\u00abactuaci\u00f3n en lugar de otro\u00bb). Finalmente se valora la posibilidad de elevar a la categor\u00eda de autor\u00eda comportamientos del empresario que, materialmente, constituyen participaci\u00f3n delictiva, as\u00ed como la posibilidad de crear un tipo espec\u00edfico de omisi\u00f3n pura en el cual<\/p>\n<p>&nbsp;<\/p>\n<h3>Datos acad\u00e9micos de la tesis doctoral \u00ab<strong>La responsabilidad penal del empresario por los hechos cometidos por sus cooperadores<\/strong>\u00ab<\/h3>\n<ul>\n<li><strong>T\u00edtulo de la tesis:<\/strong>\u00a0 La responsabilidad penal del empresario por los hechos cometidos por sus cooperadores <\/li>\n<li><strong>Autor:<\/strong>\u00a0  Meini Mendez Ivan Fabio <\/li>\n<li><strong>Universidad:<\/strong>\u00a0 C\u00e1diz<\/li>\n<li><strong>Fecha de lectura de la tesis:<\/strong>\u00a0 16\/01\/2002<\/li>\n<\/ul>\n<p>&nbsp;<\/p>\n<h3>Direcci\u00f3n y tribunal<\/h3>\n<ul>\n<li><strong>Director de la tesis<\/strong>\n<ul>\n<li>Juan  Mar\u00eda Terradillos Basoco<\/li>\n<\/ul>\n<\/li>\n<li><strong>Tribunal<\/strong>\n<ul>\n<li>Presidente del tribunal: jose Hurtado pozo <\/li>\n<li>mercedes Garc\u00eda ar\u00e1n (vocal)<\/li>\n<li>Carlos Mart\u00ednez-buj\u00e1n p\u00e9rez (vocal)<\/li>\n<li>Carlos Suarez gonz\u00e1lez (vocal)<\/li>\n<\/ul>\n<\/li>\n<\/ul>\n<p>&nbsp;<\/p>\n","protected":false},"excerpt":{"rendered":"<p>Tesis doctoral de Meini Mendez Ivan Fabio Esta tesis versa sobre los modelos de imputaci\u00f3n de responsabilidad penal al empresario [&hellip;]<\/p>\n","protected":false},"author":1,"featured_media":0,"comment_status":"open","ping_status":"open","sticky":false,"template":"","format":"standard","meta":{"site-sidebar-layout":"default","site-content-layout":"","ast-site-content-layout":"","site-content-style":"default","site-sidebar-style":"default","ast-global-header-display":"","ast-banner-title-visibility":"","ast-main-header-display":"","ast-hfb-above-header-display":"","ast-hfb-below-header-display":"","ast-hfb-mobile-header-display":"","site-post-title":"","ast-breadcrumbs-content":"","ast-featured-img":"","footer-sml-layout":"","theme-transparent-header-meta":"","adv-header-id-meta":"","stick-header-meta":"","header-above-stick-meta":"","header-main-stick-meta":"","header-below-stick-meta":"","astra-migrate-meta-layouts":"default","ast-page-background-enabled":"default","ast-page-background-meta":{"desktop":{"background-color":"var(--ast-global-color-4)","background-image":"","background-repeat":"repeat","background-position":"center center","background-size":"auto","background-attachment":"scroll","background-type":"","background-media":"","overlay-type":"","overlay-color":"","overlay-gradient":""},"tablet":{"background-color":"","background-image":"","background-repeat":"repeat","background-position":"center center","background-size":"auto","background-attachment":"scroll","background-type":"","background-media":"","overlay-type":"","overlay-color":"","overlay-gradient":""},"mobile":{"background-color":"","background-image":"","background-repeat":"repeat","background-position":"center center","background-size":"auto","background-attachment":"scroll","background-type":"","background-media":"","overlay-type":"","overlay-color":"","overlay-gradient":""}},"ast-content-background-meta":{"desktop":{"background-color":"var(--ast-global-color-5)","background-image":"","background-repeat":"repeat","background-position":"center center","background-size":"auto","background-attachment":"scroll","background-type":"","background-media":"","overlay-type":"","overlay-color":"","overlay-gradient":""},"tablet":{"background-color":"var(--ast-global-color-5)","background-image":"","background-repeat":"repeat","background-position":"center center","background-size":"auto","background-attachment":"scroll","background-type":"","background-media":"","overlay-type":"","overlay-color":"","overlay-gradient":""},"mobile":{"background-color":"var(--ast-global-color-5)","background-image":"","background-repeat":"repeat","background-position":"center center","background-size":"auto","background-attachment":"scroll","background-type":"","background-media":"","overlay-type":"","overlay-color":"","overlay-gradient":""}},"footnotes":""},"categories":[1506,612,613,3620,979,3621],"tags":[34540,7545,48381,26758,48380,31134],"class_list":["post-15119","post","type-post","status-publish","format-standard","hentry","category-cadiz","category-ciencias-juridicas-y-derecho","category-derecho-penal","category-derecho-procesal","category-derecho-y-legislacion-nacionales","category-organizacion-juridica","tag-carlos-Martinez-bujan-perez","tag-carlos-suarez-gonzalez","tag-jose-hurtado-pozo","tag-juan-maria-terradillos-basoco","tag-meini-mendez-ivan-fabio","tag-mercedes-garcia-aran"],"_links":{"self":[{"href":"https:\/\/www.deberes.net\/tesis\/wp-json\/wp\/v2\/posts\/15119","targetHints":{"allow":["GET"]}}],"collection":[{"href":"https:\/\/www.deberes.net\/tesis\/wp-json\/wp\/v2\/posts"}],"about":[{"href":"https:\/\/www.deberes.net\/tesis\/wp-json\/wp\/v2\/types\/post"}],"author":[{"embeddable":true,"href":"https:\/\/www.deberes.net\/tesis\/wp-json\/wp\/v2\/users\/1"}],"replies":[{"embeddable":true,"href":"https:\/\/www.deberes.net\/tesis\/wp-json\/wp\/v2\/comments?post=15119"}],"version-history":[{"count":0,"href":"https:\/\/www.deberes.net\/tesis\/wp-json\/wp\/v2\/posts\/15119\/revisions"}],"wp:attachment":[{"href":"https:\/\/www.deberes.net\/tesis\/wp-json\/wp\/v2\/media?parent=15119"}],"wp:term":[{"taxonomy":"category","embeddable":true,"href":"https:\/\/www.deberes.net\/tesis\/wp-json\/wp\/v2\/categories?post=15119"},{"taxonomy":"post_tag","embeddable":true,"href":"https:\/\/www.deberes.net\/tesis\/wp-json\/wp\/v2\/tags?post=15119"}],"curies":[{"name":"wp","href":"https:\/\/api.w.org\/{rel}","templated":true}]}}