{"id":15132,"date":"2018-03-09T09:02:09","date_gmt":"2018-03-09T09:02:09","guid":{"rendered":"https:\/\/www.deberes.net\/tesis\/sin-categoria\/el-regimen-jura%c2%addico-del-mercado-vitivinicola-en-la-union-europea\/"},"modified":"2018-03-09T09:02:09","modified_gmt":"2018-03-09T09:02:09","slug":"el-regimen-jura%c2%addico-del-mercado-vitivinicola-en-la-union-europea","status":"publish","type":"post","link":"https:\/\/www.deberes.net\/tesis\/ciencias-juridicas-y-derecho\/el-regimen-jura%c2%addico-del-mercado-vitivinicola-en-la-union-europea\/","title":{"rendered":"El r\u00e9gimen jur\u00eddico del mercado vitivinicola en la uni\u00f3n europea"},"content":{"rendered":"<h2>Tesis doctoral de <strong> Fernando Gonz\u00e1lez Botija <\/strong><\/h2>\n<p>El an\u00e1lisis del r\u00e9gimen jur\u00eddico del mercado vitivin\u00edcola (ocm) en la uni\u00f3n europea supone abordar las siguientes materias:  1,- an\u00e1lisis del fundamento de la ocm del vino desde la \u00f3ptica de la consecuci\u00f3n de los objetivos del art.39 del tratado de roma, de los objetivos derivados y en especial: la libre ciruculaci\u00f3n de mercanc\u00edas.  2,- estudio del campo aplicaci\u00f3n de la ocm del vino (el vino como producto agr\u00edcola: la exclusi\u00f3n de las bebidas alcoh\u00f3licas de origen v\u00ednico del campo de aplicaci\u00f3n de la ocm. El concepto de vino: (definici\u00f3n normativa: a) el problema de la llamada &lt;&lt;chaptalizaci\u00f3n&gt;&gt;; b) el empleo de la expresi\u00f3n: &lt;&lt;vino&gt;&gt;. Clasificaci\u00f3n normativa de los distintos tipos de vino), y la clasificaci\u00f3n de las distintas categor\u00edas de vino (vino de mesa, vinos de licor y vinos espumosos y vino de calidad producidos en regiones determinadas).  3,- examen de la pol\u00edtica de control, abandono y reconversi\u00f3n del vi\u00f1edo en la union europea: r\u00e9gimen de nuevas plantaciones y replantaciones. La pol\u00edtica de fomento del abandono, reconversi\u00f3n y reestructuraci\u00f3n del vi\u00f1edo. la clasificaci\u00f3n de las superficies plantadas de vi\u00f1edo y de las vides. la divisi\u00f3n del territorio comunitario en zonas y categor\u00edas. La elaboraci\u00f3n del catastro, las encuestas de superficie plantada de vi\u00f1edo y el registro vit\u00edcola.  4,- gesti\u00f3n del mercado vitivin\u00edcola: a) el control del cumplimiento de la normativa sobre la ocm del vino, b) concesi\u00f3n de ayudas de estado en el mercado vitivinicola mecanismos de intervenci\u00f3n (r\u00e9gimen de precios: la elaboraci\u00f3n de un plan de previsiones y del blance definitivo; las ayudas al almacenamiento; las ayudas al realojamiento; medidas de destilaci\u00f3n. campa\u00f1as de promoci\u00f3n. Ayudas a la fabricaci\u00f3n de determinados productos en el reino unido y en irlanda. Ayudas a la utilizaci\u00f3n de mostos para el aumento del grado alcoh\u00f3lico de los producos vit\u00edcolas. Ayudas<\/p>\n<p>&nbsp;<\/p>\n<h3>Datos acad\u00e9micos de la tesis doctoral \u00ab<strong>El r\u00e9gimen jur\u00eddico del mercado vitivinicola en la uni\u00f3n europea<\/strong>\u00ab<\/h3>\n<ul>\n<li><strong>T\u00edtulo de la tesis:<\/strong>\u00a0 El r\u00e9gimen jur\u00eddico del mercado vitivinicola en la uni\u00f3n europea <\/li>\n<li><strong>Autor:<\/strong>\u00a0 Fernando Gonz\u00e1lez Botija <\/li>\n<li><strong>Universidad:<\/strong>\u00a0 Complutense de Madrid<\/li>\n<li><strong>Fecha de lectura de la tesis:<\/strong>\u00a0 17\/01\/2002<\/li>\n<\/ul>\n<p>&nbsp;<\/p>\n<h3>Direcci\u00f3n y tribunal<\/h3>\n<ul>\n<li><strong>Director de la tesis<\/strong>\n<ul>\n<li>Luis Morell Oca\u00f1a<\/li>\n<\/ul>\n<\/li>\n<li><strong>Tribunal<\/strong>\n<ul>\n<li>Presidente del tribunal: rafael G\u00f3mez-ferrer morant <\/li>\n<li>angel S\u00e1nchez hern\u00e1ndez (vocal)<\/li>\n<li>pedro de Pablo contreras (vocal)<\/li>\n<li>\u00e1ngel S\u00e1nchez blanco (vocal)<\/li>\n<\/ul>\n<\/li>\n<\/ul>\n<p>&nbsp;<\/p>\n","protected":false},"excerpt":{"rendered":"<p>Tesis doctoral de Fernando Gonz\u00e1lez Botija El an\u00e1lisis del r\u00e9gimen jur\u00eddico del mercado vitivin\u00edcola (ocm) en la uni\u00f3n europea supone [&hellip;]<\/p>\n","protected":false},"author":1,"featured_media":0,"comment_status":"open","ping_status":"open","sticky":false,"template":"","format":"standard","meta":{"site-sidebar-layout":"default","site-content-layout":"","ast-site-content-layout":"","site-content-style":"default","site-sidebar-style":"default","ast-global-header-display":"","ast-banner-title-visibility":"","ast-main-header-display":"","ast-hfb-above-header-display":"","ast-hfb-below-header-display":"","ast-hfb-mobile-header-display":"","site-post-title":"","ast-breadcrumbs-content":"","ast-featured-img":"","footer-sml-layout":"","theme-transparent-header-meta":"","adv-header-id-meta":"","stick-header-meta":"","header-above-stick-meta":"","header-main-stick-meta":"","header-below-stick-meta":"","astra-migrate-meta-layouts":"default","ast-page-background-enabled":"default","ast-page-background-meta":{"desktop":{"background-color":"var(--ast-global-color-4)","background-image":"","background-repeat":"repeat","background-position":"center center","background-size":"auto","background-attachment":"scroll","background-type":"","background-media":"","overlay-type":"","overlay-color":"","overlay-gradient":""},"tablet":{"background-color":"","background-image":"","background-repeat":"repeat","background-position":"center center","background-size":"auto","background-attachment":"scroll","background-type":"","background-media":"","overlay-type":"","overlay-color":"","overlay-gradient":""},"mobile":{"background-color":"","background-image":"","background-repeat":"repeat","background-position":"center center","background-size":"auto","background-attachment":"scroll","background-type":"","background-media":"","overlay-type":"","overlay-color":"","overlay-gradient":""}},"ast-content-background-meta":{"desktop":{"background-color":"var(--ast-global-color-5)","background-image":"","background-repeat":"repeat","background-position":"center center","background-size":"auto","background-attachment":"scroll","background-type":"","background-media":"","overlay-type":"","overlay-color":"","overlay-gradient":""},"tablet":{"background-color":"var(--ast-global-color-5)","background-image":"","background-repeat":"repeat","background-position":"center center","background-size":"auto","background-attachment":"scroll","background-type":"","background-media":"","overlay-type":"","overlay-color":"","overlay-gradient":""},"mobile":{"background-color":"var(--ast-global-color-5)","background-image":"","background-repeat":"repeat","background-position":"center center","background-size":"auto","background-attachment":"scroll","background-type":"","background-media":"","overlay-type":"","overlay-color":"","overlay-gradient":""}},"footnotes":""},"categories":[612,1442,979],"tags":[18554,48420,48419,22286,17812,3455],"class_list":["post-15132","post","type-post","status-publish","format-standard","hentry","category-ciencias-juridicas-y-derecho","category-derecho-administrativo","category-derecho-y-legislacion-nacionales","tag-angel-sanchez-blanco","tag-angel-sanchez-hernandez","tag-fernando-gonzalez-botija","tag-luis-morell-ocana","tag-pedro-de-pablo-contreras","tag-rafael-gomez-ferrer-morant"],"_links":{"self":[{"href":"https:\/\/www.deberes.net\/tesis\/wp-json\/wp\/v2\/posts\/15132","targetHints":{"allow":["GET"]}}],"collection":[{"href":"https:\/\/www.deberes.net\/tesis\/wp-json\/wp\/v2\/posts"}],"about":[{"href":"https:\/\/www.deberes.net\/tesis\/wp-json\/wp\/v2\/types\/post"}],"author":[{"embeddable":true,"href":"https:\/\/www.deberes.net\/tesis\/wp-json\/wp\/v2\/users\/1"}],"replies":[{"embeddable":true,"href":"https:\/\/www.deberes.net\/tesis\/wp-json\/wp\/v2\/comments?post=15132"}],"version-history":[{"count":0,"href":"https:\/\/www.deberes.net\/tesis\/wp-json\/wp\/v2\/posts\/15132\/revisions"}],"wp:attachment":[{"href":"https:\/\/www.deberes.net\/tesis\/wp-json\/wp\/v2\/media?parent=15132"}],"wp:term":[{"taxonomy":"category","embeddable":true,"href":"https:\/\/www.deberes.net\/tesis\/wp-json\/wp\/v2\/categories?post=15132"},{"taxonomy":"post_tag","embeddable":true,"href":"https:\/\/www.deberes.net\/tesis\/wp-json\/wp\/v2\/tags?post=15132"}],"curies":[{"name":"wp","href":"https:\/\/api.w.org\/{rel}","templated":true}]}}