{"id":15133,"date":"2018-03-09T09:02:09","date_gmt":"2018-03-09T09:02:09","guid":{"rendered":"https:\/\/www.deberes.net\/tesis\/sin-categoria\/la-eficacia-del-derecho-ambiental-comunitario\/"},"modified":"2018-03-09T09:02:09","modified_gmt":"2018-03-09T09:02:09","slug":"la-eficacia-del-derecho-ambiental-comunitario","status":"publish","type":"post","link":"https:\/\/www.deberes.net\/tesis\/ciencias-juridicas-y-derecho\/la-eficacia-del-derecho-ambiental-comunitario\/","title":{"rendered":"La eficacia del derecho ambiental comunitario"},"content":{"rendered":"<h2>Tesis doctoral de <strong> Carmen Plaza Mart\u00edn <\/strong><\/h2>\n<p>El objeto de estudio de la tesis es el de la eficacia del derecho ambiental comunitario. Se analizan los problemas que han obstaculizado la uniforme y eficaz aplicaci\u00f3n de estas normas comunitarias en los estados miembros y, se analizan los principales factores que pueden reforzar o menoscabar dicha eficacia desde el momento mismo de su gestaci\u00f3n en el seno de las instituciones comunitarias y durante el proceso de ejecuci\u00f3n por los estados miembros. Desde esta perspectiva se examina, por un lado, al proceso decisorio de la comunidad y los instrumentos y t\u00e9cnicas normativas que \u00e9sta utiliza para dar forma jur\u00eddica a su pol\u00edtica ambiental. Y, por otro, se presta especial atenci\u00f3n al alcance de la obligaci\u00f3n de ejecuci\u00f3n normativa de las disposiciones comunitarias en los ordenamientos nacionales y, en particular, a los problemas que presentan las directivas ambientales. Obligaci\u00f3n \u00e9sta que se examina fundamentalmente a la luz de la jurisprudencial del tribunal de justicia de las comunidades europeas, el cual, en su papel de int\u00e9rprete supremo del derecho comunitario, ha delimitado considerablemente el margen de discrecionalidad de que cre\u00edan gozar los estados miembros al afrontar la ejecuci\u00f3n del derecho comunitario. Jurisprudencia en la que la b\u00fasqueda del \u00abefecto comunitarios\u00bb de los particulares son las dos caras de una misma moneda.<\/p>\n<p>&nbsp;<\/p>\n<h3>Datos acad\u00e9micos de la tesis doctoral \u00ab<strong>La eficacia del derecho ambiental comunitario<\/strong>\u00ab<\/h3>\n<ul>\n<li><strong>T\u00edtulo de la tesis:<\/strong>\u00a0 La eficacia del derecho ambiental comunitario <\/li>\n<li><strong>Autor:<\/strong>\u00a0 Carmen Plaza Mart\u00edn <\/li>\n<li><strong>Universidad:<\/strong>\u00a0 Complutense de Madrid<\/li>\n<li><strong>Fecha de lectura de la tesis:<\/strong>\u00a0 17\/01\/2002<\/li>\n<\/ul>\n<p>&nbsp;<\/p>\n<h3>Direcci\u00f3n y tribunal<\/h3>\n<ul>\n<li><strong>Director de la tesis<\/strong>\n<ul>\n<li>Tomas Ramon Fernandez Rodr\u00edguez<\/li>\n<\/ul>\n<\/li>\n<li><strong>Tribunal<\/strong>\n<ul>\n<li>Presidente del tribunal: rafael G\u00f3mez-ferrer murant <\/li>\n<li>Fernando Lopez ramon (vocal)<\/li>\n<li>lu\u00eds ignacio Ortega \u00e1lvarez (vocal)<\/li>\n<li>blanco Lozano (vocal)<\/li>\n<\/ul>\n<\/li>\n<\/ul>\n<p>&nbsp;<\/p>\n","protected":false},"excerpt":{"rendered":"<p>Tesis doctoral de Carmen Plaza Mart\u00edn El objeto de estudio de la tesis es el de la eficacia del derecho [&hellip;]<\/p>\n","protected":false},"author":1,"featured_media":0,"comment_status":"open","ping_status":"open","sticky":false,"template":"","format":"standard","meta":{"site-sidebar-layout":"default","site-content-layout":"","ast-site-content-layout":"","site-content-style":"default","site-sidebar-style":"default","ast-global-header-display":"","ast-banner-title-visibility":"","ast-main-header-display":"","ast-hfb-above-header-display":"","ast-hfb-below-header-display":"","ast-hfb-mobile-header-display":"","site-post-title":"","ast-breadcrumbs-content":"","ast-featured-img":"","footer-sml-layout":"","theme-transparent-header-meta":"","adv-header-id-meta":"","stick-header-meta":"","header-above-stick-meta":"","header-main-stick-meta":"","header-below-stick-meta":"","astra-migrate-meta-layouts":"default","ast-page-background-enabled":"default","ast-page-background-meta":{"desktop":{"background-color":"var(--ast-global-color-4)","background-image":"","background-repeat":"repeat","background-position":"center center","background-size":"auto","background-attachment":"scroll","background-type":"","background-media":"","overlay-type":"","overlay-color":"","overlay-gradient":""},"tablet":{"background-color":"","background-image":"","background-repeat":"repeat","background-position":"center center","background-size":"auto","background-attachment":"scroll","background-type":"","background-media":"","overlay-type":"","overlay-color":"","overlay-gradient":""},"mobile":{"background-color":"","background-image":"","background-repeat":"repeat","background-position":"center center","background-size":"auto","background-attachment":"scroll","background-type":"","background-media":"","overlay-type":"","overlay-color":"","overlay-gradient":""}},"ast-content-background-meta":{"desktop":{"background-color":"var(--ast-global-color-5)","background-image":"","background-repeat":"repeat","background-position":"center center","background-size":"auto","background-attachment":"scroll","background-type":"","background-media":"","overlay-type":"","overlay-color":"","overlay-gradient":""},"tablet":{"background-color":"var(--ast-global-color-5)","background-image":"","background-repeat":"repeat","background-position":"center center","background-size":"auto","background-attachment":"scroll","background-type":"","background-media":"","overlay-type":"","overlay-color":"","overlay-gradient":""},"mobile":{"background-color":"var(--ast-global-color-5)","background-image":"","background-repeat":"repeat","background-position":"center center","background-size":"auto","background-attachment":"scroll","background-type":"","background-media":"","overlay-type":"","overlay-color":"","overlay-gradient":""}},"footnotes":""},"categories":[612,1442,979],"tags":[48423,48421,14618,6454,48422,9337],"class_list":["post-15133","post","type-post","status-publish","format-standard","hentry","category-ciencias-juridicas-y-derecho","category-derecho-administrativo","category-derecho-y-legislacion-nacionales","tag-blanco-lozano","tag-carmen-plaza-martin","tag-fernando-lopez-ramon","tag-luis-ignacio-ortega-alvarez","tag-rafael-gomez-ferrer-murant","tag-tomas-ramon-fernandez-rodriguez"],"_links":{"self":[{"href":"https:\/\/www.deberes.net\/tesis\/wp-json\/wp\/v2\/posts\/15133","targetHints":{"allow":["GET"]}}],"collection":[{"href":"https:\/\/www.deberes.net\/tesis\/wp-json\/wp\/v2\/posts"}],"about":[{"href":"https:\/\/www.deberes.net\/tesis\/wp-json\/wp\/v2\/types\/post"}],"author":[{"embeddable":true,"href":"https:\/\/www.deberes.net\/tesis\/wp-json\/wp\/v2\/users\/1"}],"replies":[{"embeddable":true,"href":"https:\/\/www.deberes.net\/tesis\/wp-json\/wp\/v2\/comments?post=15133"}],"version-history":[{"count":0,"href":"https:\/\/www.deberes.net\/tesis\/wp-json\/wp\/v2\/posts\/15133\/revisions"}],"wp:attachment":[{"href":"https:\/\/www.deberes.net\/tesis\/wp-json\/wp\/v2\/media?parent=15133"}],"wp:term":[{"taxonomy":"category","embeddable":true,"href":"https:\/\/www.deberes.net\/tesis\/wp-json\/wp\/v2\/categories?post=15133"},{"taxonomy":"post_tag","embeddable":true,"href":"https:\/\/www.deberes.net\/tesis\/wp-json\/wp\/v2\/tags?post=15133"}],"curies":[{"name":"wp","href":"https:\/\/api.w.org\/{rel}","templated":true}]}}