{"id":15146,"date":"2018-03-09T09:02:11","date_gmt":"2018-03-09T09:02:11","guid":{"rendered":"https:\/\/www.deberes.net\/tesis\/sin-categoria\/el-gobierno-cesante-o-en-funciones-en-el-ordenamiento-constitucional-espanol\/"},"modified":"2018-03-09T09:02:11","modified_gmt":"2018-03-09T09:02:11","slug":"el-gobierno-cesante-o-en-funciones-en-el-ordenamiento-constitucional-espanol","status":"publish","type":"post","link":"https:\/\/www.deberes.net\/tesis\/ciencias-juridicas-y-derecho\/el-gobierno-cesante-o-en-funciones-en-el-ordenamiento-constitucional-espanol\/","title":{"rendered":"El gobierno cesante o en funciones en el ordenamiento constitucional espa\u00f1ol"},"content":{"rendered":"<h2>Tesis doctoral de <strong> Fernando Reviriego Pic\u00f3n <\/strong><\/h2>\n<p>La coordinaci\u00f3n de la necesaria exigencia de permanencia del gobierno, \u00f3rgano pol\u00edtico central en el estado moderno, con la sucesi\u00f3n que peri\u00f3dicamente debe producirse respecto de los titulares de dicha funci\u00f3n org\u00e1nica en un r\u00e9gimen democr\u00e1tico, acostumbrada a solventarse en los sistemas parlamentarios con la predeterminaci\u00f3n de continuidad de \u00e9stos desde su cese hasta la toma de posesi\u00f3n de aqu\u00e9llos que deban sucederles. A esto se denomina continuidad o permanencia en funciones, prorogatio en un sentido gen\u00e9rico. Estamos ante una previsi\u00f3n que no se plantea con exclusividad respecto del \u00f3rgano gubernamental, ya que no resulta extra\u00f1a para \u00f3rganos de car\u00e1cter colegiado que se renuevan peri\u00f3dicamente en su totalidad, pero que en aqu\u00e9l resulta especialmente relevante, revistiendo espec\u00edficas particularidades.  se abordan los diferentes aspectos que se entrelazan en nuestro ordenamiento constitucional a la hora de dar soluci\u00f3n a esta cuesti\u00f3n, el problema de la sucesi\u00f3n entre gobiernos y el intento de evitar soluciones de continuidad en dicho \u00f3rgano.<\/p>\n<p>&nbsp;<\/p>\n<h3>Datos acad\u00e9micos de la tesis doctoral \u00ab<strong>El gobierno cesante o en funciones en el ordenamiento constitucional espa\u00f1ol<\/strong>\u00ab<\/h3>\n<ul>\n<li><strong>T\u00edtulo de la tesis:<\/strong>\u00a0 El gobierno cesante o en funciones en el ordenamiento constitucional espa\u00f1ol <\/li>\n<li><strong>Autor:<\/strong>\u00a0 Fernando Reviriego Pic\u00f3n <\/li>\n<li><strong>Universidad:<\/strong>\u00a0 Carlos III de Madrid<\/li>\n<li><strong>Fecha de lectura de la tesis:<\/strong>\u00a0 17\/01\/2002<\/li>\n<\/ul>\n<p>&nbsp;<\/p>\n<h3>Direcci\u00f3n y tribunal<\/h3>\n<ul>\n<li><strong>Director de la tesis<\/strong>\n<ul>\n<li>Luis Aguiar De Luque<\/li>\n<\/ul>\n<\/li>\n<li><strong>Tribunal<\/strong>\n<ul>\n<li>Presidente del tribunal: lu\u00eds L\u00f3pez guerra <\/li>\n<li>artemi Rallo lombarte (vocal)<\/li>\n<li>i\u00f1igo Cavero lataillade (vocal)<\/li>\n<li>rosario Garc\u00eda mahamut (vocal)<\/li>\n<\/ul>\n<\/li>\n<\/ul>\n<p>&nbsp;<\/p>\n","protected":false},"excerpt":{"rendered":"<p>Tesis doctoral de Fernando Reviriego Pic\u00f3n La coordinaci\u00f3n de la necesaria exigencia de permanencia del gobierno, \u00f3rgano pol\u00edtico central en [&hellip;]<\/p>\n","protected":false},"author":1,"featured_media":0,"comment_status":"open","ping_status":"open","sticky":false,"template":"","format":"standard","meta":{"site-sidebar-layout":"default","site-content-layout":"","ast-site-content-layout":"","site-content-style":"default","site-sidebar-style":"default","ast-global-header-display":"","ast-banner-title-visibility":"","ast-main-header-display":"","ast-hfb-above-header-display":"","ast-hfb-below-header-display":"","ast-hfb-mobile-header-display":"","site-post-title":"","ast-breadcrumbs-content":"","ast-featured-img":"","footer-sml-layout":"","theme-transparent-header-meta":"","adv-header-id-meta":"","stick-header-meta":"","header-above-stick-meta":"","header-main-stick-meta":"","header-below-stick-meta":"","astra-migrate-meta-layouts":"default","ast-page-background-enabled":"default","ast-page-background-meta":{"desktop":{"background-color":"var(--ast-global-color-4)","background-image":"","background-repeat":"repeat","background-position":"center center","background-size":"auto","background-attachment":"scroll","background-type":"","background-media":"","overlay-type":"","overlay-color":"","overlay-gradient":""},"tablet":{"background-color":"","background-image":"","background-repeat":"repeat","background-position":"center center","background-size":"auto","background-attachment":"scroll","background-type":"","background-media":"","overlay-type":"","overlay-color":"","overlay-gradient":""},"mobile":{"background-color":"","background-image":"","background-repeat":"repeat","background-position":"center center","background-size":"auto","background-attachment":"scroll","background-type":"","background-media":"","overlay-type":"","overlay-color":"","overlay-gradient":""}},"ast-content-background-meta":{"desktop":{"background-color":"var(--ast-global-color-5)","background-image":"","background-repeat":"repeat","background-position":"center center","background-size":"auto","background-attachment":"scroll","background-type":"","background-media":"","overlay-type":"","overlay-color":"","overlay-gradient":""},"tablet":{"background-color":"var(--ast-global-color-5)","background-image":"","background-repeat":"repeat","background-position":"center center","background-size":"auto","background-attachment":"scroll","background-type":"","background-media":"","overlay-type":"","overlay-color":"","overlay-gradient":""},"mobile":{"background-color":"var(--ast-global-color-5)","background-image":"","background-repeat":"repeat","background-position":"center center","background-size":"auto","background-attachment":"scroll","background-type":"","background-media":"","overlay-type":"","overlay-color":"","overlay-gradient":""}},"footnotes":""},"categories":[18550,838,612,1450,979,11803,48457],"tags":[48459,48458,48460,1454,9450,48461],"class_list":["post-15146","post","type-post","status-publish","format-standard","hentry","category-carlos-iii-de-madrid","category-ciencia-politica","category-ciencias-juridicas-y-derecho","category-derecho-constitucional","category-derecho-y-legislacion-nacionales","category-instituciones-politicas","category-poder-ejecutivo","tag-artemi-rallo-lombarte","tag-fernando-reviriego-picon","tag-inigo-cavero-lataillade","tag-luis-aguiar-de-luque","tag-luis-lopez-guerra","tag-rosario-garcia-mahamut"],"_links":{"self":[{"href":"https:\/\/www.deberes.net\/tesis\/wp-json\/wp\/v2\/posts\/15146","targetHints":{"allow":["GET"]}}],"collection":[{"href":"https:\/\/www.deberes.net\/tesis\/wp-json\/wp\/v2\/posts"}],"about":[{"href":"https:\/\/www.deberes.net\/tesis\/wp-json\/wp\/v2\/types\/post"}],"author":[{"embeddable":true,"href":"https:\/\/www.deberes.net\/tesis\/wp-json\/wp\/v2\/users\/1"}],"replies":[{"embeddable":true,"href":"https:\/\/www.deberes.net\/tesis\/wp-json\/wp\/v2\/comments?post=15146"}],"version-history":[{"count":0,"href":"https:\/\/www.deberes.net\/tesis\/wp-json\/wp\/v2\/posts\/15146\/revisions"}],"wp:attachment":[{"href":"https:\/\/www.deberes.net\/tesis\/wp-json\/wp\/v2\/media?parent=15146"}],"wp:term":[{"taxonomy":"category","embeddable":true,"href":"https:\/\/www.deberes.net\/tesis\/wp-json\/wp\/v2\/categories?post=15146"},{"taxonomy":"post_tag","embeddable":true,"href":"https:\/\/www.deberes.net\/tesis\/wp-json\/wp\/v2\/tags?post=15146"}],"curies":[{"name":"wp","href":"https:\/\/api.w.org\/{rel}","templated":true}]}}