{"id":15169,"date":"2018-03-09T09:02:12","date_gmt":"2018-03-09T09:02:12","guid":{"rendered":"https:\/\/www.deberes.net\/tesis\/sin-categoria\/correlacion-entre-acusacion-y-sentencia-penal\/"},"modified":"2018-03-09T09:02:12","modified_gmt":"2018-03-09T09:02:12","slug":"correlacion-entre-acusacion-y-sentencia-penal","status":"publish","type":"post","link":"https:\/\/www.deberes.net\/tesis\/ciencias-juridicas-y-derecho\/correlacion-entre-acusacion-y-sentencia-penal\/","title":{"rendered":"Correlaci\u00f3n entre acusaci\u00f3n y sentencia penal"},"content":{"rendered":"<h2>Tesis doctoral de <strong> Alicia Gonz\u00e1lez Navarro <\/strong><\/h2>\n<p>La tesis doctoral que ha sido objeto de enjuciamiento por el tribunal versa, como indica el t\u00edtulo, sobre el tema de la correlaci\u00f3n entre acusaci\u00f3n y sentencia penal.  en cu\u00e1nto a la estructura del trabajo, el mismo se divide en tres cap\u00edtulos, el primero de los cuales se c entra en el estudio del objeto del proceso penal, lleg\u00e1ndose a la conclusi\u00f3n de que el mismo queda conformado por el hecho en su sentido normativo y por la persona que ha sido acusada por la comisi\u00f3n de aqu\u00e9l. Asimismo, se determina a lo largo de este primer cap\u00edtulo que el momento proceal en el que el objeto del proceso queda definitivamente configurado es el de las calificaciones provisionales.  el segundo cap\u00edtulo de la tesis se ocupa del estudio del principio acusatorio y de su delimitaci\u00f3n conr especto a otros derechos y garant\u00edas, como puedan ser el derecho a ser informado de la acusaci\u00f3n, el pricipio de contradicci\u00f3n o, en definitiva, el derecho de defensa. En este cap\u00edtulo se llega a la conclusi\u00f3n  de que el principio acusatorio tiene por fin garantizar la imparcialidad del \u00f3rgano jurisdiccional que va a dictar sentencia, lo cual se consigue sobre todo velando por que no se d\u00e9 la confusi\u00f3n entre las funciones propias de la acusaci\u00f3n aqu\u00e9llas que lo son del enjuiciamiento.  a lo largo del tercer cap\u00edtulo se lleva a cabo un an\u00e1lisis de los problemas concretos que se plantea en la pr\u00e1ctica a la hora de aplicar la garant\u00eda de correlaci\u00f3n entre acusaci\u00f3n y sentencia.<\/p>\n<p>&nbsp;<\/p>\n<h3>Datos acad\u00e9micos de la tesis doctoral \u00ab<strong>Correlaci\u00f3n entre acusaci\u00f3n y sentencia penal<\/strong>\u00ab<\/h3>\n<ul>\n<li><strong>T\u00edtulo de la tesis:<\/strong>\u00a0 Correlaci\u00f3n entre acusaci\u00f3n y sentencia penal <\/li>\n<li><strong>Autor:<\/strong>\u00a0 Alicia Gonz\u00e1lez Navarro <\/li>\n<li><strong>Universidad:<\/strong>\u00a0 La laguna<\/li>\n<li><strong>Fecha de lectura de la tesis:<\/strong>\u00a0 18\/01\/2002<\/li>\n<\/ul>\n<p>&nbsp;<\/p>\n<h3>Direcci\u00f3n y tribunal<\/h3>\n<ul>\n<li><strong>Director de la tesis<\/strong>\n<ul>\n<li>fragoso \u00e1varez L\u00f3pez<\/li>\n<\/ul>\n<\/li>\n<li><strong>Tribunal<\/strong>\n<ul>\n<li>Presidente del tribunal: manuel Moron palomino <\/li>\n<li>Juan  Luis Gomez colomer (vocal)<\/li>\n<li>vicente Gimeno sendra (vocal)<\/li>\n<li>pablo Morenilla allard (vocal)<\/li>\n<\/ul>\n<\/li>\n<\/ul>\n<p>&nbsp;<\/p>\n","protected":false},"excerpt":{"rendered":"<p>Tesis doctoral de Alicia Gonz\u00e1lez Navarro La tesis doctoral que ha sido objeto de enjuciamiento por el tribunal versa, como [&hellip;]<\/p>\n","protected":false},"author":1,"featured_media":0,"comment_status":"open","ping_status":"open","sticky":false,"template":"","format":"standard","meta":{"site-sidebar-layout":"default","site-content-layout":"","ast-site-content-layout":"","site-content-style":"default","site-sidebar-style":"default","ast-global-header-display":"","ast-banner-title-visibility":"","ast-main-header-display":"","ast-hfb-above-header-display":"","ast-hfb-below-header-display":"","ast-hfb-mobile-header-display":"","site-post-title":"","ast-breadcrumbs-content":"","ast-featured-img":"","footer-sml-layout":"","theme-transparent-header-meta":"","adv-header-id-meta":"","stick-header-meta":"","header-above-stick-meta":"","header-main-stick-meta":"","header-below-stick-meta":"","astra-migrate-meta-layouts":"default","ast-page-background-enabled":"default","ast-page-background-meta":{"desktop":{"background-color":"var(--ast-global-color-4)","background-image":"","background-repeat":"repeat","background-position":"center center","background-size":"auto","background-attachment":"scroll","background-type":"","background-media":"","overlay-type":"","overlay-color":"","overlay-gradient":""},"tablet":{"background-color":"","background-image":"","background-repeat":"repeat","background-position":"center center","background-size":"auto","background-attachment":"scroll","background-type":"","background-media":"","overlay-type":"","overlay-color":"","overlay-gradient":""},"mobile":{"background-color":"","background-image":"","background-repeat":"repeat","background-position":"center center","background-size":"auto","background-attachment":"scroll","background-type":"","background-media":"","overlay-type":"","overlay-color":"","overlay-gradient":""}},"ast-content-background-meta":{"desktop":{"background-color":"var(--ast-global-color-5)","background-image":"","background-repeat":"repeat","background-position":"center center","background-size":"auto","background-attachment":"scroll","background-type":"","background-media":"","overlay-type":"","overlay-color":"","overlay-gradient":""},"tablet":{"background-color":"var(--ast-global-color-5)","background-image":"","background-repeat":"repeat","background-position":"center center","background-size":"auto","background-attachment":"scroll","background-type":"","background-media":"","overlay-type":"","overlay-color":"","overlay-gradient":""},"mobile":{"background-color":"var(--ast-global-color-5)","background-image":"","background-repeat":"repeat","background-position":"center center","background-size":"auto","background-attachment":"scroll","background-type":"","background-media":"","overlay-type":"","overlay-color":"","overlay-gradient":""}},"footnotes":""},"categories":[612,3620,9915,3621],"tags":[48511,48512,18730,13552,48513,9702],"class_list":["post-15169","post","type-post","status-publish","format-standard","hentry","category-ciencias-juridicas-y-derecho","category-derecho-procesal","category-la-laguna","category-organizacion-juridica","tag-alicia-gonzalez-navarro","tag-fragoso-avarez-lopez","tag-juan-luis-gomez-colomer","tag-manuel-moron-palomino","tag-pablo-morenilla-allard","tag-vicente-gimeno-sendra"],"_links":{"self":[{"href":"https:\/\/www.deberes.net\/tesis\/wp-json\/wp\/v2\/posts\/15169","targetHints":{"allow":["GET"]}}],"collection":[{"href":"https:\/\/www.deberes.net\/tesis\/wp-json\/wp\/v2\/posts"}],"about":[{"href":"https:\/\/www.deberes.net\/tesis\/wp-json\/wp\/v2\/types\/post"}],"author":[{"embeddable":true,"href":"https:\/\/www.deberes.net\/tesis\/wp-json\/wp\/v2\/users\/1"}],"replies":[{"embeddable":true,"href":"https:\/\/www.deberes.net\/tesis\/wp-json\/wp\/v2\/comments?post=15169"}],"version-history":[{"count":0,"href":"https:\/\/www.deberes.net\/tesis\/wp-json\/wp\/v2\/posts\/15169\/revisions"}],"wp:attachment":[{"href":"https:\/\/www.deberes.net\/tesis\/wp-json\/wp\/v2\/media?parent=15169"}],"wp:term":[{"taxonomy":"category","embeddable":true,"href":"https:\/\/www.deberes.net\/tesis\/wp-json\/wp\/v2\/categories?post=15169"},{"taxonomy":"post_tag","embeddable":true,"href":"https:\/\/www.deberes.net\/tesis\/wp-json\/wp\/v2\/tags?post=15169"}],"curies":[{"name":"wp","href":"https:\/\/api.w.org\/{rel}","templated":true}]}}