{"id":152066,"date":"2026-01-12T16:37:44","date_gmt":"2026-01-12T16:37:44","guid":{"rendered":"https:\/\/www.deberes.net\/tesis\/sin-categoria\/arqueologia-logica-y-estadistica-un-analisis-de-las-estelas-de-la-edad-del-bronce-en-la-peninsula-iberica\/"},"modified":"2026-01-12T16:37:44","modified_gmt":"2026-01-12T16:37:44","slug":"arqueologia-logica-y-estadistica-un-analisis-de-las-estelas-de-la-edad-del-bronce-en-la-peninsula-iberica","status":"publish","type":"post","link":"https:\/\/www.deberes.net\/tesis\/historia\/arqueologia-logica-y-estadistica-un-analisis-de-las-estelas-de-la-edad-del-bronce-en-la-peninsula-iberica\/","title":{"rendered":"Arqueolog\u00eda, logica y estadistica: un analisis de las estelas de la edad del bronce en la peninsula iberica"},"content":{"rendered":"<h2>Tesis doctoral de <strong>  Barcel\u00f3 \u00e1lvarez Juan  Antonio <\/strong><\/h2>\n<p>&nbsp;<\/p>\n<h3>Datos acad\u00e9micos de la tesis doctoral \u00ab<strong>Arqueolog\u00eda, logica y estadistica: un analisis de las estelas de la edad del bronce en la peninsula iberica<\/strong>\u00ab<\/h3>\n<ul>\n<li><strong>T\u00edtulo de la tesis:<\/strong>\u00a0 Arqueolog\u00eda, logica y estadistica: un analisis de las estelas de la edad del bronce en la peninsula iberica <\/li>\n<li><strong>Autor:<\/strong>\u00a0  Barcel\u00f3 \u00e1lvarez Juan  Antonio <\/li>\n<li><strong>Universidad:<\/strong>\u00a0 Aut\u00f3noma de barcelona<\/li>\n<li><strong>Fecha de lectura de la tesis:<\/strong>\u00a0 01\/01\/1990<\/li>\n<\/ul>\n<p>&nbsp;<\/p>\n<h3>Direcci\u00f3n y tribunal<\/h3>\n<ul>\n<li><strong>Director de la tesis<\/strong>\n<ul>\n<li> <\/li>\n<\/ul>\n<\/li>\n<li><strong>Tribunal<\/strong>\n<ul>\n<li>Presidente del tribunal: Manuel Fernandez Miranda <\/li>\n<li>Milagros Gil Mascarell (vocal)<\/li>\n<li>German Delibes De Castro (vocal)<\/li>\n<li>Vicente Lull Santiago (vocal)<\/li>\n<\/ul>\n<\/li>\n<\/ul>\n<p>&nbsp;<\/p>\n","protected":false},"excerpt":{"rendered":"<p>Tesis doctoral de Barcel\u00f3 \u00e1lvarez Juan Antonio &nbsp; Datos acad\u00e9micos de la tesis doctoral \u00abArqueolog\u00eda, logica y estadistica: un analisis [&hellip;]<\/p>\n","protected":false},"author":1,"featured_media":0,"comment_status":"open","ping_status":"open","sticky":false,"template":"","format":"standard","meta":{"site-sidebar-layout":"default","site-content-layout":"","ast-site-content-layout":"","site-content-style":"default","site-sidebar-style":"default","ast-global-header-display":"","ast-banner-title-visibility":"","ast-main-header-display":"","ast-hfb-above-header-display":"","ast-hfb-below-header-display":"","ast-hfb-mobile-header-display":"","site-post-title":"","ast-breadcrumbs-content":"","ast-featured-img":"","footer-sml-layout":"","theme-transparent-header-meta":"","adv-header-id-meta":"","stick-header-meta":"","header-above-stick-meta":"","header-main-stick-meta":"","header-below-stick-meta":"","astra-migrate-meta-layouts":"default","ast-page-background-enabled":"default","ast-page-background-meta":{"desktop":{"background-color":"var(--ast-global-color-4)","background-image":"","background-repeat":"repeat","background-position":"center center","background-size":"auto","background-attachment":"scroll","background-type":"","background-media":"","overlay-type":"","overlay-color":"","overlay-gradient":""},"tablet":{"background-color":"","background-image":"","background-repeat":"repeat","background-position":"center center","background-size":"auto","background-attachment":"scroll","background-type":"","background-media":"","overlay-type":"","overlay-color":"","overlay-gradient":""},"mobile":{"background-color":"","background-image":"","background-repeat":"repeat","background-position":"center center","background-size":"auto","background-attachment":"scroll","background-type":"","background-media":"","overlay-type":"","overlay-color":"","overlay-gradient":""}},"ast-content-background-meta":{"desktop":{"background-color":"var(--ast-global-color-5)","background-image":"","background-repeat":"repeat","background-position":"center center","background-size":"auto","background-attachment":"scroll","background-type":"","background-media":"","overlay-type":"","overlay-color":"","overlay-gradient":""},"tablet":{"background-color":"var(--ast-global-color-5)","background-image":"","background-repeat":"repeat","background-position":"center center","background-size":"auto","background-attachment":"scroll","background-type":"","background-media":"","overlay-type":"","overlay-color":"","overlay-gradient":""},"mobile":{"background-color":"var(--ast-global-color-5)","background-image":"","background-repeat":"repeat","background-position":"center center","background-size":"auto","background-attachment":"scroll","background-type":"","background-media":"","overlay-type":"","overlay-color":"","overlay-gradient":""}},"footnotes":""},"categories":[43622,681,983,1623,1624,104],"tags":[266446,2640,4550,238061,29175],"class_list":["post-152066","post","type-post","status-publish","format-standard","hentry","category-adornos","category-antropologia","category-antropologia-cultural","category-arqueologia","category-ciencias-auxiliares-de-la-historia","category-historia","tag-barcelo-alvarez-juan-antonio","tag-german-delibes-de-castro","tag-manuel-fernandez-miranda","tag-milagros-gil-mascarell","tag-vicente-lull-santiago"],"_links":{"self":[{"href":"https:\/\/www.deberes.net\/tesis\/wp-json\/wp\/v2\/posts\/152066","targetHints":{"allow":["GET"]}}],"collection":[{"href":"https:\/\/www.deberes.net\/tesis\/wp-json\/wp\/v2\/posts"}],"about":[{"href":"https:\/\/www.deberes.net\/tesis\/wp-json\/wp\/v2\/types\/post"}],"author":[{"embeddable":true,"href":"https:\/\/www.deberes.net\/tesis\/wp-json\/wp\/v2\/users\/1"}],"replies":[{"embeddable":true,"href":"https:\/\/www.deberes.net\/tesis\/wp-json\/wp\/v2\/comments?post=152066"}],"version-history":[{"count":0,"href":"https:\/\/www.deberes.net\/tesis\/wp-json\/wp\/v2\/posts\/152066\/revisions"}],"wp:attachment":[{"href":"https:\/\/www.deberes.net\/tesis\/wp-json\/wp\/v2\/media?parent=152066"}],"wp:term":[{"taxonomy":"category","embeddable":true,"href":"https:\/\/www.deberes.net\/tesis\/wp-json\/wp\/v2\/categories?post=152066"},{"taxonomy":"post_tag","embeddable":true,"href":"https:\/\/www.deberes.net\/tesis\/wp-json\/wp\/v2\/tags?post=152066"}],"curies":[{"name":"wp","href":"https:\/\/api.w.org\/{rel}","templated":true}]}}