{"id":152135,"date":"2026-01-12T16:38:15","date_gmt":"2026-01-12T16:38:15","guid":{"rendered":"https:\/\/www.deberes.net\/tesis\/sin-categoria\/control-eustatico-y-tectonico-de-los-sistemas-paleogenos-siliciclasticos-y-carbonatados-de-la-cuenca-de-antepais-sudpirenaica-rios-esera-cinca-y-cinqueta-provincia-de-huesca-espana\/"},"modified":"2026-01-12T16:38:15","modified_gmt":"2026-01-12T16:38:15","slug":"control-eustatico-y-tectonico-de-los-sistemas-paleogenos-siliciclasticos-y-carbonatados-de-la-cuenca-de-antepais-sudpirenaica-rios-esera-cinca-y-cinqueta-provincia-de-huesca-espana","status":"publish","type":"post","link":"https:\/\/www.deberes.net\/tesis\/ciencias-de-la-tierra-y-del-espacio\/control-eustatico-y-tectonico-de-los-sistemas-paleogenos-siliciclasticos-y-carbonatados-de-la-cuenca-de-antepais-sudpirenaica-rios-esera-cinca-y-cinqueta-provincia-de-huesca-espana\/","title":{"rendered":"Control eustatico y tectonico de los sistemas paleogenos siliciclasticos y carbonatados de la cuenca de antepais sudpirenaica (rios esera, cinca y cinqueta; provincia de huesca, espa\u00f1a)."},"content":{"rendered":"<h2>Tesis doctoral de <strong>  Hurk Mir Arnoldus Van Der <\/strong><\/h2>\n<p>&nbsp;<\/p>\n<h3>Datos acad\u00e9micos de la tesis doctoral \u00ab<strong>Control eustatico y tectonico de los sistemas paleogenos siliciclasticos y carbonatados de la cuenca de antepais sudpirenaica (rios esera, cinca y cinqueta; provincia de huesca, espa\u00f1a).<\/strong>\u00ab<\/h3>\n<ul>\n<li><strong>T\u00edtulo de la tesis:<\/strong>\u00a0 Control eustatico y tectonico de los sistemas paleogenos siliciclasticos y carbonatados de la cuenca de antepais sudpirenaica (rios esera, cinca y cinqueta; provincia de huesca, espa\u00f1a). <\/li>\n<li><strong>Autor:<\/strong>\u00a0  Hurk Mir Arnoldus Van Der <\/li>\n<li><strong>Universidad:<\/strong>\u00a0 Aut\u00f3noma de barcelona<\/li>\n<li><strong>Fecha de lectura de la tesis:<\/strong>\u00a0 01\/01\/1990<\/li>\n<\/ul>\n<p>&nbsp;<\/p>\n<h3>Direcci\u00f3n y tribunal<\/h3>\n<ul>\n<li><strong>Director de la tesis<\/strong>\n<ul>\n<li> <\/li>\n<\/ul>\n<\/li>\n<li><strong>Tribunal<\/strong>\n<ul>\n<li>Presidente del tribunal:  Esteban I Cerda Mateu <\/li>\n<li> De La Pe\u00f1a Blasco Jos\u00e9 Andr\u00e9s (vocal)<\/li>\n<li> Gomez Fernandez Juan  Jos\u00e9 (vocal)<\/li>\n<li>Antonio Obrador Tuduri (vocal)<\/li>\n<\/ul>\n<\/li>\n<\/ul>\n<p>&nbsp;<\/p>\n","protected":false},"excerpt":{"rendered":"<p>Tesis doctoral de Hurk Mir Arnoldus Van Der &nbsp; Datos acad\u00e9micos de la tesis doctoral \u00abControl eustatico y tectonico de [&hellip;]<\/p>\n","protected":false},"author":1,"featured_media":0,"comment_status":"open","ping_status":"open","sticky":false,"template":"","format":"standard","meta":{"site-sidebar-layout":"default","site-content-layout":"","ast-site-content-layout":"","site-content-style":"default","site-sidebar-style":"default","ast-global-header-display":"","ast-banner-title-visibility":"","ast-main-header-display":"","ast-hfb-above-header-display":"","ast-hfb-below-header-display":"","ast-hfb-mobile-header-display":"","site-post-title":"","ast-breadcrumbs-content":"","ast-featured-img":"","footer-sml-layout":"","theme-transparent-header-meta":"","adv-header-id-meta":"","stick-header-meta":"","header-above-stick-meta":"","header-main-stick-meta":"","header-below-stick-meta":"","astra-migrate-meta-layouts":"default","ast-page-background-enabled":"default","ast-page-background-meta":{"desktop":{"background-color":"var(--ast-global-color-4)","background-image":"","background-repeat":"repeat","background-position":"center center","background-size":"auto","background-attachment":"scroll","background-type":"","background-media":"","overlay-type":"","overlay-color":"","overlay-gradient":""},"tablet":{"background-color":"","background-image":"","background-repeat":"repeat","background-position":"center center","background-size":"auto","background-attachment":"scroll","background-type":"","background-media":"","overlay-type":"","overlay-color":"","overlay-gradient":""},"mobile":{"background-color":"","background-image":"","background-repeat":"repeat","background-position":"center center","background-size":"auto","background-attachment":"scroll","background-type":"","background-media":"","overlay-type":"","overlay-color":"","overlay-gradient":""}},"ast-content-background-meta":{"desktop":{"background-color":"var(--ast-global-color-5)","background-image":"","background-repeat":"repeat","background-position":"center center","background-size":"auto","background-attachment":"scroll","background-type":"","background-media":"","overlay-type":"","overlay-color":"","overlay-gradient":""},"tablet":{"background-color":"var(--ast-global-color-5)","background-image":"","background-repeat":"repeat","background-position":"center center","background-size":"auto","background-attachment":"scroll","background-type":"","background-media":"","overlay-type":"","overlay-color":"","overlay-gradient":""},"mobile":{"background-color":"var(--ast-global-color-5)","background-image":"","background-repeat":"repeat","background-position":"center center","background-size":"auto","background-attachment":"scroll","background-type":"","background-media":"","overlay-type":"","overlay-color":"","overlay-gradient":""}},"footnotes":""},"categories":[27,245,953,3435],"tags":[19690,78148,266505,56367,266504],"class_list":["post-152135","post","type-post","status-publish","format-standard","hentry","category-ciencias-de-la-tierra-y-del-espacio","category-estratigrafia","category-geologia","category-geologia-estructural","tag-antonio-obrador-tuduri","tag-de-la-pena-blasco-jose-andres","tag-esteban-i-cerda-mateu","tag-gomez-fernandez-juan-jose","tag-hurk-mir-arnoldus-van-der"],"_links":{"self":[{"href":"https:\/\/www.deberes.net\/tesis\/wp-json\/wp\/v2\/posts\/152135","targetHints":{"allow":["GET"]}}],"collection":[{"href":"https:\/\/www.deberes.net\/tesis\/wp-json\/wp\/v2\/posts"}],"about":[{"href":"https:\/\/www.deberes.net\/tesis\/wp-json\/wp\/v2\/types\/post"}],"author":[{"embeddable":true,"href":"https:\/\/www.deberes.net\/tesis\/wp-json\/wp\/v2\/users\/1"}],"replies":[{"embeddable":true,"href":"https:\/\/www.deberes.net\/tesis\/wp-json\/wp\/v2\/comments?post=152135"}],"version-history":[{"count":0,"href":"https:\/\/www.deberes.net\/tesis\/wp-json\/wp\/v2\/posts\/152135\/revisions"}],"wp:attachment":[{"href":"https:\/\/www.deberes.net\/tesis\/wp-json\/wp\/v2\/media?parent=152135"}],"wp:term":[{"taxonomy":"category","embeddable":true,"href":"https:\/\/www.deberes.net\/tesis\/wp-json\/wp\/v2\/categories?post=152135"},{"taxonomy":"post_tag","embeddable":true,"href":"https:\/\/www.deberes.net\/tesis\/wp-json\/wp\/v2\/tags?post=152135"}],"curies":[{"name":"wp","href":"https:\/\/api.w.org\/{rel}","templated":true}]}}