{"id":15244,"date":"2018-03-09T09:02:19","date_gmt":"2018-03-09T09:02:19","guid":{"rendered":""},"modified":"2018-03-09T09:02:19","modified_gmt":"2018-03-09T09:02:19","slug":"la-complexitat-linga%c2%bcistica-en-el-discurs-oral-i-escrit-densitar-lexicq-composicio-oracioal-i-connexio-textual-la-complejidad-linga%c2%bcistica-en-el-discursoo-oral-y-escrito-densidad-lexica","status":"publish","type":"post","link":"https:\/\/www.deberes.net\/tesis\/lengua-y-literatura\/la-complexitat-linga%c2%bcistica-en-el-discurs-oral-i-escrit-densitar-lexicq-composicio-oracioal-i-connexio-textual-la-complejidad-linga%c2%bcistica-en-el-discursoo-oral-y-escrito-densidad-lexica\/","title":{"rendered":"La complexitat linguistica en el discurs oral i escrit: densitar l\u00e9xicq, composici\u00f3 oracioal i connexi\u00f3 textual (la complejidad linguistica en el discursoo oral y escrito: densidad l\u00e9xica, composici\u00f3n oracional y conexi\u00f3n textual)"},"content":{"rendered":"<h2>Tesis doctoral de <strong> Josep M. Castella Lidon <\/strong><\/h2>\n<p>La  presente tesis consiste en un an\u00e1lisis comparativo de tres g\u00e9neros de discurso(conversaci\u00f3n informal, clase magistral y prosa acad\u00e9mica) en lengua catalana, en tres aspectos de la estructuraci\u00f3n y la complejidad ling\u00ed\u00bc\u00edstica: la densidad l\u00e9xica, la composici\u00f3n oracional y la conexi\u00f3n textual. Los objetivos principales son a\/ dotar la ling\u00ed\u00bc\u00edstica catalana de una descripci\u00f3n detallada, hasta ahora inexistente, del contraste ling\u00ed\u00bc\u00edstico  entre oralidad  y escritura,  b\/ hacer una aportaci\u00f3n a la investigaci\u00f3n internacional sobre el tema, por un lado, para intervenir en el debate originado sobro la complejidad sint\u00e1ctica y, especialmente, sobre la presencia de oraciones subordinadas en los dos modos de discurso y, por otro lado, para ampliar este tipo de investigaci\u00f3n al \u00e1mbito del discurso, como han reclamado algunos tratadistas. las conclusiones generales del trabajo han sido las siguientes:  1. &#8211; La lengua oral tiene un estilo b\u00e1sicamente verbal de construcci\u00f3n de los enunciados. La lengua escrita, en cambio, lo tiene mes nominal y presenta mayor densidad y variaci\u00f3n l\u00e9xicas. 2. &#8211; La lengua oral y la lengua escrita utilizan un n\u00famero similar de nexos subordinantes, incluso con una ligera ventaja par la lengua oral formal expositita( clase magistral), pero, respecto de n\u00famero total de cl\u00e1usulas, es la lengua escrita la que prefiere claramente la subordinaci\u00f3n como mecanismo de interrelaci\u00f3n clausal. M\u00e1s all\u00e1 del \u00e1mbito estricto de la oraci\u00f3n, la lengua ora opta proporcionalmente m\u00e1s por la conexi\u00f3n textual. 3. &#8211; La complejidad ling\u00ed\u00bc\u00edstica, por la tanto, no es `patrimonio de uno de los dos modos, oral o escrito, sino que se manifiesta en cada uno en direcciones y con naturalezas diferentes.<\/p>\n<p>&nbsp;<\/p>\n<h3>Datos acad\u00e9micos de la tesis doctoral \u00ab<strong>La complexitat linguistica en el discurs oral i escrit: densitar l\u00e9xicq, composici\u00f3 oracioal i connexi\u00f3 textual (la complejidad linguistica en el discursoo oral y escrito: densidad l\u00e9xica, composici\u00f3n oracional y conexi\u00f3n textual)<\/strong>\u00ab<\/h3>\n<ul>\n<li><strong>T\u00edtulo de la tesis:<\/strong>\u00a0 La complexitat linguistica en el discurs oral i escrit: densitar l\u00e9xicq, composici\u00f3 oracioal i connexi\u00f3 textual (la complejidad linguistica en el discursoo oral y escrito: densidad l\u00e9xica, composici\u00f3n oracional y conexi\u00f3n textual) <\/li>\n<li><strong>Autor:<\/strong>\u00a0 Josep M. Castella Lidon <\/li>\n<li><strong>Universidad:<\/strong>\u00a0 Pompeu fabra<\/li>\n<li><strong>Fecha de lectura de la tesis:<\/strong>\u00a0 23\/01\/2002<\/li>\n<\/ul>\n<p>&nbsp;<\/p>\n<h3>Direcci\u00f3n y tribunal<\/h3>\n<ul>\n<li><strong>Director de la tesis<\/strong>\n<ul>\n<li>Llu\u00eds Payrat\u00f3 Gim\u00e9nez<\/li>\n<\/ul>\n<\/li>\n<li><strong>Tribunal<\/strong>\n<ul>\n<li>Presidente del tribunal: Mar\u00eda  teresa Cabre castellvi <\/li>\n<li>vicent Manuel Salvador liern (vocal)<\/li>\n<li>Mar\u00eda  josep Cuenca ordi\u00f1ana (vocal)<\/li>\n<li>joan-albert Argenter giralt (vocal)<\/li>\n<\/ul>\n<\/li>\n<\/ul>\n<p>&nbsp;<\/p>\n","protected":false},"excerpt":{"rendered":"<p>Tesis doctoral de Josep M. Castella Lidon La presente tesis consiste en un an\u00e1lisis comparativo de tres g\u00e9neros de discurso(conversaci\u00f3n [&hellip;]<\/p>\n","protected":false},"author":1,"featured_media":0,"comment_status":"open","ping_status":"open","sticky":false,"template":"","format":"standard","meta":{"site-sidebar-layout":"default","site-content-layout":"","ast-site-content-layout":"","site-content-style":"default","site-sidebar-style":"default","ast-global-header-display":"","ast-banner-title-visibility":"","ast-main-header-display":"","ast-hfb-above-header-display":"","ast-hfb-below-header-display":"","ast-hfb-mobile-header-display":"","site-post-title":"","ast-breadcrumbs-content":"","ast-featured-img":"","footer-sml-layout":"","theme-transparent-header-meta":"","adv-header-id-meta":"","stick-header-meta":"","header-above-stick-meta":"","header-main-stick-meta":"","header-below-stick-meta":"","astra-migrate-meta-layouts":"default","ast-page-background-enabled":"default","ast-page-background-meta":{"desktop":{"background-color":"var(--ast-global-color-4)","background-image":"","background-repeat":"repeat","background-position":"center center","background-size":"auto","background-attachment":"scroll","background-type":"","background-media":"","overlay-type":"","overlay-color":"","overlay-gradient":""},"tablet":{"background-color":"","background-image":"","background-repeat":"repeat","background-position":"center center","background-size":"auto","background-attachment":"scroll","background-type":"","background-media":"","overlay-type":"","overlay-color":"","overlay-gradient":""},"mobile":{"background-color":"","background-image":"","background-repeat":"repeat","background-position":"center center","background-size":"auto","background-attachment":"scroll","background-type":"","background-media":"","overlay-type":"","overlay-color":"","overlay-gradient":""}},"ast-content-background-meta":{"desktop":{"background-color":"var(--ast-global-color-5)","background-image":"","background-repeat":"repeat","background-position":"center center","background-size":"auto","background-attachment":"scroll","background-type":"","background-media":"","overlay-type":"","overlay-color":"","overlay-gradient":""},"tablet":{"background-color":"var(--ast-global-color-5)","background-image":"","background-repeat":"repeat","background-position":"center center","background-size":"auto","background-attachment":"scroll","background-type":"","background-media":"","overlay-type":"","overlay-color":"","overlay-gradient":""},"mobile":{"background-color":"var(--ast-global-color-5)","background-image":"","background-repeat":"repeat","background-position":"center center","background-size":"auto","background-attachment":"scroll","background-type":"","background-media":"","overlay-type":"","overlay-color":"","overlay-gradient":""}},"footnotes":""},"categories":[636,18712],"tags":[48716,48714,11476,48715,64,11472],"class_list":["post-15244","post","type-post","status-publish","format-standard","hentry","category-lengua-y-literatura","category-pompeu-fabra","tag-joan-albert-argenter-giralt","tag-josep-m-castella-lidon","tag-lluis-payrato-gimenez","tag-maria-josep-cuenca-ordinana","tag-maria-teresa-cabre-castellvi","tag-vicent-manuel-salvador-liern"],"_links":{"self":[{"href":"https:\/\/www.deberes.net\/tesis\/wp-json\/wp\/v2\/posts\/15244","targetHints":{"allow":["GET"]}}],"collection":[{"href":"https:\/\/www.deberes.net\/tesis\/wp-json\/wp\/v2\/posts"}],"about":[{"href":"https:\/\/www.deberes.net\/tesis\/wp-json\/wp\/v2\/types\/post"}],"author":[{"embeddable":true,"href":"https:\/\/www.deberes.net\/tesis\/wp-json\/wp\/v2\/users\/1"}],"replies":[{"embeddable":true,"href":"https:\/\/www.deberes.net\/tesis\/wp-json\/wp\/v2\/comments?post=15244"}],"version-history":[{"count":0,"href":"https:\/\/www.deberes.net\/tesis\/wp-json\/wp\/v2\/posts\/15244\/revisions"}],"wp:attachment":[{"href":"https:\/\/www.deberes.net\/tesis\/wp-json\/wp\/v2\/media?parent=15244"}],"wp:term":[{"taxonomy":"category","embeddable":true,"href":"https:\/\/www.deberes.net\/tesis\/wp-json\/wp\/v2\/categories?post=15244"},{"taxonomy":"post_tag","embeddable":true,"href":"https:\/\/www.deberes.net\/tesis\/wp-json\/wp\/v2\/tags?post=15244"}],"curies":[{"name":"wp","href":"https:\/\/api.w.org\/{rel}","templated":true}]}}