{"id":15254,"date":"2018-03-09T09:02:20","date_gmt":"2018-03-09T09:02:20","guid":{"rendered":"https:\/\/www.deberes.net\/tesis\/sin-categoria\/conergencia-y-persistencia-de-las-provincias-espanolas-el-caso-de-la-pobreza\/"},"modified":"2018-03-09T09:02:20","modified_gmt":"2018-03-09T09:02:20","slug":"conergencia-y-persistencia-de-las-provincias-espanolas-el-caso-de-la-pobreza","status":"publish","type":"post","link":"https:\/\/www.deberes.net\/tesis\/ciencias-economicas\/conergencia-y-persistencia-de-las-provincias-espanolas-el-caso-de-la-pobreza\/","title":{"rendered":"Conergencia y persistencia de las provincias espa\u00f1olas. el caso de la pobreza."},"content":{"rendered":"<h2>Tesis doctoral de <strong> Beatriz Lacomba Arias <\/strong><\/h2>\n<p>En este trabajo de investigaci\u00f3n se lleva a cabo el an\u00e1lisis din\u00e1mico de un conjunto de variables socioecon\u00f3micas y de un \u00edndice de pobreza, el indicador b\u00e1sico o tasa de recuento, con el fin de determinar la relaci\u00f3n existente entre dicho \u00edndice y tales variables con el \u00e1mbito provincial espa\u00f1ol, estableciendo adem\u00e1s si se producen pautas de comportamiento espec\u00edficias que se han mantenido tanto en un sentido temporal como geogr\u00e1fico.  para la consecuci\u00f3n de los objetivos planteados, se ha realizado una b\u00fasqueda de los instrumentos estadisticos m\u00e1s apropiados, provenientes en su mayor\u00eda del campo de la medici\u00f3n de la convergencia en el contexto del crecimiento econ\u00f3mico, valor\u00e1ndose en cada aplicaci\u00f3n las posibilidades y limitaciones de cada uno de ellos. De esta forma, la metodolog\u00eda seleccionada es la de los procesos estoc\u00e1sticos de markkov, principalmente, complementada con el c\u00e1lculo de unos \u00edndices de movilidd y asociaci\u00f3n espacial que permiten el an\u00e1lisis rigoroso de los resultados derivados de la estimaci\u00f3n de matrices estoc\u00e1sticas.  las conclusiones de la investigaci\u00f3n destacan las principales variables socioecon\u00f3micas que caracterizan el mapa provincial de la pobreza en espa\u00f1a, indic\u00e1ndose as\u00ed hacia cuales deberian enfocarse las actuaciones pol\u00edticas y sociales en un intento de alterar una situaci\u00f3n que se ha mantenido prolongadamente en el tiempo.<\/p>\n<p>&nbsp;<\/p>\n<h3>Datos acad\u00e9micos de la tesis doctoral \u00ab<strong>Conergencia y persistencia de las provincias espa\u00f1olas. el caso de la pobreza.<\/strong>\u00ab<\/h3>\n<ul>\n<li><strong>T\u00edtulo de la tesis:<\/strong>\u00a0 Conergencia y persistencia de las provincias espa\u00f1olas. el caso de la pobreza. <\/li>\n<li><strong>Autor:<\/strong>\u00a0 Beatriz Lacomba Arias <\/li>\n<li><strong>Universidad:<\/strong>\u00a0 M\u00e1laga<\/li>\n<li><strong>Fecha de lectura de la tesis:<\/strong>\u00a0 24\/01\/2002<\/li>\n<\/ul>\n<p>&nbsp;<\/p>\n<h3>Direcci\u00f3n y tribunal<\/h3>\n<ul>\n<li><strong>Director de la tesis<\/strong>\n<ul>\n<li>Guillermina Mart\u00edn Reyes<\/li>\n<\/ul>\n<\/li>\n<li><strong>Tribunal<\/strong>\n<ul>\n<li>Presidente del tribunal:  Otero moreno Jos\u00e9 Mar\u00eda <\/li>\n<li>Juan Hernandez armenteros (vocal)<\/li>\n<li>Manuel Delgado cabeza (vocal)<\/li>\n<li>Rafael Herrerias pleguezuelo (vocal)<\/li>\n<\/ul>\n<\/li>\n<\/ul>\n<p>&nbsp;<\/p>\n","protected":false},"excerpt":{"rendered":"<p>Tesis doctoral de Beatriz Lacomba Arias En este trabajo de investigaci\u00f3n se lleva a cabo el an\u00e1lisis din\u00e1mico de un [&hellip;]<\/p>\n","protected":false},"author":1,"featured_media":0,"comment_status":"open","ping_status":"open","sticky":false,"template":"","format":"standard","meta":{"site-sidebar-layout":"default","site-content-layout":"","ast-site-content-layout":"","site-content-style":"default","site-sidebar-style":"default","ast-global-header-display":"","ast-banner-title-visibility":"","ast-main-header-display":"","ast-hfb-above-header-display":"","ast-hfb-below-header-display":"","ast-hfb-mobile-header-display":"","site-post-title":"","ast-breadcrumbs-content":"","ast-featured-img":"","footer-sml-layout":"","theme-transparent-header-meta":"","adv-header-id-meta":"","stick-header-meta":"","header-above-stick-meta":"","header-main-stick-meta":"","header-below-stick-meta":"","astra-migrate-meta-layouts":"default","ast-page-background-enabled":"default","ast-page-background-meta":{"desktop":{"background-color":"var(--ast-global-color-4)","background-image":"","background-repeat":"repeat","background-position":"center center","background-size":"auto","background-attachment":"scroll","background-type":"","background-media":"","overlay-type":"","overlay-color":"","overlay-gradient":""},"tablet":{"background-color":"","background-image":"","background-repeat":"repeat","background-position":"center center","background-size":"auto","background-attachment":"scroll","background-type":"","background-media":"","overlay-type":"","overlay-color":"","overlay-gradient":""},"mobile":{"background-color":"","background-image":"","background-repeat":"repeat","background-position":"center center","background-size":"auto","background-attachment":"scroll","background-type":"","background-media":"","overlay-type":"","overlay-color":"","overlay-gradient":""}},"ast-content-background-meta":{"desktop":{"background-color":"var(--ast-global-color-5)","background-image":"","background-repeat":"repeat","background-position":"center center","background-size":"auto","background-attachment":"scroll","background-type":"","background-media":"","overlay-type":"","overlay-color":"","overlay-gradient":""},"tablet":{"background-color":"var(--ast-global-color-5)","background-image":"","background-repeat":"repeat","background-position":"center center","background-size":"auto","background-attachment":"scroll","background-type":"","background-media":"","overlay-type":"","overlay-color":"","overlay-gradient":""},"mobile":{"background-color":"var(--ast-global-color-5)","background-image":"","background-repeat":"repeat","background-position":"center center","background-size":"auto","background-attachment":"scroll","background-type":"","background-media":"","overlay-type":"","overlay-color":"","overlay-gradient":""}},"footnotes":""},"categories":[4696,21413,82,1066,974,9310,7834,23864,1295,269],"tags":[48736,12866,45644,23493,7956,6972],"class_list":["post-15254","post","type-post","status-publish","format-standard","hentry","category-caracteristicas-de-la-poblacion","category-caracteristicas-socioeconomicas-de-la-poblacion","category-ciencias-economicas","category-demografia","category-econometria","category-indicadores-economicos","category-malaga","category-pobreza","category-problemas-y-conflictos-sociales","category-sociologia","tag-beatriz-lacomba-arias","tag-guillermina-martin-reyes","tag-juan-hernandez-armenteros","tag-manuel-delgado-cabeza","tag-otero-moreno-jose-maria","tag-rafael-herrerias-pleguezuelo"],"_links":{"self":[{"href":"https:\/\/www.deberes.net\/tesis\/wp-json\/wp\/v2\/posts\/15254","targetHints":{"allow":["GET"]}}],"collection":[{"href":"https:\/\/www.deberes.net\/tesis\/wp-json\/wp\/v2\/posts"}],"about":[{"href":"https:\/\/www.deberes.net\/tesis\/wp-json\/wp\/v2\/types\/post"}],"author":[{"embeddable":true,"href":"https:\/\/www.deberes.net\/tesis\/wp-json\/wp\/v2\/users\/1"}],"replies":[{"embeddable":true,"href":"https:\/\/www.deberes.net\/tesis\/wp-json\/wp\/v2\/comments?post=15254"}],"version-history":[{"count":0,"href":"https:\/\/www.deberes.net\/tesis\/wp-json\/wp\/v2\/posts\/15254\/revisions"}],"wp:attachment":[{"href":"https:\/\/www.deberes.net\/tesis\/wp-json\/wp\/v2\/media?parent=15254"}],"wp:term":[{"taxonomy":"category","embeddable":true,"href":"https:\/\/www.deberes.net\/tesis\/wp-json\/wp\/v2\/categories?post=15254"},{"taxonomy":"post_tag","embeddable":true,"href":"https:\/\/www.deberes.net\/tesis\/wp-json\/wp\/v2\/tags?post=15254"}],"curies":[{"name":"wp","href":"https:\/\/api.w.org\/{rel}","templated":true}]}}