{"id":15273,"date":"2018-03-09T09:02:22","date_gmt":"2018-03-09T09:02:22","guid":{"rendered":"https:\/\/www.deberes.net\/tesis\/sin-categoria\/la-articulacion-de-las-tic-en-la-educacion-analisis-y-valoracion-de-las-paginas-web-de-centros-escolares-de-primaria\/"},"modified":"2018-03-09T09:02:22","modified_gmt":"2018-03-09T09:02:22","slug":"la-articulacion-de-las-tic-en-la-educacion-analisis-y-valoracion-de-las-paginas-web-de-centros-escolares-de-primaria","status":"publish","type":"post","link":"https:\/\/www.deberes.net\/tesis\/matematicas\/la-articulacion-de-las-tic-en-la-educacion-analisis-y-valoracion-de-las-paginas-web-de-centros-escolares-de-primaria\/","title":{"rendered":"La articulaci\u00f3n de las tic en la educaci\u00f3n: an\u00e1lisis y valoraci\u00f3n de las p\u00e1ginas web de centros escolares de primaria"},"content":{"rendered":"<h2>Tesis doctoral de <strong> Rosa Isabel Roig Vila <\/strong><\/h2>\n<p>En este estudio se pretende valorar la presencia e impacto de las tecnolog\u00edas de la informaci\u00f3n y comunicaci\u00f3n (tic) en los centros escolares p\u00fablicos de primaria en espa\u00f1a, en qu\u00e9 medida se han desarrollado las potencialidades educativas que ofrecen las tic en el curriculum escolar, qu\u00e9 funciones se les atribuye y qu\u00e9 uso se hace de ellas. Se realizan un examen descriptivo al tiempo que anal\u00edtico y comprensivo de la situaci\u00f3n en que se encuentra la articulaci\u00f3n de las tic en espa\u00f1a, en particular en cuanto a los sitios web de los centros escolares p\u00fablicos de primaria.  para ello se ha analizado una muestra representativa de los sitos web escolares de las distintas comunidades aut\u00f3nomas -en total, 1.115 sitios web-. A trav\u00e9s de este estudio, se pretende analizar las caracter\u00edsticas de dichos webs, considerados como \u00abproductos\u00bb elaborados por cada centro a partir del trabajo curricular basado en las tic que se desarrolla en ellos.  las hip\u00f3tesis de trabajo, por tanto, se han formulado de la siguiente manera:  * la existencia de web escolar no presupone una articulaci\u00f3n y aprovechamiento de las tic en un centro educativo y las caracter\u00edsticas de dicho web ser\u00e1n el reflejo del grado y la concepci\u00f3n curricular en que las tic se encuentran integradas en el centro.  * la articulaci\u00f3n de las tic en un centro escolar es catalizador de renovaci\u00f3n pedag\u00f3gica si se incorporan en el propio sistema curricular y, en concreto, el centro asume un modelo did\u00e1ctico serio en el planteamiento de su web escolar, considerando, adem\u00e1s, dicho web como la identidad misma del centro en el contexto tecnol\u00f3gico actual.  a fin de demostrar la hip\u00f3tesis de trabajo se plantea la necesidad -que deviene un objetivo m\u00e1s- de elaborar un instrumento de valoraci\u00f3n de webs de centros escolares. Con ello se ha podido ejecutar un an\u00e1lisis global de los diversos aspectos de los sitios web: el dise\u00f1o, el contenido, el grado de interactividad<\/p>\n<p>&nbsp;<\/p>\n<h3>Datos acad\u00e9micos de la tesis doctoral \u00ab<strong>La articulaci\u00f3n de las tic en la educaci\u00f3n: an\u00e1lisis y valoraci\u00f3n de las p\u00e1ginas web de centros escolares de primaria<\/strong>\u00ab<\/h3>\n<ul>\n<li><strong>T\u00edtulo de la tesis:<\/strong>\u00a0 La articulaci\u00f3n de las tic en la educaci\u00f3n: an\u00e1lisis y valoraci\u00f3n de las p\u00e1ginas web de centros escolares de primaria <\/li>\n<li><strong>Autor:<\/strong>\u00a0 Rosa Isabel Roig Vila <\/li>\n<li><strong>Universidad:<\/strong>\u00a0 Alicante<\/li>\n<li><strong>Fecha de lectura de la tesis:<\/strong>\u00a0 25\/01\/2002<\/li>\n<\/ul>\n<p>&nbsp;<\/p>\n<h3>Direcci\u00f3n y tribunal<\/h3>\n<ul>\n<li><strong>Director de la tesis<\/strong>\n<ul>\n<li>M\u00aa Angeles Mart\u00ednez Ru\u00edz<\/li>\n<\/ul>\n<\/li>\n<li><strong>Tribunal<\/strong>\n<ul>\n<li>Presidente del tribunal: Mar\u00eda  dolores Garcia fernandez <\/li>\n<li>Juan  Luis Castej\u00f3n costa (vocal)<\/li>\n<li>Antonio Medina rivilla (vocal)<\/li>\n<li>Mar\u00eda concepci\u00f3n Dom\u00ednguez garrido (vocal)<\/li>\n<\/ul>\n<\/li>\n<\/ul>\n<p>&nbsp;<\/p>\n","protected":false},"excerpt":{"rendered":"<p>Tesis doctoral de Rosa Isabel Roig Vila En este estudio se pretende valorar la presencia e impacto de las tecnolog\u00edas [&hellip;]<\/p>\n","protected":false},"author":1,"featured_media":0,"comment_status":"open","ping_status":"open","sticky":false,"template":"","format":"standard","meta":{"site-sidebar-layout":"default","site-content-layout":"","ast-site-content-layout":"","site-content-style":"default","site-sidebar-style":"default","ast-global-header-display":"","ast-banner-title-visibility":"","ast-main-header-display":"","ast-hfb-above-header-display":"","ast-hfb-below-header-display":"","ast-hfb-mobile-header-display":"","site-post-title":"","ast-breadcrumbs-content":"","ast-featured-img":"","footer-sml-layout":"","theme-transparent-header-meta":"","adv-header-id-meta":"","stick-header-meta":"","header-above-stick-meta":"","header-main-stick-meta":"","header-below-stick-meta":"","astra-migrate-meta-layouts":"default","ast-page-background-enabled":"default","ast-page-background-meta":{"desktop":{"background-color":"var(--ast-global-color-4)","background-image":"","background-repeat":"repeat","background-position":"center center","background-size":"auto","background-attachment":"scroll","background-type":"","background-media":"","overlay-type":"","overlay-color":"","overlay-gradient":""},"tablet":{"background-color":"","background-image":"","background-repeat":"repeat","background-position":"center center","background-size":"auto","background-attachment":"scroll","background-type":"","background-media":"","overlay-type":"","overlay-color":"","overlay-gradient":""},"mobile":{"background-color":"","background-image":"","background-repeat":"repeat","background-position":"center center","background-size":"auto","background-attachment":"scroll","background-type":"","background-media":"","overlay-type":"","overlay-color":"","overlay-gradient":""}},"ast-content-background-meta":{"desktop":{"background-color":"var(--ast-global-color-5)","background-image":"","background-repeat":"repeat","background-position":"center center","background-size":"auto","background-attachment":"scroll","background-type":"","background-media":"","overlay-type":"","overlay-color":"","overlay-gradient":""},"tablet":{"background-color":"var(--ast-global-color-5)","background-image":"","background-repeat":"repeat","background-position":"center center","background-size":"auto","background-attachment":"scroll","background-type":"","background-media":"","overlay-type":"","overlay-color":"","overlay-gradient":""},"mobile":{"background-color":"var(--ast-global-color-5)","background-image":"","background-repeat":"repeat","background-position":"center center","background-size":"auto","background-attachment":"scroll","background-type":"","background-media":"","overlay-type":"","overlay-color":"","overlay-gradient":""}},"footnotes":""},"categories":[19166,1890,1892,126],"tags":[6213,19437,35511,35406,48784,48783],"class_list":["post-15273","post","type-post","status-publish","format-standard","hentry","category-alicante","category-ciencia-de-los-ordenadores","category-ensenanza-con-ayuda-de-ordenador","category-matematicas","tag-antonio-medina-rivilla","tag-juan-luis-castejon-costa","tag-maria-concepcion-dominguez-garrido","tag-maria-dolores-garcia-fernandez","tag-ma-angeles-Martinez-ruiz","tag-rosa-isabel-roig-vila"],"_links":{"self":[{"href":"https:\/\/www.deberes.net\/tesis\/wp-json\/wp\/v2\/posts\/15273","targetHints":{"allow":["GET"]}}],"collection":[{"href":"https:\/\/www.deberes.net\/tesis\/wp-json\/wp\/v2\/posts"}],"about":[{"href":"https:\/\/www.deberes.net\/tesis\/wp-json\/wp\/v2\/types\/post"}],"author":[{"embeddable":true,"href":"https:\/\/www.deberes.net\/tesis\/wp-json\/wp\/v2\/users\/1"}],"replies":[{"embeddable":true,"href":"https:\/\/www.deberes.net\/tesis\/wp-json\/wp\/v2\/comments?post=15273"}],"version-history":[{"count":0,"href":"https:\/\/www.deberes.net\/tesis\/wp-json\/wp\/v2\/posts\/15273\/revisions"}],"wp:attachment":[{"href":"https:\/\/www.deberes.net\/tesis\/wp-json\/wp\/v2\/media?parent=15273"}],"wp:term":[{"taxonomy":"category","embeddable":true,"href":"https:\/\/www.deberes.net\/tesis\/wp-json\/wp\/v2\/categories?post=15273"},{"taxonomy":"post_tag","embeddable":true,"href":"https:\/\/www.deberes.net\/tesis\/wp-json\/wp\/v2\/tags?post=15273"}],"curies":[{"name":"wp","href":"https:\/\/api.w.org\/{rel}","templated":true}]}}