{"id":15287,"date":"2018-03-09T09:02:23","date_gmt":"2018-03-09T09:02:23","guid":{"rendered":"https:\/\/www.deberes.net\/tesis\/sin-categoria\/altura-de-la-capa-de-mezcla-caracterizacion-experimental-y-aplicacion-de-un-modelo-meteorologico-para-el-estudio-de-su-evolucion-diurna\/"},"modified":"2018-03-09T09:02:23","modified_gmt":"2018-03-09T09:02:23","slug":"altura-de-la-capa-de-mezcla-caracterizacion-experimental-y-aplicacion-de-un-modelo-meteorologico-para-el-estudio-de-su-evolucion-diurna","status":"publish","type":"post","link":"https:\/\/www.deberes.net\/tesis\/ciencias-de-la-tierra-y-del-espacio\/altura-de-la-capa-de-mezcla-caracterizacion-experimental-y-aplicacion-de-un-modelo-meteorologico-para-el-estudio-de-su-evolucion-diurna\/","title":{"rendered":"Altura de la capa de mezcla. caracterizaci\u00f3n experimental y aplicaci\u00f3n de un modelo meteorologico para el estudio de su evolucion diurna"},"content":{"rendered":"<h2>Tesis doctoral de <strong> Sylvia Nu\u00f1ez Crespi <\/strong><\/h2>\n<p>La altura de la capa de mezcla esun par\u00e1metro esencial en los estudios de dispersi\u00f3n de la contaminaci\u00f3n atmosf\u00e9rica al representar el volumen de aire disponible para la dispersion y transporte de los vertidos contaminantes. el estudio que forma parte de esta memoria ha abarcado dos vias de investigaci\u00f3n. la primera de ellas, ha estado dedicada al estudio experimental de la capa de mezcla, basado en el analisis de los resultados obtenidos en campa\u00f1as de medida en la cuenca de Madrid. Dicho estudio ha permitido aumentar el conocimiento de c\u00f3mo se desarrolla, de que forma profundiza y evoluciona este par\u00e1metro en funci\u00f3n de diferentes escenarios meteorologicos, que abarcan desde las condiciones fuertemnte convectivas representadas por la baja termica peninsular, hasta las asociadas a situaciones episodicas invernales relativas a condiciones anticiclonicas persistentes y estacionarias. as\u00ed mismo, el estudio experimental ha permitido desarrolar un modelo de regresi\u00f3n que reproduce la evoluci\u00f3n diurna completa de la capa de mezcla, sin ninguna discontinuidad, de car\u00e1cter temporal.  la via de investigaci\u00f3n teorica surgi\u00f3 de la necesidad de encontrar en las formulaciones matem\u00e1ticas, la manera de reproducir lo que experimentalmente hab\u00eda sido descubierto y analizado con anterioridad. El c\u00e1lculo de espesor de mezcla y su evoluci\u00f3n diurna mediante una parametrizaci\u00f3n espec\u00edfica basada en intercambios energ\u00e9ticos entre la superficie terrestre y la atmosf\u00e9ra ha sido discutido, modificado y mejorado dentro del contexto del codigo calmet, un modelo meteorologico de diagnostico perteneciente a la epa(environmental protection agency ) de los ee.Uu. La inclusi\u00f3n de una parametrizaci\u00f3n especifica para el periodo de crecimiento del espesor de mezcla, ha disminuido las diferencias entre los valores experimentales y los simulados por el modelo, mejorando los resultados considerablemente.  por \u00faltimo, en esta memoria, se han presenta<\/p>\n<p>&nbsp;<\/p>\n<h3>Datos acad\u00e9micos de la tesis doctoral \u00ab<strong>Altura de la capa de mezcla. caracterizaci\u00f3n experimental y aplicaci\u00f3n de un modelo meteorologico para el estudio de su evolucion diurna<\/strong>\u00ab<\/h3>\n<ul>\n<li><strong>T\u00edtulo de la tesis:<\/strong>\u00a0 Altura de la capa de mezcla. caracterizaci\u00f3n experimental y aplicaci\u00f3n de un modelo meteorologico para el estudio de su evolucion diurna <\/li>\n<li><strong>Autor:<\/strong>\u00a0 Sylvia Nu\u00f1ez Crespi <\/li>\n<li><strong>Universidad:<\/strong>\u00a0 Complutense de Madrid<\/li>\n<li><strong>Fecha de lectura de la tesis:<\/strong>\u00a0 25\/01\/2002<\/li>\n<\/ul>\n<p>&nbsp;<\/p>\n<h3>Direcci\u00f3n y tribunal<\/h3>\n<ul>\n<li><strong>Director de la tesis<\/strong>\n<ul>\n<li>Bego\u00f1a Arti\u00f1ano Rodriguez De Torres<\/li>\n<\/ul>\n<\/li>\n<li><strong>Tribunal<\/strong>\n<ul>\n<li>Presidente del tribunal: elisa Buforn peir\u00f3 <\/li>\n<li>Fernando Mart\u00edn llorente (vocal)<\/li>\n<li> Castro mu\u00f1oz de lucas Manuel de (vocal)<\/li>\n<li>marino Navazo mu\u00f1oz (vocal)<\/li>\n<\/ul>\n<\/li>\n<\/ul>\n<p>&nbsp;<\/p>\n","protected":false},"excerpt":{"rendered":"<p>Tesis doctoral de Sylvia Nu\u00f1ez Crespi La altura de la capa de mezcla esun par\u00e1metro esencial en los estudios de [&hellip;]<\/p>\n","protected":false},"author":1,"featured_media":0,"comment_status":"open","ping_status":"open","sticky":false,"template":"","format":"standard","meta":{"site-sidebar-layout":"default","site-content-layout":"","ast-site-content-layout":"","site-content-style":"default","site-sidebar-style":"default","ast-global-header-display":"","ast-banner-title-visibility":"","ast-main-header-display":"","ast-hfb-above-header-display":"","ast-hfb-below-header-display":"","ast-hfb-mobile-header-display":"","site-post-title":"","ast-breadcrumbs-content":"","ast-featured-img":"","footer-sml-layout":"","theme-transparent-header-meta":"","adv-header-id-meta":"","stick-header-meta":"","header-above-stick-meta":"","header-main-stick-meta":"","header-below-stick-meta":"","astra-migrate-meta-layouts":"default","ast-page-background-enabled":"default","ast-page-background-meta":{"desktop":{"background-color":"var(--ast-global-color-4)","background-image":"","background-repeat":"repeat","background-position":"center center","background-size":"auto","background-attachment":"scroll","background-type":"","background-media":"","overlay-type":"","overlay-color":"","overlay-gradient":""},"tablet":{"background-color":"","background-image":"","background-repeat":"repeat","background-position":"center center","background-size":"auto","background-attachment":"scroll","background-type":"","background-media":"","overlay-type":"","overlay-color":"","overlay-gradient":""},"mobile":{"background-color":"","background-image":"","background-repeat":"repeat","background-position":"center center","background-size":"auto","background-attachment":"scroll","background-type":"","background-media":"","overlay-type":"","overlay-color":"","overlay-gradient":""}},"ast-content-background-meta":{"desktop":{"background-color":"var(--ast-global-color-5)","background-image":"","background-repeat":"repeat","background-position":"center center","background-size":"auto","background-attachment":"scroll","background-type":"","background-media":"","overlay-type":"","overlay-color":"","overlay-gradient":""},"tablet":{"background-color":"var(--ast-global-color-5)","background-image":"","background-repeat":"repeat","background-position":"center center","background-size":"auto","background-attachment":"scroll","background-type":"","background-media":"","overlay-type":"","overlay-color":"","overlay-gradient":""},"mobile":{"background-color":"var(--ast-global-color-5)","background-image":"","background-repeat":"repeat","background-position":"center center","background-size":"auto","background-attachment":"scroll","background-type":"","background-media":"","overlay-type":"","overlay-color":"","overlay-gradient":""}},"footnotes":""},"categories":[950,27,5952],"tags":[48826,5879,28557,7205,42866,48825],"class_list":["post-15287","post","type-post","status-publish","format-standard","hentry","category-ciencias-de-la-atmosfera","category-ciencias-de-la-tierra-y-del-espacio","category-estructura-atmosferica","tag-begona-artinano-rodriguez-de-torres","tag-castro-munoz-de-lucas-manuel-de","tag-elisa-buforn-peiro","tag-fernando-martin-llorente","tag-marino-navazo-munoz","tag-sylvia-nunez-crespi"],"_links":{"self":[{"href":"https:\/\/www.deberes.net\/tesis\/wp-json\/wp\/v2\/posts\/15287","targetHints":{"allow":["GET"]}}],"collection":[{"href":"https:\/\/www.deberes.net\/tesis\/wp-json\/wp\/v2\/posts"}],"about":[{"href":"https:\/\/www.deberes.net\/tesis\/wp-json\/wp\/v2\/types\/post"}],"author":[{"embeddable":true,"href":"https:\/\/www.deberes.net\/tesis\/wp-json\/wp\/v2\/users\/1"}],"replies":[{"embeddable":true,"href":"https:\/\/www.deberes.net\/tesis\/wp-json\/wp\/v2\/comments?post=15287"}],"version-history":[{"count":0,"href":"https:\/\/www.deberes.net\/tesis\/wp-json\/wp\/v2\/posts\/15287\/revisions"}],"wp:attachment":[{"href":"https:\/\/www.deberes.net\/tesis\/wp-json\/wp\/v2\/media?parent=15287"}],"wp:term":[{"taxonomy":"category","embeddable":true,"href":"https:\/\/www.deberes.net\/tesis\/wp-json\/wp\/v2\/categories?post=15287"},{"taxonomy":"post_tag","embeddable":true,"href":"https:\/\/www.deberes.net\/tesis\/wp-json\/wp\/v2\/tags?post=15287"}],"curies":[{"name":"wp","href":"https:\/\/api.w.org\/{rel}","templated":true}]}}