{"id":152904,"date":"2026-01-12T16:43:55","date_gmt":"2026-01-12T16:43:55","guid":{"rendered":"https:\/\/www.deberes.net\/tesis\/sin-categoria\/estructuras-y-tecnicas-narrativas-en-el-cuento-literario-de-la-generacion-del-98-unamuno-azorin-y-baroja\/"},"modified":"2026-01-12T16:43:55","modified_gmt":"2026-01-12T16:43:55","slug":"estructuras-y-tecnicas-narrativas-en-el-cuento-literario-de-la-generacion-del-98-unamuno-azorin-y-baroja","status":"publish","type":"post","link":"https:\/\/www.deberes.net\/tesis\/historia\/estructuras-y-tecnicas-narrativas-en-el-cuento-literario-de-la-generacion-del-98-unamuno-azorin-y-baroja\/","title":{"rendered":"Estructuras y tecnicas narrativas en el cuento literario de la generacion del 98: unamuno, azorin y baroja."},"content":{"rendered":"<h2>Tesis doctoral de <strong> Mar\u00eda  Teresa Arregui Zamorano <\/strong><\/h2>\n<p>&nbsp;<\/p>\n<h3>Datos acad\u00e9micos de la tesis doctoral \u00ab<strong>Estructuras y tecnicas narrativas en el cuento literario de la generacion del 98: unamuno, azorin y baroja.<\/strong>\u00ab<\/h3>\n<ul>\n<li><strong>T\u00edtulo de la tesis:<\/strong>\u00a0 Estructuras y tecnicas narrativas en el cuento literario de la generacion del 98: unamuno, azorin y baroja. <\/li>\n<li><strong>Autor:<\/strong>\u00a0 Mar\u00eda  Teresa Arregui Zamorano <\/li>\n<li><strong>Universidad:<\/strong>\u00a0 Navarra<\/li>\n<li><strong>Fecha de lectura de la tesis:<\/strong>\u00a0 01\/01\/1990<\/li>\n<\/ul>\n<p>&nbsp;<\/p>\n<h3>Direcci\u00f3n y tribunal<\/h3>\n<ul>\n<li><strong>Director de la tesis<\/strong>\n<ul>\n<li> <\/li>\n<\/ul>\n<\/li>\n<li><strong>Tribunal<\/strong>\n<ul>\n<li>Presidente del tribunal: Jos\u00e9 Mar\u00eda Mart\u00ednez Cachero <\/li>\n<li>Kurt Spang (vocal)<\/li>\n<li>Francisco Jos\u00e9 Diaz De Castro (vocal)<\/li>\n<li>Manuel Casado Velarde (vocal)<\/li>\n<\/ul>\n<\/li>\n<\/ul>\n<p>&nbsp;<\/p>\n","protected":false},"excerpt":{"rendered":"<p>Tesis doctoral de Mar\u00eda Teresa Arregui Zamorano &nbsp; Datos acad\u00e9micos de la tesis doctoral \u00abEstructuras y tecnicas narrativas en el [&hellip;]<\/p>\n","protected":false},"author":1,"featured_media":0,"comment_status":"open","ping_status":"open","sticky":false,"template":"","format":"standard","meta":{"site-sidebar-layout":"default","site-content-layout":"","ast-site-content-layout":"","site-content-style":"default","site-sidebar-style":"default","ast-global-header-display":"","ast-banner-title-visibility":"","ast-main-header-display":"","ast-hfb-above-header-display":"","ast-hfb-below-header-display":"","ast-hfb-mobile-header-display":"","site-post-title":"","ast-breadcrumbs-content":"","ast-featured-img":"","footer-sml-layout":"","theme-transparent-header-meta":"","adv-header-id-meta":"","stick-header-meta":"","header-above-stick-meta":"","header-main-stick-meta":"","header-below-stick-meta":"","astra-migrate-meta-layouts":"default","ast-page-background-enabled":"default","ast-page-background-meta":{"desktop":{"background-color":"var(--ast-global-color-4)","background-image":"","background-repeat":"repeat","background-position":"center center","background-size":"auto","background-attachment":"scroll","background-type":"","background-media":"","overlay-type":"","overlay-color":"","overlay-gradient":""},"tablet":{"background-color":"","background-image":"","background-repeat":"repeat","background-position":"center center","background-size":"auto","background-attachment":"scroll","background-type":"","background-media":"","overlay-type":"","overlay-color":"","overlay-gradient":""},"mobile":{"background-color":"","background-image":"","background-repeat":"repeat","background-position":"center center","background-size":"auto","background-attachment":"scroll","background-type":"","background-media":"","overlay-type":"","overlay-color":"","overlay-gradient":""}},"ast-content-background-meta":{"desktop":{"background-color":"var(--ast-global-color-5)","background-image":"","background-repeat":"repeat","background-position":"center center","background-size":"auto","background-attachment":"scroll","background-type":"","background-media":"","overlay-type":"","overlay-color":"","overlay-gradient":""},"tablet":{"background-color":"var(--ast-global-color-5)","background-image":"","background-repeat":"repeat","background-position":"center center","background-size":"auto","background-attachment":"scroll","background-type":"","background-media":"","overlay-type":"","overlay-color":"","overlay-gradient":""},"mobile":{"background-color":"var(--ast-global-color-5)","background-image":"","background-repeat":"repeat","background-position":"center center","background-size":"auto","background-attachment":"scroll","background-type":"","background-media":"","overlay-type":"","overlay-color":"","overlay-gradient":""}},"footnotes":""},"categories":[104,1867,222,17749],"tags":[12630,6869,17923,3140,267170],"class_list":["post-152904","post","type-post","status-publish","format-standard","hentry","category-historia","category-historia-de-la-literatura-espanola","category-historias-especializadas","category-navarra","tag-francisco-jose-diaz-de-castro","tag-jose-maria-Martinez-cachero","tag-kurt-spang","tag-manuel-casado-velarde","tag-maria-teresa-arregui-zamorano"],"_links":{"self":[{"href":"https:\/\/www.deberes.net\/tesis\/wp-json\/wp\/v2\/posts\/152904","targetHints":{"allow":["GET"]}}],"collection":[{"href":"https:\/\/www.deberes.net\/tesis\/wp-json\/wp\/v2\/posts"}],"about":[{"href":"https:\/\/www.deberes.net\/tesis\/wp-json\/wp\/v2\/types\/post"}],"author":[{"embeddable":true,"href":"https:\/\/www.deberes.net\/tesis\/wp-json\/wp\/v2\/users\/1"}],"replies":[{"embeddable":true,"href":"https:\/\/www.deberes.net\/tesis\/wp-json\/wp\/v2\/comments?post=152904"}],"version-history":[{"count":0,"href":"https:\/\/www.deberes.net\/tesis\/wp-json\/wp\/v2\/posts\/152904\/revisions"}],"wp:attachment":[{"href":"https:\/\/www.deberes.net\/tesis\/wp-json\/wp\/v2\/media?parent=152904"}],"wp:term":[{"taxonomy":"category","embeddable":true,"href":"https:\/\/www.deberes.net\/tesis\/wp-json\/wp\/v2\/categories?post=152904"},{"taxonomy":"post_tag","embeddable":true,"href":"https:\/\/www.deberes.net\/tesis\/wp-json\/wp\/v2\/tags?post=152904"}],"curies":[{"name":"wp","href":"https:\/\/api.w.org\/{rel}","templated":true}]}}