{"id":15295,"date":"2018-03-09T09:02:23","date_gmt":"2018-03-09T09:02:23","guid":{"rendered":"https:\/\/www.deberes.net\/tesis\/sin-categoria\/la-musica-en-la-catedral-de-cordoba-los-libros-corales-de-la-misa\/"},"modified":"2018-03-09T09:02:23","modified_gmt":"2018-03-09T09:02:23","slug":"la-musica-en-la-catedral-de-cordoba-los-libros-corales-de-la-misa","status":"publish","type":"post","link":"https:\/\/www.deberes.net\/tesis\/ciencias-de-las-artes-y-las-letras\/la-musica-en-la-catedral-de-cordoba-los-libros-corales-de-la-misa\/","title":{"rendered":"La m\u00fasica en la catedral de c\u00f3rdoba, los libros corales de la misa"},"content":{"rendered":"<h2>Tesis doctoral de <strong> Francisco Javier Lara Lara <\/strong><\/h2>\n<p>En la catedral de c\u00f3rdoba se conservan una serie de libros corales gregorianos del siglo xvi en adelante que contienen el repertorio de la misa y del oficio interpretado en esta iglesia. El n\u00famero total de libros corales es de 114, numerados correlativamente, y de los cuales 79 corresponden al oficio y 35 de la misa, incluyendo alguno de ellos un repertorio mixto. el estudio realizado se centra \u00fanicamente en el repertorio de la misa.  despu\u00e9s de una introducci\u00f3n general sobre la m\u00fasica en la catedral de c\u00f3rdoba y la descripci\u00f3n de las fuentes, se ha realizado un estudio detallado de la notaci\u00f3n, especialmente en algunos aspectos mensuralistas, aportando lo que dicen los te\u00f3ricos  de la \u00e9poca al respecto. Tambi\u00e9n se ha podido comprobar la tradici\u00f3n mel\u00f3dica, donde se ha podido comprobar la fidelidad de los libros corales a la tradici\u00f3n del repertorio primitivo gregoriano. en el estudio detallado de algunas obras se ha comparado el repertorio cordob\u00e9s con los manuscritos m\u00e1s primitivos de la escuela sangalense, metense o aquitana para ver las posibles influencias sobre el repertorio de los libros corales. El estudio demuestra una clara influencia de la tradici\u00f3n aquitana sobre el repertorio de la catedral de c\u00f3rdoba y una gran fidelidad respecto a al l\u00ednea mel\u00f3dica tradicional. No obstante, hay que decir que en las fuentes consultadas nos hemos encontrado el modelo que siguieron, ya que nunca hay una copia literal de los manuscritos aquitanos consultados sino una aproximaci\u00f3n. Los libros corales de la misa de la catedral de c\u00f3rdoba son, en definitiva testigos insuperables de la fidelidad a la tradici\u00f3n mel\u00f3dica del primitivo repertorio gregoriano en la iglesia cordobesa de los siglos xxvi y xvii.<\/p>\n<p>&nbsp;<\/p>\n<h3>Datos acad\u00e9micos de la tesis doctoral \u00ab<strong>La m\u00fasica en la catedral de c\u00f3rdoba, los libros corales de la misa<\/strong>\u00ab<\/h3>\n<ul>\n<li><strong>T\u00edtulo de la tesis:<\/strong>\u00a0 La m\u00fasica en la catedral de c\u00f3rdoba, los libros corales de la misa <\/li>\n<li><strong>Autor:<\/strong>\u00a0 Francisco Javier Lara Lara <\/li>\n<li><strong>Universidad:<\/strong>\u00a0 Oviedo<\/li>\n<li><strong>Fecha de lectura de la tesis:<\/strong>\u00a0 25\/01\/2002<\/li>\n<\/ul>\n<p>&nbsp;<\/p>\n<h3>Direcci\u00f3n y tribunal<\/h3>\n<ul>\n<li><strong>Director de la tesis<\/strong>\n<ul>\n<li>Angel Medina Lavarez<\/li>\n<\/ul>\n<\/li>\n<li><strong>Tribunal<\/strong>\n<ul>\n<li>Presidente del tribunal: emilio Casares rodicio <\/li>\n<li>Carlos Villanueva abelairas (vocal)<\/li>\n<li>Antonio Mart\u00edn moreno (vocal)<\/li>\n<li>Jos\u00e9 Antonio Gomez rodriguez (vocal)<\/li>\n<\/ul>\n<\/li>\n<\/ul>\n<p>&nbsp;<\/p>\n","protected":false},"excerpt":{"rendered":"<p>Tesis doctoral de Francisco Javier Lara Lara En la catedral de c\u00f3rdoba se conservan una serie de libros corales gregorianos [&hellip;]<\/p>\n","protected":false},"author":1,"featured_media":0,"comment_status":"open","ping_status":"open","sticky":false,"template":"","format":"standard","meta":{"site-sidebar-layout":"default","site-content-layout":"","ast-site-content-layout":"","site-content-style":"default","site-sidebar-style":"default","ast-global-header-display":"","ast-banner-title-visibility":"","ast-main-header-display":"","ast-hfb-above-header-display":"","ast-hfb-below-header-display":"","ast-hfb-mobile-header-display":"","site-post-title":"","ast-breadcrumbs-content":"","ast-featured-img":"","footer-sml-layout":"","theme-transparent-header-meta":"","adv-header-id-meta":"","stick-header-meta":"","header-above-stick-meta":"","header-main-stick-meta":"","header-below-stick-meta":"","astra-migrate-meta-layouts":"default","ast-page-background-enabled":"default","ast-page-background-meta":{"desktop":{"background-color":"var(--ast-global-color-4)","background-image":"","background-repeat":"repeat","background-position":"center center","background-size":"auto","background-attachment":"scroll","background-type":"","background-media":"","overlay-type":"","overlay-color":"","overlay-gradient":""},"tablet":{"background-color":"","background-image":"","background-repeat":"repeat","background-position":"center center","background-size":"auto","background-attachment":"scroll","background-type":"","background-media":"","overlay-type":"","overlay-color":"","overlay-gradient":""},"mobile":{"background-color":"","background-image":"","background-repeat":"repeat","background-position":"center center","background-size":"auto","background-attachment":"scroll","background-type":"","background-media":"","overlay-type":"","overlay-color":"","overlay-gradient":""}},"ast-content-background-meta":{"desktop":{"background-color":"var(--ast-global-color-5)","background-image":"","background-repeat":"repeat","background-position":"center center","background-size":"auto","background-attachment":"scroll","background-type":"","background-media":"","overlay-type":"","overlay-color":"","overlay-gradient":""},"tablet":{"background-color":"var(--ast-global-color-5)","background-image":"","background-repeat":"repeat","background-position":"center center","background-size":"auto","background-attachment":"scroll","background-type":"","background-media":"","overlay-type":"","overlay-color":"","overlay-gradient":""},"mobile":{"background-color":"var(--ast-global-color-5)","background-image":"","background-repeat":"repeat","background-position":"center center","background-size":"auto","background-attachment":"scroll","background-type":"","background-media":"","overlay-type":"","overlay-color":"","overlay-gradient":""}},"footnotes":""},"categories":[147,9132,8846,1111],"tags":[48845,12773,25408,7634,48844,25613],"class_list":["post-15295","post","type-post","status-publish","format-standard","hentry","category-ciencias-de-las-artes-y-las-letras","category-musica-y-musicologia","category-oviedo","category-teoria-analisis-y-critica-de-las-bellas-artes","tag-angel-medina-lavarez","tag-antonio-martin-moreno","tag-carlos-villanueva-abelairas","tag-emilio-casares-rodicio","tag-francisco-javier-lara-lara","tag-jose-antonio-gomez-rodriguez"],"_links":{"self":[{"href":"https:\/\/www.deberes.net\/tesis\/wp-json\/wp\/v2\/posts\/15295","targetHints":{"allow":["GET"]}}],"collection":[{"href":"https:\/\/www.deberes.net\/tesis\/wp-json\/wp\/v2\/posts"}],"about":[{"href":"https:\/\/www.deberes.net\/tesis\/wp-json\/wp\/v2\/types\/post"}],"author":[{"embeddable":true,"href":"https:\/\/www.deberes.net\/tesis\/wp-json\/wp\/v2\/users\/1"}],"replies":[{"embeddable":true,"href":"https:\/\/www.deberes.net\/tesis\/wp-json\/wp\/v2\/comments?post=15295"}],"version-history":[{"count":0,"href":"https:\/\/www.deberes.net\/tesis\/wp-json\/wp\/v2\/posts\/15295\/revisions"}],"wp:attachment":[{"href":"https:\/\/www.deberes.net\/tesis\/wp-json\/wp\/v2\/media?parent=15295"}],"wp:term":[{"taxonomy":"category","embeddable":true,"href":"https:\/\/www.deberes.net\/tesis\/wp-json\/wp\/v2\/categories?post=15295"},{"taxonomy":"post_tag","embeddable":true,"href":"https:\/\/www.deberes.net\/tesis\/wp-json\/wp\/v2\/tags?post=15295"}],"curies":[{"name":"wp","href":"https:\/\/api.w.org\/{rel}","templated":true}]}}