{"id":15302,"date":"2018-03-09T09:02:24","date_gmt":"2018-03-09T09:02:24","guid":{"rendered":"https:\/\/www.deberes.net\/tesis\/sin-categoria\/las-disparidades-regionales-en-espana-efectos-de-la-integracion-en-la-union-monetaria-europea\/"},"modified":"2018-03-09T09:02:24","modified_gmt":"2018-03-09T09:02:24","slug":"las-disparidades-regionales-en-espana-efectos-de-la-integracion-en-la-union-monetaria-europea","status":"publish","type":"post","link":"https:\/\/www.deberes.net\/tesis\/ciencias-economicas\/las-disparidades-regionales-en-espana-efectos-de-la-integracion-en-la-union-monetaria-europea\/","title":{"rendered":"Las disparidades regionales en espa\u00f1a: efectos de la integraci\u00f3n en la uni\u00f3n monetaria europea"},"content":{"rendered":"<h2>Tesis doctoral de <strong> Adolfo Jes\u00fas Maza Fernandez <\/strong><\/h2>\n<p>En la tesis se analiza los previsibles efectos que la formaci\u00f3n de la ume tendr\u00e1 sobre las disparidades regionales en espa\u00f1a. Para ello, y tras un breve repaso de la situaci\u00f3n actual de estas disparidades, se aborda, como punto de partida de todo el an\u00e1lisis posterior, el referente te\u00f3rico de las \u00e1reas monetarias \u00f3ptimas. Posteriormente, se analizan las consecuencias que la formaci\u00f3n de la ume puede tener sobre las desigualdades en espa\u00f1a desde dos vertientes: beneficios y costes potenciales. En el primer caso, los resultados obtenidos parecen indicar que las ganancias que supondr\u00e1 la formaci\u00f3n de la ume no se distribuir\u00e1n de manera uniforme entre todas las comunidades, saliendo m\u00e1s favorecidas, en principio, justamente las m\u00e1s desarrolladas. En segundo caso, la principal conclusi\u00f3n que se obtiene es que no parece que las perturbaciones asim\u00e9tricas vayan a ser muy importantes en el futuro, pero que, ante su aparici\u00f3n, las regiones espa\u00f1olas no cuentan con los instrumentos de ajuste necesarios para paliar sus efectos; asimismo, los resultados indican que es probable que este tipo de shocks sea m\u00e1s com\u00fan en las regiones menos desarrolladas. As\u00ed, y de acuerdo con estos resultados, la principal conclusi\u00f3n que se deriva de este trabajo es que la ume no parece que vaya a disminuir las disparidades regionales en espa\u00f1a sino que, abundando en esta cuesti\u00f3n, es previsable que, al menos en un primer momento, puede provocar un aumento, si bien no muy significativo, de las mismas.<\/p>\n<p>&nbsp;<\/p>\n<h3>Datos acad\u00e9micos de la tesis doctoral \u00ab<strong>Las disparidades regionales en espa\u00f1a: efectos de la integraci\u00f3n en la uni\u00f3n monetaria europea<\/strong>\u00ab<\/h3>\n<ul>\n<li><strong>T\u00edtulo de la tesis:<\/strong>\u00a0 Las disparidades regionales en espa\u00f1a: efectos de la integraci\u00f3n en la uni\u00f3n monetaria europea <\/li>\n<li><strong>Autor:<\/strong>\u00a0 Adolfo Jes\u00fas Maza Fernandez <\/li>\n<li><strong>Universidad:<\/strong>\u00a0 Cantabria<\/li>\n<li><strong>Fecha de lectura de la tesis:<\/strong>\u00a0 25\/01\/2002<\/li>\n<\/ul>\n<p>&nbsp;<\/p>\n<h3>Direcci\u00f3n y tribunal<\/h3>\n<ul>\n<li><strong>Director de la tesis<\/strong>\n<ul>\n<li>Jos\u00e9 Villaverde Castro<\/li>\n<\/ul>\n<\/li>\n<li><strong>Tribunal<\/strong>\n<ul>\n<li>Presidente del tribunal: alejandro Lorca corrons <\/li>\n<li>Jos\u00e9 Garcia solanes (vocal)<\/li>\n<li>Jos\u00e9 Luis Raymond bara (vocal)<\/li>\n<li>Jos\u00e9 Mar\u00eda Perez villarreal gonzalez de arrilucea (vocal)<\/li>\n<\/ul>\n<\/li>\n<\/ul>\n<p>&nbsp;<\/p>\n","protected":false},"excerpt":{"rendered":"<p>Tesis doctoral de Adolfo Jes\u00fas Maza Fernandez En la tesis se analiza los previsibles efectos que la formaci\u00f3n de la [&hellip;]<\/p>\n","protected":false},"author":1,"featured_media":0,"comment_status":"open","ping_status":"open","sticky":false,"template":"","format":"standard","meta":{"site-sidebar-layout":"default","site-content-layout":"","ast-site-content-layout":"","site-content-style":"default","site-sidebar-style":"default","ast-global-header-display":"","ast-banner-title-visibility":"","ast-main-header-display":"","ast-hfb-above-header-display":"","ast-hfb-below-header-display":"","ast-hfb-mobile-header-display":"","site-post-title":"","ast-breadcrumbs-content":"","ast-featured-img":"","footer-sml-layout":"","theme-transparent-header-meta":"","adv-header-id-meta":"","stick-header-meta":"","header-above-stick-meta":"","header-main-stick-meta":"","header-below-stick-meta":"","astra-migrate-meta-layouts":"default","ast-page-background-enabled":"default","ast-page-background-meta":{"desktop":{"background-color":"var(--ast-global-color-4)","background-image":"","background-repeat":"repeat","background-position":"center center","background-size":"auto","background-attachment":"scroll","background-type":"","background-media":"","overlay-type":"","overlay-color":"","overlay-gradient":""},"tablet":{"background-color":"","background-image":"","background-repeat":"repeat","background-position":"center center","background-size":"auto","background-attachment":"scroll","background-type":"","background-media":"","overlay-type":"","overlay-color":"","overlay-gradient":""},"mobile":{"background-color":"","background-image":"","background-repeat":"repeat","background-position":"center center","background-size":"auto","background-attachment":"scroll","background-type":"","background-media":"","overlay-type":"","overlay-color":"","overlay-gradient":""}},"ast-content-background-meta":{"desktop":{"background-color":"var(--ast-global-color-5)","background-image":"","background-repeat":"repeat","background-position":"center center","background-size":"auto","background-attachment":"scroll","background-type":"","background-media":"","overlay-type":"","overlay-color":"","overlay-gradient":""},"tablet":{"background-color":"var(--ast-global-color-5)","background-image":"","background-repeat":"repeat","background-position":"center center","background-size":"auto","background-attachment":"scroll","background-type":"","background-media":"","overlay-type":"","overlay-color":"","overlay-gradient":""},"mobile":{"background-color":"var(--ast-global-color-5)","background-image":"","background-repeat":"repeat","background-position":"center center","background-size":"auto","background-attachment":"scroll","background-type":"","background-media":"","overlay-type":"","overlay-color":"","overlay-gradient":""}},"footnotes":""},"categories":[10518,82,974,910,524,18365,737,16831],"tags":[48862,15272,11537,11538,28109,12790],"class_list":["post-15302","post","type-post","status-publish","format-standard","hentry","category-cantabria","category-ciencias-economicas","category-econometria","category-economia-internacional","category-modelos-econometricos","category-politica-economica-internacional","category-teoria-economica","category-teoria-macroeconomica","tag-adolfo-jesus-maza-fernandez","tag-alejandro-lorca-corrons","tag-jose-garcia-solanes","tag-jose-luis-raymond-bara","tag-jose-maria-perez-villarreal-gonzalez-de-arrilucea","tag-jose-villaverde-castro"],"_links":{"self":[{"href":"https:\/\/www.deberes.net\/tesis\/wp-json\/wp\/v2\/posts\/15302","targetHints":{"allow":["GET"]}}],"collection":[{"href":"https:\/\/www.deberes.net\/tesis\/wp-json\/wp\/v2\/posts"}],"about":[{"href":"https:\/\/www.deberes.net\/tesis\/wp-json\/wp\/v2\/types\/post"}],"author":[{"embeddable":true,"href":"https:\/\/www.deberes.net\/tesis\/wp-json\/wp\/v2\/users\/1"}],"replies":[{"embeddable":true,"href":"https:\/\/www.deberes.net\/tesis\/wp-json\/wp\/v2\/comments?post=15302"}],"version-history":[{"count":0,"href":"https:\/\/www.deberes.net\/tesis\/wp-json\/wp\/v2\/posts\/15302\/revisions"}],"wp:attachment":[{"href":"https:\/\/www.deberes.net\/tesis\/wp-json\/wp\/v2\/media?parent=15302"}],"wp:term":[{"taxonomy":"category","embeddable":true,"href":"https:\/\/www.deberes.net\/tesis\/wp-json\/wp\/v2\/categories?post=15302"},{"taxonomy":"post_tag","embeddable":true,"href":"https:\/\/www.deberes.net\/tesis\/wp-json\/wp\/v2\/tags?post=15302"}],"curies":[{"name":"wp","href":"https:\/\/api.w.org\/{rel}","templated":true}]}}