{"id":153089,"date":"2026-01-12T16:44:58","date_gmt":"2026-01-12T16:44:58","guid":{"rendered":"https:\/\/www.deberes.net\/tesis\/sin-categoria\/el-factoring-la-realidad-juridica-con-proyeccion-economica-para-la-pequena-y-mediana-empresa-espanola\/"},"modified":"2026-01-12T16:44:58","modified_gmt":"2026-01-12T16:44:58","slug":"el-factoring-la-realidad-juridica-con-proyeccion-economica-para-la-pequena-y-mediana-empresa-espanola","status":"publish","type":"post","link":"https:\/\/www.deberes.net\/tesis\/ciencias-juridicas-y-derecho\/el-factoring-la-realidad-juridica-con-proyeccion-economica-para-la-pequena-y-mediana-empresa-espanola\/","title":{"rendered":"El factoring. la realidad juridica con proyeccion economica para la peque\u00f1a y mediana empresa espa\u00f1ola"},"content":{"rendered":"<h2>Tesis doctoral de <strong>  Sanchez Cotobal Jes\u00fas Carlos <\/strong><\/h2>\n<p>&nbsp;<\/p>\n<h3>Datos acad\u00e9micos de la tesis doctoral \u00ab<strong>El factoring. la realidad juridica con proyeccion economica para la peque\u00f1a y mediana empresa espa\u00f1ola<\/strong>\u00ab<\/h3>\n<ul>\n<li><strong>T\u00edtulo de la tesis:<\/strong>\u00a0 El factoring. la realidad juridica con proyeccion economica para la peque\u00f1a y mediana empresa espa\u00f1ola <\/li>\n<li><strong>Autor:<\/strong>\u00a0  Sanchez Cotobal Jes\u00fas Carlos <\/li>\n<li><strong>Universidad:<\/strong>\u00a0 Pontificia comillas<\/li>\n<li><strong>Fecha de lectura de la tesis:<\/strong>\u00a0 01\/01\/1990<\/li>\n<\/ul>\n<p>&nbsp;<\/p>\n<h3>Direcci\u00f3n y tribunal<\/h3>\n<ul>\n<li><strong>Director de la tesis<\/strong>\n<ul>\n<li> <\/li>\n<\/ul>\n<\/li>\n<li><strong>Tribunal<\/strong>\n<ul>\n<li>Presidente del tribunal: Juan  Luis Iglesias Prada <\/li>\n<li>Alberto Alonso Ureba (vocal)<\/li>\n<li> Eizaguirre Bermejo Jos\u00e9 Mar\u00eda (vocal)<\/li>\n<li>Antonio P\u00e9rez De La Cruz Blanco (vocal)<\/li>\n<\/ul>\n<\/li>\n<\/ul>\n<p>&nbsp;<\/p>\n","protected":false},"excerpt":{"rendered":"<p>Tesis doctoral de Sanchez Cotobal Jes\u00fas Carlos &nbsp; Datos acad\u00e9micos de la tesis doctoral \u00abEl factoring. la realidad juridica con [&hellip;]<\/p>\n","protected":false},"author":1,"featured_media":0,"comment_status":"open","ping_status":"open","sticky":false,"template":"","format":"standard","meta":{"site-sidebar-layout":"default","site-content-layout":"","ast-site-content-layout":"","site-content-style":"default","site-sidebar-style":"default","ast-global-header-display":"","ast-banner-title-visibility":"","ast-main-header-display":"","ast-hfb-above-header-display":"","ast-hfb-below-header-display":"","ast-hfb-mobile-header-display":"","site-post-title":"","ast-breadcrumbs-content":"","ast-featured-img":"","footer-sml-layout":"","theme-transparent-header-meta":"","adv-header-id-meta":"","stick-header-meta":"","header-above-stick-meta":"","header-main-stick-meta":"","header-below-stick-meta":"","astra-migrate-meta-layouts":"default","ast-page-background-enabled":"default","ast-page-background-meta":{"desktop":{"background-color":"var(--ast-global-color-4)","background-image":"","background-repeat":"repeat","background-position":"center center","background-size":"auto","background-attachment":"scroll","background-type":"","background-media":"","overlay-type":"","overlay-color":"","overlay-gradient":""},"tablet":{"background-color":"","background-image":"","background-repeat":"repeat","background-position":"center center","background-size":"auto","background-attachment":"scroll","background-type":"","background-media":"","overlay-type":"","overlay-color":"","overlay-gradient":""},"mobile":{"background-color":"","background-image":"","background-repeat":"repeat","background-position":"center center","background-size":"auto","background-attachment":"scroll","background-type":"","background-media":"","overlay-type":"","overlay-color":"","overlay-gradient":""}},"ast-content-background-meta":{"desktop":{"background-color":"var(--ast-global-color-5)","background-image":"","background-repeat":"repeat","background-position":"center center","background-size":"auto","background-attachment":"scroll","background-type":"","background-media":"","overlay-type":"","overlay-color":"","overlay-gradient":""},"tablet":{"background-color":"var(--ast-global-color-5)","background-image":"","background-repeat":"repeat","background-position":"center center","background-size":"auto","background-attachment":"scroll","background-type":"","background-media":"","overlay-type":"","overlay-color":"","overlay-gradient":""},"mobile":{"background-color":"var(--ast-global-color-5)","background-image":"","background-repeat":"repeat","background-position":"center center","background-size":"auto","background-attachment":"scroll","background-type":"","background-media":"","overlay-type":"","overlay-color":"","overlay-gradient":""}},"footnotes":""},"categories":[612,2826,979,18397],"tags":[32465,18934,40304,18441,267347],"class_list":["post-153089","post","type-post","status-publish","format-standard","hentry","category-ciencias-juridicas-y-derecho","category-derecho-mercantil","category-derecho-y-legislacion-nacionales","category-pontificia-comillas","tag-alberto-alonso-ureba","tag-antonio-perez-de-la-cruz-blanco","tag-eizaguirre-bermejo-jose-maria","tag-juan-luis-iglesias-prada","tag-sanchez-cotobal-jesus-carlos"],"_links":{"self":[{"href":"https:\/\/www.deberes.net\/tesis\/wp-json\/wp\/v2\/posts\/153089","targetHints":{"allow":["GET"]}}],"collection":[{"href":"https:\/\/www.deberes.net\/tesis\/wp-json\/wp\/v2\/posts"}],"about":[{"href":"https:\/\/www.deberes.net\/tesis\/wp-json\/wp\/v2\/types\/post"}],"author":[{"embeddable":true,"href":"https:\/\/www.deberes.net\/tesis\/wp-json\/wp\/v2\/users\/1"}],"replies":[{"embeddable":true,"href":"https:\/\/www.deberes.net\/tesis\/wp-json\/wp\/v2\/comments?post=153089"}],"version-history":[{"count":0,"href":"https:\/\/www.deberes.net\/tesis\/wp-json\/wp\/v2\/posts\/153089\/revisions"}],"wp:attachment":[{"href":"https:\/\/www.deberes.net\/tesis\/wp-json\/wp\/v2\/media?parent=153089"}],"wp:term":[{"taxonomy":"category","embeddable":true,"href":"https:\/\/www.deberes.net\/tesis\/wp-json\/wp\/v2\/categories?post=153089"},{"taxonomy":"post_tag","embeddable":true,"href":"https:\/\/www.deberes.net\/tesis\/wp-json\/wp\/v2\/tags?post=153089"}],"curies":[{"name":"wp","href":"https:\/\/api.w.org\/{rel}","templated":true}]}}