{"id":15314,"date":"2018-03-09T09:02:25","date_gmt":"2018-03-09T09:02:25","guid":{"rendered":"https:\/\/www.deberes.net\/tesis\/sin-categoria\/estudio-de-las-arritmias-carda%c2%adacas-en-la-enfermedad-pulmonar-obstructiva\/"},"modified":"2018-03-09T09:02:25","modified_gmt":"2018-03-09T09:02:25","slug":"estudio-de-las-arritmias-carda%c2%adacas-en-la-enfermedad-pulmonar-obstructiva","status":"publish","type":"post","link":"https:\/\/www.deberes.net\/tesis\/ciencias-medicas\/estudio-de-las-arritmias-carda%c2%adacas-en-la-enfermedad-pulmonar-obstructiva\/","title":{"rendered":"Estudio de las arritmias card\u00edacas en la enfermedad pulmonar obstructiva"},"content":{"rendered":"<h2>Tesis doctoral de <strong> Ruperto Vargas Garc\u00eda <\/strong><\/h2>\n<p>Los pacientes en epoc, especialmente, durante los periodos de agudizaci\u00f3n de la enfermedad, muestran una mayor incidencia de arritmias cardiacas que sujetos sanos de la misma edad. La patog\u00e9nesis de las arritmias es compleja y pueden estar involucrados m\u00faltiples factores.  objetivos del estudio  conocer la preValencia de los distintos tipos de arritmia cardiaca en pacientes con epoc y establecer la relaci\u00f3n entre las arritmias y las caracter\u00edsticas de la poblaci\u00f3n, el tratamiento farmacol\u00f3gico, los par\u00e1metros gasom\u00e9tricos, la exploraci\u00f3n funcional respiratoria, la hemodin\u00e1mica cardiaca y la mortalidad.  material y m\u00e9todos  se reclutaron 115 pacientes hospitalizados en el servicio de neumolog\u00eda por agudizaci\u00f3n de su epoc. A todos se les registr\u00f3 el ecg basal, anal\u00edtica rutinaria, gasometr\u00eda arterial, exploraci\u00f3n funcional respiratoria, holter de frecuencia cardiaca durante 24 horas y la hemodin\u00e1mica cardiaca fue estudiada por ecocardiografia bidimensional doppler.  resultados  la preValencia de las arritmias fue del 97%, m\u00e1s las arritmias ventriculares que las supraventriculares. Los extras\u00edstoles de cualquier localizaci\u00f3n predominaron sobre las dem\u00e1s arritmias, detect\u00e1ndose entre estas \u00faltimas, tv en el 9,6% o tsv en el 19,1%. De los f\u00e1rmacos utilizados en el tratamiento solo la teofilina se relacion\u00f3 con la aparici\u00f3n de arritmias. La saturaci\u00f3n de ox\u00e9geno fue significativamente inferior en fibrilaci\u00f3n auricular parox\u00edstica y arritmia supraventricular importante. La presi\u00f3n de la arteria pulmonar se relaciona con el n\u00famero de extras\u00edstoles por hora, especialmente los nocturnos. Aunque la fracci\u00f3n de eyecci\u00f3n de vi no se relaciona con ninguna arritmia, datos indirectos de funci\u00f3n ventricular como la fracci\u00f3n de acortamiento o el di\u00e1metro sist\u00f3lico\/sc y diast\u00f3lico\/sc se asocian significativamente con el n\u00famero de extras\u00edstoles diurnos y nocturnos. Finalmente, las arritmias ventricul\u00e1res (ev<\/p>\n<p>&nbsp;<\/p>\n<h3>Datos acad\u00e9micos de la tesis doctoral \u00ab<strong>Estudio de las arritmias card\u00edacas en la enfermedad pulmonar obstructiva<\/strong>\u00ab<\/h3>\n<ul>\n<li><strong>T\u00edtulo de la tesis:<\/strong>\u00a0 Estudio de las arritmias card\u00edacas en la enfermedad pulmonar obstructiva <\/li>\n<li><strong>Autor:<\/strong>\u00a0 Ruperto Vargas Garc\u00eda <\/li>\n<li><strong>Universidad:<\/strong>\u00a0 Palmas de gran canaria<\/li>\n<li><strong>Fecha de lectura de la tesis:<\/strong>\u00a0 25\/01\/2002<\/li>\n<\/ul>\n<p>&nbsp;<\/p>\n<h3>Direcci\u00f3n y tribunal<\/h3>\n<ul>\n<li><strong>Director de la tesis<\/strong>\n<ul>\n<li>Vicente Nieto Lago<\/li>\n<\/ul>\n<\/li>\n<li><strong>Tribunal<\/strong>\n<ul>\n<li>Presidente del tribunal: pedro Betancor le\u00f3n <\/li>\n<li> Teresa gal\u00e1n eduardo de (vocal)<\/li>\n<li> Cruz fern\u00e1ndez Jos\u00e9 Mar\u00eda (vocal)<\/li>\n<li>ignacio Coello Garc\u00eda (vocal)<\/li>\n<\/ul>\n<\/li>\n<\/ul>\n<p>&nbsp;<\/p>\n","protected":false},"excerpt":{"rendered":"<p>Tesis doctoral de Ruperto Vargas Garc\u00eda Los pacientes en epoc, especialmente, durante los periodos de agudizaci\u00f3n de la enfermedad, muestran [&hellip;]<\/p>\n","protected":false},"author":1,"featured_media":0,"comment_status":"open","ping_status":"open","sticky":false,"template":"","format":"standard","meta":{"site-sidebar-layout":"default","site-content-layout":"","ast-site-content-layout":"","site-content-style":"default","site-sidebar-style":"default","ast-global-header-display":"","ast-banner-title-visibility":"","ast-main-header-display":"","ast-hfb-above-header-display":"","ast-hfb-below-header-display":"","ast-hfb-mobile-header-display":"","site-post-title":"","ast-breadcrumbs-content":"","ast-featured-img":"","footer-sml-layout":"","theme-transparent-header-meta":"","adv-header-id-meta":"","stick-header-meta":"","header-above-stick-meta":"","header-main-stick-meta":"","header-below-stick-meta":"","astra-migrate-meta-layouts":"default","ast-page-background-enabled":"default","ast-page-background-meta":{"desktop":{"background-color":"var(--ast-global-color-4)","background-image":"","background-repeat":"repeat","background-position":"center center","background-size":"auto","background-attachment":"scroll","background-type":"","background-media":"","overlay-type":"","overlay-color":"","overlay-gradient":""},"tablet":{"background-color":"","background-image":"","background-repeat":"repeat","background-position":"center center","background-size":"auto","background-attachment":"scroll","background-type":"","background-media":"","overlay-type":"","overlay-color":"","overlay-gradient":""},"mobile":{"background-color":"","background-image":"","background-repeat":"repeat","background-position":"center center","background-size":"auto","background-attachment":"scroll","background-type":"","background-media":"","overlay-type":"","overlay-color":"","overlay-gradient":""}},"ast-content-background-meta":{"desktop":{"background-color":"var(--ast-global-color-5)","background-image":"","background-repeat":"repeat","background-position":"center center","background-size":"auto","background-attachment":"scroll","background-type":"","background-media":"","overlay-type":"","overlay-color":"","overlay-gradient":""},"tablet":{"background-color":"var(--ast-global-color-5)","background-image":"","background-repeat":"repeat","background-position":"center center","background-size":"auto","background-attachment":"scroll","background-type":"","background-media":"","overlay-type":"","overlay-color":"","overlay-gradient":""},"mobile":{"background-color":"var(--ast-global-color-5)","background-image":"","background-repeat":"repeat","background-position":"center center","background-size":"auto","background-attachment":"scroll","background-type":"","background-media":"","overlay-type":"","overlay-color":"","overlay-gradient":""}},"footnotes":""},"categories":[932,9,69,139,16629,156,1601],"tags":[20547,48894,895,48892,48893,16768],"class_list":["post-15314","post","type-post","status-publish","format-standard","hentry","category-cardiologia","category-ciencias-medicas","category-enfermedades-pulmonares","category-medicina-interna","category-palmas-de-gran-canaria","category-patologia","category-patologia-cardiovascular","tag-cruz-fernandez-jose-maria","tag-ignacio-coello-garcia","tag-pedro-betancor-leon","tag-ruperto-vargas-garcia","tag-teresa-galan-eduardo-de","tag-vicente-nieto-lago"],"_links":{"self":[{"href":"https:\/\/www.deberes.net\/tesis\/wp-json\/wp\/v2\/posts\/15314","targetHints":{"allow":["GET"]}}],"collection":[{"href":"https:\/\/www.deberes.net\/tesis\/wp-json\/wp\/v2\/posts"}],"about":[{"href":"https:\/\/www.deberes.net\/tesis\/wp-json\/wp\/v2\/types\/post"}],"author":[{"embeddable":true,"href":"https:\/\/www.deberes.net\/tesis\/wp-json\/wp\/v2\/users\/1"}],"replies":[{"embeddable":true,"href":"https:\/\/www.deberes.net\/tesis\/wp-json\/wp\/v2\/comments?post=15314"}],"version-history":[{"count":0,"href":"https:\/\/www.deberes.net\/tesis\/wp-json\/wp\/v2\/posts\/15314\/revisions"}],"wp:attachment":[{"href":"https:\/\/www.deberes.net\/tesis\/wp-json\/wp\/v2\/media?parent=15314"}],"wp:term":[{"taxonomy":"category","embeddable":true,"href":"https:\/\/www.deberes.net\/tesis\/wp-json\/wp\/v2\/categories?post=15314"},{"taxonomy":"post_tag","embeddable":true,"href":"https:\/\/www.deberes.net\/tesis\/wp-json\/wp\/v2\/tags?post=15314"}],"curies":[{"name":"wp","href":"https:\/\/api.w.org\/{rel}","templated":true}]}}