{"id":15352,"date":"2018-03-09T09:02:29","date_gmt":"2018-03-09T09:02:29","guid":{"rendered":"https:\/\/www.deberes.net\/tesis\/sin-categoria\/diversidad-intracultural-de-los-comportamientos-alimentarios-el-caso-de-los-vegetarianos-en-la-cataluna-urbana-actual\/"},"modified":"2018-03-09T09:02:29","modified_gmt":"2018-03-09T09:02:29","slug":"diversidad-intracultural-de-los-comportamientos-alimentarios-el-caso-de-los-vegetarianos-en-la-cataluna-urbana-actual","status":"publish","type":"post","link":"https:\/\/www.deberes.net\/tesis\/ciencias-de-la-vida\/diversidad-intracultural-de-los-comportamientos-alimentarios-el-caso-de-los-vegetarianos-en-la-cataluna-urbana-actual\/","title":{"rendered":"Diversidad intracultural de los comportamientos alimentarios: el caso de los vegetarianos en la catalu\u00f1a urbana actual"},"content":{"rendered":"<h2>Tesis doctoral de <strong> Carme Garcia Gimeno <\/strong><\/h2>\n<p>En esta investigaci\u00f3n se analiza la cultura alimentaria en general y los comportamientos alimentarios actuales de los vegetarianos en la ciudad de barcelona y su \u00e1rea metropolitana, para constatar los cambios que se han producido en la cultura alimentaria y en el conjunto de la sociedad, como consecuencia de lo que podr\u00edamos denominar la \u00abrevoluci\u00f3n alimentaria\u00bb provocada por la industrializaci\u00f3n y sus concomitancias, asi como por las nuevas relaciones establecidas entre alimentaci\u00f3n y enfermedad.  el an\u00e1lisis responde a la cl\u00e1sica aproximaci\u00f3n antropol\u00f3gica consistente en la adopci\u00f3n de una perspectiva hol\u00edstica y comparativa, ya que debido a la gran complejidad del hecho alimentario han de tenerse en cuenta los aspectos de tipo biol\u00f3gico, ecol\u00f3gico, ideol\u00f3gico, econ\u00f3mico, tecnol\u00f3gico, social, pol\u00edtico, etc., Que conforman la sociedad y la cultura. Por otra parte, la comparaci\u00f3n es del todo necesaria para comprender y explicar la varibilidad cultural.<\/p>\n<p>&nbsp;<\/p>\n<h3>Datos acad\u00e9micos de la tesis doctoral \u00ab<strong>Diversidad intracultural de los comportamientos alimentarios: el caso de los vegetarianos en la catalu\u00f1a urbana actual<\/strong>\u00ab<\/h3>\n<ul>\n<li><strong>T\u00edtulo de la tesis:<\/strong>\u00a0 Diversidad intracultural de los comportamientos alimentarios: el caso de los vegetarianos en la catalu\u00f1a urbana actual <\/li>\n<li><strong>Autor:<\/strong>\u00a0 Carme Garcia Gimeno <\/li>\n<li><strong>Universidad:<\/strong>\u00a0 Barcelona<\/li>\n<li><strong>Fecha de lectura de la tesis:<\/strong>\u00a0 30\/01\/2002<\/li>\n<\/ul>\n<p>&nbsp;<\/p>\n<h3>Direcci\u00f3n y tribunal<\/h3>\n<ul>\n<li><strong>Director de la tesis<\/strong>\n<ul>\n<li>Jes\u00fas Contreras Hernandez<\/li>\n<\/ul>\n<\/li>\n<li><strong>Tribunal<\/strong>\n<ul>\n<li>Presidente del tribunal: abel Marine font <\/li>\n<li>amado Mill\u00e1n fuertes (vocal)<\/li>\n<li>antoni Riera melis (vocal)<\/li>\n<li> Gracia arnaiz M\u00aa isabel (vocal)<\/li>\n<\/ul>\n<\/li>\n<\/ul>\n<p>&nbsp;<\/p>\n","protected":false},"excerpt":{"rendered":"<p>Tesis doctoral de Carme Garcia Gimeno En esta investigaci\u00f3n se analiza la cultura alimentaria en general y los comportamientos alimentarios [&hellip;]<\/p>\n","protected":false},"author":1,"featured_media":0,"comment_status":"open","ping_status":"open","sticky":false,"template":"","format":"standard","meta":{"site-sidebar-layout":"default","site-content-layout":"","ast-site-content-layout":"","site-content-style":"default","site-sidebar-style":"default","ast-global-header-display":"","ast-banner-title-visibility":"","ast-main-header-display":"","ast-hfb-above-header-display":"","ast-hfb-below-header-display":"","ast-hfb-mobile-header-display":"","site-post-title":"","ast-breadcrumbs-content":"","ast-featured-img":"","footer-sml-layout":"","theme-transparent-header-meta":"","adv-header-id-meta":"","stick-header-meta":"","header-above-stick-meta":"","header-main-stick-meta":"","header-below-stick-meta":"","astra-migrate-meta-layouts":"default","ast-page-background-enabled":"default","ast-page-background-meta":{"desktop":{"background-color":"var(--ast-global-color-4)","background-image":"","background-repeat":"repeat","background-position":"center center","background-size":"auto","background-attachment":"scroll","background-type":"","background-media":"","overlay-type":"","overlay-color":"","overlay-gradient":""},"tablet":{"background-color":"","background-image":"","background-repeat":"repeat","background-position":"center center","background-size":"auto","background-attachment":"scroll","background-type":"","background-media":"","overlay-type":"","overlay-color":"","overlay-gradient":""},"mobile":{"background-color":"","background-image":"","background-repeat":"repeat","background-position":"center center","background-size":"auto","background-attachment":"scroll","background-type":"","background-media":"","overlay-type":"","overlay-color":"","overlay-gradient":""}},"ast-content-background-meta":{"desktop":{"background-color":"var(--ast-global-color-5)","background-image":"","background-repeat":"repeat","background-position":"center center","background-size":"auto","background-attachment":"scroll","background-type":"","background-media":"","overlay-type":"","overlay-color":"","overlay-gradient":""},"tablet":{"background-color":"var(--ast-global-color-5)","background-image":"","background-repeat":"repeat","background-position":"center center","background-size":"auto","background-attachment":"scroll","background-type":"","background-media":"","overlay-type":"","overlay-color":"","overlay-gradient":""},"mobile":{"background-color":"var(--ast-global-color-5)","background-image":"","background-repeat":"repeat","background-position":"center center","background-size":"auto","background-attachment":"scroll","background-type":"","background-media":"","overlay-type":"","overlay-color":"","overlay-gradient":""}},"footnotes":""},"categories":[681,983,922,2720,951,35,26117],"tags":[9421,19115,18954,49003,49004,20282],"class_list":["post-15352","post","type-post","status-publish","format-standard","hentry","category-antropologia","category-antropologia-cultural","category-antropologia-fisica","category-antropologia-social","category-barcelona","category-ciencias-de-la-vida","category-habitos-alimentarios-antropologicos","tag-abel-marine-font","tag-amado-millan-fuertes","tag-antoni-riera-melis","tag-carme-garcia-gimeno","tag-gracia-arnaiz-ma-isabel","tag-jesus-contreras-hernandez"],"_links":{"self":[{"href":"https:\/\/www.deberes.net\/tesis\/wp-json\/wp\/v2\/posts\/15352","targetHints":{"allow":["GET"]}}],"collection":[{"href":"https:\/\/www.deberes.net\/tesis\/wp-json\/wp\/v2\/posts"}],"about":[{"href":"https:\/\/www.deberes.net\/tesis\/wp-json\/wp\/v2\/types\/post"}],"author":[{"embeddable":true,"href":"https:\/\/www.deberes.net\/tesis\/wp-json\/wp\/v2\/users\/1"}],"replies":[{"embeddable":true,"href":"https:\/\/www.deberes.net\/tesis\/wp-json\/wp\/v2\/comments?post=15352"}],"version-history":[{"count":0,"href":"https:\/\/www.deberes.net\/tesis\/wp-json\/wp\/v2\/posts\/15352\/revisions"}],"wp:attachment":[{"href":"https:\/\/www.deberes.net\/tesis\/wp-json\/wp\/v2\/media?parent=15352"}],"wp:term":[{"taxonomy":"category","embeddable":true,"href":"https:\/\/www.deberes.net\/tesis\/wp-json\/wp\/v2\/categories?post=15352"},{"taxonomy":"post_tag","embeddable":true,"href":"https:\/\/www.deberes.net\/tesis\/wp-json\/wp\/v2\/tags?post=15352"}],"curies":[{"name":"wp","href":"https:\/\/api.w.org\/{rel}","templated":true}]}}