{"id":15361,"date":"2018-03-09T09:02:29","date_gmt":"2018-03-09T09:02:29","guid":{"rendered":"https:\/\/www.deberes.net\/tesis\/sin-categoria\/teorias-sociales-en-torno-a-la-informalidad-ocupacional-su-reflejo-en-la-situacion-laboral-argentina\/"},"modified":"2018-03-09T09:02:29","modified_gmt":"2018-03-09T09:02:29","slug":"teorias-sociales-en-torno-a-la-informalidad-ocupacional-su-reflejo-en-la-situacion-laboral-argentina","status":"publish","type":"post","link":"https:\/\/www.deberes.net\/tesis\/sociologia\/teorias-sociales-en-torno-a-la-informalidad-ocupacional-su-reflejo-en-la-situacion-laboral-argentina\/","title":{"rendered":"Teor\u00edas sociales en torno a la informalidad ocupacional. su reflejo en la situaci\u00f3n laboral argentina"},"content":{"rendered":"<h2>Tesis doctoral de <strong> Juan Labiaguerre Puentes <\/strong><\/h2>\n<p>El t\u00e9rmino \u00abinformalidad ocupacional\u00bb se aplica a partir de una connotaci\u00f3n sociol\u00f3gica amplia, que comprende cierto estadio sociocultural causado por situaciones laborales heterog\u00e9neas, las cuales abarcan desde las vivencias de paro hasta la realizaci\u00f3n de determinados trabajos flexibles. La emergencia y progresi\u00f3n de nuevas modalidades de relaciones productivas desde los a\u00f1os setenta, potenciados durante la \u00faltima d\u00e9cada del siglo pasado, deriv\u00f3 en cambios profundos en las estructuras de las sociedades, as\u00ed como tambi\u00e9n en las formas de interacci\u00f3n colectiva. Tales efectos provocaron el surgimiento de un proceso caracter\u00edstico de fines del milenio, consistente en una especie de \u00abdesmercantilizaci\u00f3n an\u00f3mica\u00bb, experimentado por numerosos sectores de la poblaci\u00f3n mundial. Ello acontece debido a la generalizaci\u00f3n de instancias de privatizaci\u00f3n de \u00e1reas sociales anteriormente atendidas por las pol\u00edticas estatales. Dicho devenir presenta, a su vez, sus manifestaciones m\u00e1s expl\u00edcitas en aquellos espacios perif\u00e9ricos, respecto al funcionamiento del n\u00facleo central hegem\u00f3nico de un sistema econ\u00f3mico \u00abglobalizado\u00bb, como por ejemplo es el caso de gran parte de am\u00e9rica latina. Dentro de este subcontinente, se analiza espec\u00edficamente la evoluci\u00f3n argentina, sobre todo bonaerense, en referencia a la mencionada problem\u00e1tica, destacando las transformaciones operadas en su estructura social y la consecuente aparici\u00f3n de un cuadro in\u00e9dito de tensiones y conflictos intergrupales, originados en el mutaci\u00f3n del universo ocupacional.  el desarrollo del tema responde a una perspectiva interdisciplinar (sociol\u00f3gica, pol\u00edtica y econ\u00f3mica), teniendo en cuenta que el abordaje de esta cuesti\u00f3n compleja y polifac\u00e9tica requiere de una visi\u00f3n que contemple factores diversos, encadenados rec\u00edprocamente, estudiados por distintas ciencias sociales. la consideraci\u00f3n del estadio en que se encuentra la situaci\u00f3n laboral actual se ef<\/p>\n<p>&nbsp;<\/p>\n<h3>Datos acad\u00e9micos de la tesis doctoral \u00ab<strong>Teor\u00edas sociales en torno a la informalidad ocupacional. su reflejo en la situaci\u00f3n laboral argentina<\/strong>\u00ab<\/h3>\n<ul>\n<li><strong>T\u00edtulo de la tesis:<\/strong>\u00a0 Teor\u00edas sociales en torno a la informalidad ocupacional. su reflejo en la situaci\u00f3n laboral argentina <\/li>\n<li><strong>Autor:<\/strong>\u00a0 Juan Labiaguerre Puentes <\/li>\n<li><strong>Universidad:<\/strong>\u00a0 Granada<\/li>\n<li><strong>Fecha de lectura de la tesis:<\/strong>\u00a0 31\/01\/2002<\/li>\n<\/ul>\n<p>&nbsp;<\/p>\n<h3>Direcci\u00f3n y tribunal<\/h3>\n<ul>\n<li><strong>Director de la tesis<\/strong>\n<ul>\n<li>Francisco Entrena Dur\u00e1n<\/li>\n<\/ul>\n<\/li>\n<li><strong>Tribunal<\/strong>\n<ul>\n<li>Presidente del tribunal: Jos\u00e9 Antonio Garmendia Martinez <\/li>\n<li>eduardo Moyano estrada (vocal)<\/li>\n<li> Prior ruiz Juan  Carlos (vocal)<\/li>\n<li>ramon Adell argiles (vocal)<\/li>\n<\/ul>\n<\/li>\n<\/ul>\n<p>&nbsp;<\/p>\n","protected":false},"excerpt":{"rendered":"<p>Tesis doctoral de Juan Labiaguerre Puentes El t\u00e9rmino \u00abinformalidad ocupacional\u00bb se aplica a partir de una connotaci\u00f3n sociol\u00f3gica amplia, que [&hellip;]<\/p>\n","protected":false},"author":1,"featured_media":0,"comment_status":"open","ping_status":"open","sticky":false,"template":"","format":"standard","meta":{"site-sidebar-layout":"default","site-content-layout":"","ast-site-content-layout":"","site-content-style":"default","site-sidebar-style":"default","ast-global-header-display":"","ast-banner-title-visibility":"","ast-main-header-display":"","ast-hfb-above-header-display":"","ast-hfb-below-header-display":"","ast-hfb-mobile-header-display":"","site-post-title":"","ast-breadcrumbs-content":"","ast-featured-img":"","footer-sml-layout":"","theme-transparent-header-meta":"","adv-header-id-meta":"","stick-header-meta":"","header-above-stick-meta":"","header-main-stick-meta":"","header-below-stick-meta":"","astra-migrate-meta-layouts":"default","ast-page-background-enabled":"default","ast-page-background-meta":{"desktop":{"background-color":"var(--ast-global-color-4)","background-image":"","background-repeat":"repeat","background-position":"center center","background-size":"auto","background-attachment":"scroll","background-type":"","background-media":"","overlay-type":"","overlay-color":"","overlay-gradient":""},"tablet":{"background-color":"","background-image":"","background-repeat":"repeat","background-position":"center center","background-size":"auto","background-attachment":"scroll","background-type":"","background-media":"","overlay-type":"","overlay-color":"","overlay-gradient":""},"mobile":{"background-color":"","background-image":"","background-repeat":"repeat","background-position":"center center","background-size":"auto","background-attachment":"scroll","background-type":"","background-media":"","overlay-type":"","overlay-color":"","overlay-gradient":""}},"ast-content-background-meta":{"desktop":{"background-color":"var(--ast-global-color-5)","background-image":"","background-repeat":"repeat","background-position":"center center","background-size":"auto","background-attachment":"scroll","background-type":"","background-media":"","overlay-type":"","overlay-color":"","overlay-gradient":""},"tablet":{"background-color":"var(--ast-global-color-5)","background-image":"","background-repeat":"repeat","background-position":"center center","background-size":"auto","background-attachment":"scroll","background-type":"","background-media":"","overlay-type":"","overlay-color":"","overlay-gradient":""},"mobile":{"background-color":"var(--ast-global-color-5)","background-image":"","background-repeat":"repeat","background-position":"center center","background-size":"auto","background-attachment":"scroll","background-type":"","background-media":"","overlay-type":"","overlay-color":"","overlay-gradient":""}},"footnotes":""},"categories":[6217,838,269,1496,6408],"tags":[20422,20972,24449,49031,22298,4656],"class_list":["post-15361","post","type-post","status-publish","format-standard","hentry","category-cambio-y-desarrollo-social","category-ciencia-politica","category-sociologia","category-sociologia-del-trabajo","category-sociologia-politica","tag-eduardo-moyano-estrada","tag-francisco-entrena-duran","tag-jose-antonio-garmendia-Martinez","tag-juan-labiaguerre-puentes","tag-prior-ruiz-juan-carlos","tag-ramon-adell-argiles"],"_links":{"self":[{"href":"https:\/\/www.deberes.net\/tesis\/wp-json\/wp\/v2\/posts\/15361","targetHints":{"allow":["GET"]}}],"collection":[{"href":"https:\/\/www.deberes.net\/tesis\/wp-json\/wp\/v2\/posts"}],"about":[{"href":"https:\/\/www.deberes.net\/tesis\/wp-json\/wp\/v2\/types\/post"}],"author":[{"embeddable":true,"href":"https:\/\/www.deberes.net\/tesis\/wp-json\/wp\/v2\/users\/1"}],"replies":[{"embeddable":true,"href":"https:\/\/www.deberes.net\/tesis\/wp-json\/wp\/v2\/comments?post=15361"}],"version-history":[{"count":0,"href":"https:\/\/www.deberes.net\/tesis\/wp-json\/wp\/v2\/posts\/15361\/revisions"}],"wp:attachment":[{"href":"https:\/\/www.deberes.net\/tesis\/wp-json\/wp\/v2\/media?parent=15361"}],"wp:term":[{"taxonomy":"category","embeddable":true,"href":"https:\/\/www.deberes.net\/tesis\/wp-json\/wp\/v2\/categories?post=15361"},{"taxonomy":"post_tag","embeddable":true,"href":"https:\/\/www.deberes.net\/tesis\/wp-json\/wp\/v2\/tags?post=15361"}],"curies":[{"name":"wp","href":"https:\/\/api.w.org\/{rel}","templated":true}]}}