{"id":153694,"date":"2026-01-12T16:50:28","date_gmt":"2026-01-12T16:50:28","guid":{"rendered":"https:\/\/www.deberes.net\/tesis\/sin-categoria\/el-gen-de-la-timosina-beta4-caracterizacion-preliminar-y-expresion-en-tejidos-celulas-linfoides-y-procesos-proliferativos\/"},"modified":"2026-01-12T16:50:28","modified_gmt":"2026-01-12T16:50:28","slug":"el-gen-de-la-timosina-beta4-caracterizacion-preliminar-y-expresion-en-tejidos-celulas-linfoides-y-procesos-proliferativos","status":"publish","type":"post","link":"https:\/\/www.deberes.net\/tesis\/quimica\/el-gen-de-la-timosina-beta4-caracterizacion-preliminar-y-expresion-en-tejidos-celulas-linfoides-y-procesos-proliferativos\/","title":{"rendered":"El gen de la timosina beta4: caracterizacion preliminar y expresion en tejidos, celulas linfoides y procesos proliferativos."},"content":{"rendered":"<h2>Tesis doctoral de <strong> Jos\u00e9 Mar\u00eda Garcia Pichel <\/strong><\/h2>\n<p>&nbsp;<\/p>\n<h3>Datos acad\u00e9micos de la tesis doctoral \u00ab<strong>El gen de la timosina beta4: caracterizacion preliminar y expresion en tejidos, celulas linfoides y procesos proliferativos.<\/strong>\u00ab<\/h3>\n<ul>\n<li><strong>T\u00edtulo de la tesis:<\/strong>\u00a0 El gen de la timosina beta4: caracterizacion preliminar y expresion en tejidos, celulas linfoides y procesos proliferativos. <\/li>\n<li><strong>Autor:<\/strong>\u00a0 Jos\u00e9 Mar\u00eda Garcia Pichel <\/li>\n<li><strong>Universidad:<\/strong>\u00a0 Santiago de compostela<\/li>\n<li><strong>Fecha de lectura de la tesis:<\/strong>\u00a0 01\/01\/1990<\/li>\n<\/ul>\n<p>&nbsp;<\/p>\n<h3>Direcci\u00f3n y tribunal<\/h3>\n<ul>\n<li><strong>Director de la tesis<\/strong>\n<ul>\n<li> <\/li>\n<\/ul>\n<\/li>\n<li><strong>Tribunal<\/strong>\n<ul>\n<li>Presidente del tribunal: Margarita Salas Falgueras <\/li>\n<li>Santiago Rodr\u00edguez-segade Villamar\u00edn (vocal)<\/li>\n<li>Germ\u00e1n Sierra Marcu\u00f1o (vocal)<\/li>\n<li>Manuel Alejo Aldegunde Villar (vocal)<\/li>\n<\/ul>\n<\/li>\n<\/ul>\n<p>&nbsp;<\/p>\n","protected":false},"excerpt":{"rendered":"<p>Tesis doctoral de Jos\u00e9 Mar\u00eda Garcia Pichel &nbsp; Datos acad\u00e9micos de la tesis doctoral \u00abEl gen de la timosina beta4: [&hellip;]<\/p>\n","protected":false},"author":1,"featured_media":0,"comment_status":"open","ping_status":"open","sticky":false,"template":"","format":"standard","meta":{"site-sidebar-layout":"default","site-content-layout":"","ast-site-content-layout":"","site-content-style":"default","site-sidebar-style":"default","ast-global-header-display":"","ast-banner-title-visibility":"","ast-main-header-display":"","ast-hfb-above-header-display":"","ast-hfb-below-header-display":"","ast-hfb-mobile-header-display":"","site-post-title":"","ast-breadcrumbs-content":"","ast-featured-img":"","footer-sml-layout":"","theme-transparent-header-meta":"","adv-header-id-meta":"","stick-header-meta":"","header-above-stick-meta":"","header-main-stick-meta":"","header-below-stick-meta":"","astra-migrate-meta-layouts":"default","ast-page-background-enabled":"default","ast-page-background-meta":{"desktop":{"background-color":"var(--ast-global-color-4)","background-image":"","background-repeat":"repeat","background-position":"center center","background-size":"auto","background-attachment":"scroll","background-type":"","background-media":"","overlay-type":"","overlay-color":"","overlay-gradient":""},"tablet":{"background-color":"","background-image":"","background-repeat":"repeat","background-position":"center center","background-size":"auto","background-attachment":"scroll","background-type":"","background-media":"","overlay-type":"","overlay-color":"","overlay-gradient":""},"mobile":{"background-color":"","background-image":"","background-repeat":"repeat","background-position":"center center","background-size":"auto","background-attachment":"scroll","background-type":"","background-media":"","overlay-type":"","overlay-color":"","overlay-gradient":""}},"ast-content-background-meta":{"desktop":{"background-color":"var(--ast-global-color-5)","background-image":"","background-repeat":"repeat","background-position":"center center","background-size":"auto","background-attachment":"scroll","background-type":"","background-media":"","overlay-type":"","overlay-color":"","overlay-gradient":""},"tablet":{"background-color":"var(--ast-global-color-5)","background-image":"","background-repeat":"repeat","background-position":"center center","background-size":"auto","background-attachment":"scroll","background-type":"","background-media":"","overlay-type":"","overlay-color":"","overlay-gradient":""},"mobile":{"background-color":"var(--ast-global-color-5)","background-image":"","background-repeat":"repeat","background-position":"center center","background-size":"auto","background-attachment":"scroll","background-type":"","background-media":"","overlay-type":"","overlay-color":"","overlay-gradient":""}},"footnotes":""},"categories":[160,115,35,1737,17,977],"tags":[678,135378,3250,15196,671],"class_list":["post-153694","post","type-post","status-publish","format-standard","hentry","category-bioquimica","category-bioquimica-molecular","category-ciencias-de-la-vida","category-inmunologia","category-quimica","category-santiago-de-compostela","tag-german-sierra-marcuno","tag-jose-maria-garcia-pichel","tag-manuel-alejo-aldegunde-villar","tag-margarita-salas-falgueras","tag-santiago-rodriguez-segade-villamarin"],"_links":{"self":[{"href":"https:\/\/www.deberes.net\/tesis\/wp-json\/wp\/v2\/posts\/153694","targetHints":{"allow":["GET"]}}],"collection":[{"href":"https:\/\/www.deberes.net\/tesis\/wp-json\/wp\/v2\/posts"}],"about":[{"href":"https:\/\/www.deberes.net\/tesis\/wp-json\/wp\/v2\/types\/post"}],"author":[{"embeddable":true,"href":"https:\/\/www.deberes.net\/tesis\/wp-json\/wp\/v2\/users\/1"}],"replies":[{"embeddable":true,"href":"https:\/\/www.deberes.net\/tesis\/wp-json\/wp\/v2\/comments?post=153694"}],"version-history":[{"count":0,"href":"https:\/\/www.deberes.net\/tesis\/wp-json\/wp\/v2\/posts\/153694\/revisions"}],"wp:attachment":[{"href":"https:\/\/www.deberes.net\/tesis\/wp-json\/wp\/v2\/media?parent=153694"}],"wp:term":[{"taxonomy":"category","embeddable":true,"href":"https:\/\/www.deberes.net\/tesis\/wp-json\/wp\/v2\/categories?post=153694"},{"taxonomy":"post_tag","embeddable":true,"href":"https:\/\/www.deberes.net\/tesis\/wp-json\/wp\/v2\/tags?post=153694"}],"curies":[{"name":"wp","href":"https:\/\/api.w.org\/{rel}","templated":true}]}}