{"id":15371,"date":"2018-03-09T09:02:30","date_gmt":"2018-03-09T09:02:30","guid":{"rendered":"https:\/\/www.deberes.net\/tesis\/sin-categoria\/interrelacion-e-interdependencia-entre-distintas-formas-de-representacion-conceptual-estudio-en-tres-niveles-de-especializacion-en-textos-sobre-instalaciones-de-combustibles-de-aviones\/"},"modified":"2018-03-09T09:02:30","modified_gmt":"2018-03-09T09:02:30","slug":"interrelacion-e-interdependencia-entre-distintas-formas-de-representacion-conceptual-estudio-en-tres-niveles-de-especializacion-en-textos-sobre-instalaciones-de-combustibles-de-aviones","status":"publish","type":"post","link":"https:\/\/www.deberes.net\/tesis\/historia\/interrelacion-e-interdependencia-entre-distintas-formas-de-representacion-conceptual-estudio-en-tres-niveles-de-especializacion-en-textos-sobre-instalaciones-de-combustibles-de-aviones\/","title":{"rendered":"Interrelaci\u00f3n e interdependencia entre distintas formas de representaci\u00f3n conceptual: estudio en tres niveles de especializaci\u00f3n en textos sobre instalaciones de combustibles de aviones"},"content":{"rendered":"<h2>Tesis doctoral de <strong>  Monterder Rey Ana M. <\/strong><\/h2>\n<p>Isbn:? 978-84-691-6937-7<\/p>\n<p>&nbsp;<\/p>\n<h3>Datos acad\u00e9micos de la tesis doctoral \u00ab<strong>Interrelaci\u00f3n e interdependencia entre distintas formas de representaci\u00f3n conceptual: estudio en tres niveles de especializaci\u00f3n en textos sobre instalaciones de combustibles de aviones<\/strong>\u00ab<\/h3>\n<ul>\n<li><strong>T\u00edtulo de la tesis:<\/strong>\u00a0 Interrelaci\u00f3n e interdependencia entre distintas formas de representaci\u00f3n conceptual: estudio en tres niveles de especializaci\u00f3n en textos sobre instalaciones de combustibles de aviones <\/li>\n<li><strong>Autor:<\/strong>\u00a0  Monterder Rey Ana M. <\/li>\n<li><strong>Universidad:<\/strong>\u00a0 Palmas de gran canaria<\/li>\n<li><strong>Fecha de lectura de la tesis:<\/strong>\u00a0 31\/01\/2002<\/li>\n<\/ul>\n<p>&nbsp;<\/p>\n<h3>Direcci\u00f3n y tribunal<\/h3>\n<ul>\n<li><strong>Director de la tesis<\/strong>\n<ul>\n<li>Heribert Picht<\/li>\n<\/ul>\n<\/li>\n<li><strong>Tribunal<\/strong>\n<ul>\n<li>Presidente del tribunal: vicente Marrero pulido <\/li>\n<li>reiner Arntz (vocal)<\/li>\n<li>christer Laur\u00e9n (vocal)<\/li>\n<li>Rafael Moreno mart\u00edn (vocal)<\/li>\n<\/ul>\n<\/li>\n<\/ul>\n<p>&nbsp;<\/p>\n","protected":false},"excerpt":{"rendered":"<p>Tesis doctoral de Monterder Rey Ana M. Isbn:? 978-84-691-6937-7 &nbsp; Datos acad\u00e9micos de la tesis doctoral \u00abInterrelaci\u00f3n e interdependencia entre [&hellip;]<\/p>\n","protected":false},"author":1,"featured_media":0,"comment_status":"open","ping_status":"open","sticky":false,"template":"","format":"standard","meta":{"site-sidebar-layout":"default","site-content-layout":"","ast-site-content-layout":"","site-content-style":"default","site-sidebar-style":"default","ast-global-header-display":"","ast-banner-title-visibility":"","ast-main-header-display":"","ast-hfb-above-header-display":"","ast-hfb-below-header-display":"","ast-hfb-mobile-header-display":"","site-post-title":"","ast-breadcrumbs-content":"","ast-featured-img":"","footer-sml-layout":"","theme-transparent-header-meta":"","adv-header-id-meta":"","stick-header-meta":"","header-above-stick-meta":"","header-main-stick-meta":"","header-below-stick-meta":"","astra-migrate-meta-layouts":"default","ast-page-background-enabled":"default","ast-page-background-meta":{"desktop":{"background-color":"var(--ast-global-color-4)","background-image":"","background-repeat":"repeat","background-position":"center center","background-size":"auto","background-attachment":"scroll","background-type":"","background-media":"","overlay-type":"","overlay-color":"","overlay-gradient":""},"tablet":{"background-color":"","background-image":"","background-repeat":"repeat","background-position":"center center","background-size":"auto","background-attachment":"scroll","background-type":"","background-media":"","overlay-type":"","overlay-color":"","overlay-gradient":""},"mobile":{"background-color":"","background-image":"","background-repeat":"repeat","background-position":"center center","background-size":"auto","background-attachment":"scroll","background-type":"","background-media":"","overlay-type":"","overlay-color":"","overlay-gradient":""}},"ast-content-background-meta":{"desktop":{"background-color":"var(--ast-global-color-5)","background-image":"","background-repeat":"repeat","background-position":"center center","background-size":"auto","background-attachment":"scroll","background-type":"","background-media":"","overlay-type":"","overlay-color":"","overlay-gradient":""},"tablet":{"background-color":"var(--ast-global-color-5)","background-image":"","background-repeat":"repeat","background-position":"center center","background-size":"auto","background-attachment":"scroll","background-type":"","background-media":"","overlay-type":"","overlay-color":"","overlay-gradient":""},"mobile":{"background-color":"var(--ast-global-color-5)","background-image":"","background-repeat":"repeat","background-position":"center center","background-size":"auto","background-attachment":"scroll","background-type":"","background-media":"","overlay-type":"","overlay-color":"","overlay-gradient":""}},"footnotes":""},"categories":[1624,2142,104,23041,16629],"tags":[49065,49062,49061,49066,49064,49063],"class_list":["post-15371","post","type-post","status-publish","format-standard","hentry","category-ciencias-auxiliares-de-la-historia","category-filologia","category-historia","category-onomastica","category-palmas-de-gran-canaria","tag-christer-lauren","tag-heribert-picht","tag-monterder-rey-ana-m","tag-rafael-moreno-martin","tag-reiner-arntz","tag-vicente-marrero-pulido"],"_links":{"self":[{"href":"https:\/\/www.deberes.net\/tesis\/wp-json\/wp\/v2\/posts\/15371","targetHints":{"allow":["GET"]}}],"collection":[{"href":"https:\/\/www.deberes.net\/tesis\/wp-json\/wp\/v2\/posts"}],"about":[{"href":"https:\/\/www.deberes.net\/tesis\/wp-json\/wp\/v2\/types\/post"}],"author":[{"embeddable":true,"href":"https:\/\/www.deberes.net\/tesis\/wp-json\/wp\/v2\/users\/1"}],"replies":[{"embeddable":true,"href":"https:\/\/www.deberes.net\/tesis\/wp-json\/wp\/v2\/comments?post=15371"}],"version-history":[{"count":0,"href":"https:\/\/www.deberes.net\/tesis\/wp-json\/wp\/v2\/posts\/15371\/revisions"}],"wp:attachment":[{"href":"https:\/\/www.deberes.net\/tesis\/wp-json\/wp\/v2\/media?parent=15371"}],"wp:term":[{"taxonomy":"category","embeddable":true,"href":"https:\/\/www.deberes.net\/tesis\/wp-json\/wp\/v2\/categories?post=15371"},{"taxonomy":"post_tag","embeddable":true,"href":"https:\/\/www.deberes.net\/tesis\/wp-json\/wp\/v2\/tags?post=15371"}],"curies":[{"name":"wp","href":"https:\/\/api.w.org\/{rel}","templated":true}]}}