{"id":154056,"date":"2026-01-12T16:54:34","date_gmt":"2026-01-12T16:54:34","guid":{"rendered":"https:\/\/www.deberes.net\/tesis\/sin-categoria\/el-control-judicial-de-la-libre-apreciacion-de-la-prueba-en-el-proceso-civil-como-garantia-fundamental-del-ciudadano\/"},"modified":"2026-01-12T16:54:34","modified_gmt":"2026-01-12T16:54:34","slug":"el-control-judicial-de-la-libre-apreciacion-de-la-prueba-en-el-proceso-civil-como-garantia-fundamental-del-ciudadano","status":"publish","type":"post","link":"https:\/\/www.deberes.net\/tesis\/ciencias-juridicas-y-derecho\/el-control-judicial-de-la-libre-apreciacion-de-la-prueba-en-el-proceso-civil-como-garantia-fundamental-del-ciudadano\/","title":{"rendered":"El control judicial de la libre apreciacion de la prueba en el proceso civil, como garantia fundamental del ciudadano."},"content":{"rendered":"<h2>Tesis doctoral de <strong> Juan  Carlos Caba\u00f1as Garc\u00eda <\/strong><\/h2>\n<p>&nbsp;<\/p>\n<h3>Datos acad\u00e9micos de la tesis doctoral \u00ab<strong>El control judicial de la libre apreciacion de la prueba en el proceso civil, como garantia fundamental del ciudadano.<\/strong>\u00ab<\/h3>\n<ul>\n<li><strong>T\u00edtulo de la tesis:<\/strong>\u00a0 El control judicial de la libre apreciacion de la prueba en el proceso civil, como garantia fundamental del ciudadano. <\/li>\n<li><strong>Autor:<\/strong>\u00a0 Juan  Carlos Caba\u00f1as Garc\u00eda <\/li>\n<li><strong>Universidad:<\/strong>\u00a0 Complutense de Madrid<\/li>\n<li><strong>Fecha de lectura de la tesis:<\/strong>\u00a0 01\/01\/1990<\/li>\n<\/ul>\n<p>&nbsp;<\/p>\n<h3>Direcci\u00f3n y tribunal<\/h3>\n<ul>\n<li><strong>Director de la tesis<\/strong>\n<ul>\n<li> <\/li>\n<\/ul>\n<\/li>\n<li><strong>Tribunal<\/strong>\n<ul>\n<li>Presidente del tribunal: Andr\u00e9s De La Oliva Santos <\/li>\n<li>Juan Montero Aroca (vocal)<\/li>\n<li>Jorge Carreras Llensana (vocal)<\/li>\n<li>Faustino Cord\u00f3n Moreno (vocal)<\/li>\n<\/ul>\n<\/li>\n<\/ul>\n<p>&nbsp;<\/p>\n","protected":false},"excerpt":{"rendered":"<p>Tesis doctoral de Juan Carlos Caba\u00f1as Garc\u00eda &nbsp; Datos acad\u00e9micos de la tesis doctoral \u00abEl control judicial de la libre [&hellip;]<\/p>\n","protected":false},"author":1,"featured_media":0,"comment_status":"open","ping_status":"open","sticky":false,"template":"","format":"standard","meta":{"site-sidebar-layout":"default","site-content-layout":"","ast-site-content-layout":"","site-content-style":"default","site-sidebar-style":"default","ast-global-header-display":"","ast-banner-title-visibility":"","ast-main-header-display":"","ast-hfb-above-header-display":"","ast-hfb-below-header-display":"","ast-hfb-mobile-header-display":"","site-post-title":"","ast-breadcrumbs-content":"","ast-featured-img":"","footer-sml-layout":"","theme-transparent-header-meta":"","adv-header-id-meta":"","stick-header-meta":"","header-above-stick-meta":"","header-main-stick-meta":"","header-below-stick-meta":"","astra-migrate-meta-layouts":"default","ast-page-background-enabled":"default","ast-page-background-meta":{"desktop":{"background-color":"var(--ast-global-color-4)","background-image":"","background-repeat":"repeat","background-position":"center center","background-size":"auto","background-attachment":"scroll","background-type":"","background-media":"","overlay-type":"","overlay-color":"","overlay-gradient":""},"tablet":{"background-color":"","background-image":"","background-repeat":"repeat","background-position":"center center","background-size":"auto","background-attachment":"scroll","background-type":"","background-media":"","overlay-type":"","overlay-color":"","overlay-gradient":""},"mobile":{"background-color":"","background-image":"","background-repeat":"repeat","background-position":"center center","background-size":"auto","background-attachment":"scroll","background-type":"","background-media":"","overlay-type":"","overlay-color":"","overlay-gradient":""}},"ast-content-background-meta":{"desktop":{"background-color":"var(--ast-global-color-5)","background-image":"","background-repeat":"repeat","background-position":"center center","background-size":"auto","background-attachment":"scroll","background-type":"","background-media":"","overlay-type":"","overlay-color":"","overlay-gradient":""},"tablet":{"background-color":"var(--ast-global-color-5)","background-image":"","background-repeat":"repeat","background-position":"center center","background-size":"auto","background-attachment":"scroll","background-type":"","background-media":"","overlay-type":"","overlay-color":"","overlay-gradient":""},"mobile":{"background-color":"var(--ast-global-color-5)","background-image":"","background-repeat":"repeat","background-position":"center center","background-size":"auto","background-attachment":"scroll","background-type":"","background-media":"","overlay-type":"","overlay-color":"","overlay-gradient":""}},"footnotes":""},"categories":[612,986,1251,3620,979,3621],"tags":[3626,17754,268184,50301,12325],"class_list":["post-154056","post","type-post","status-publish","format-standard","hentry","category-ciencias-juridicas-y-derecho","category-complutense-de-madrid","category-derecho-civil","category-derecho-procesal","category-derecho-y-legislacion-nacionales","category-organizacion-juridica","tag-andres-de-la-oliva-santos","tag-faustino-cordon-moreno","tag-jorge-carreras-llensana","tag-juan-carlos-cabanas-garcia","tag-juan-montero-aroca"],"_links":{"self":[{"href":"https:\/\/www.deberes.net\/tesis\/wp-json\/wp\/v2\/posts\/154056","targetHints":{"allow":["GET"]}}],"collection":[{"href":"https:\/\/www.deberes.net\/tesis\/wp-json\/wp\/v2\/posts"}],"about":[{"href":"https:\/\/www.deberes.net\/tesis\/wp-json\/wp\/v2\/types\/post"}],"author":[{"embeddable":true,"href":"https:\/\/www.deberes.net\/tesis\/wp-json\/wp\/v2\/users\/1"}],"replies":[{"embeddable":true,"href":"https:\/\/www.deberes.net\/tesis\/wp-json\/wp\/v2\/comments?post=154056"}],"version-history":[{"count":0,"href":"https:\/\/www.deberes.net\/tesis\/wp-json\/wp\/v2\/posts\/154056\/revisions"}],"wp:attachment":[{"href":"https:\/\/www.deberes.net\/tesis\/wp-json\/wp\/v2\/media?parent=154056"}],"wp:term":[{"taxonomy":"category","embeddable":true,"href":"https:\/\/www.deberes.net\/tesis\/wp-json\/wp\/v2\/categories?post=154056"},{"taxonomy":"post_tag","embeddable":true,"href":"https:\/\/www.deberes.net\/tesis\/wp-json\/wp\/v2\/tags?post=154056"}],"curies":[{"name":"wp","href":"https:\/\/api.w.org\/{rel}","templated":true}]}}