{"id":15416,"date":"2002-02-02T00:00:00","date_gmt":"2002-02-02T00:00:00","guid":{"rendered":"https:\/\/www.deberes.net\/tesis\/sin-categoria\/la-organeria-romantica-en-el-paa%c2%ads-vasco-y-navarra-1856-1940\/"},"modified":"2002-02-02T00:00:00","modified_gmt":"2002-02-02T00:00:00","slug":"la-organeria-romantica-en-el-paa%c2%ads-vasco-y-navarra-1856-1940","status":"publish","type":"post","link":"https:\/\/www.deberes.net\/tesis\/historia\/la-organeria-romantica-en-el-paa%c2%ads-vasco-y-navarra-1856-1940\/","title":{"rendered":"La organer\u00eda rom\u00e1ntica en el pa\u00eds vasco y navarra 1856\/1940"},"content":{"rendered":"<h2>Tesis doctoral de <strong> Esteban Elizondo Iriarte <\/strong><\/h2>\n<p>En esta tesis se estudian los \u00f3rganos m\u00e1s representativos construidos en esta \u00e9poca en la zona vasco-navarra. Ello obliga al estudio de sus autores, organeros procedentes de francia, espa\u00f1a y alemania y exige la definici\u00f3n de lo que es el \u00f3rgano rom\u00e1ntico y la justificaci\u00f3n del per\u00edodo cronol\u00f3gico propuesto y del espacio geogr\u00e1fico en que se enmarca la investigaci\u00f3n.  adem\u00e1s, esta tesis tiene como objetivo explicar las razones por las que existe en este territorio una riqueza tan extensa en cantidad y calidad, de \u00f3rganos construidos por los organeros m\u00e1s representativos de europa dentro del estilo rom\u00e1ntico, dando respuestas sobre qui\u00e9nes fueron los agentes mediadores en este proceso, de donde salieron las fuentes de financiaci\u00f3n, c\u00f3mo acogi\u00f3 la iglesia a este nuevo \u00f3rgano, qu\u00e9 influencia tuvieron estos instrumentos en la creaci\u00f3n musical y finalmente, c\u00f3mo afect\u00f3 todo este proceso a la metodolog\u00eda en la ense\u00f1anza del \u00f3rgano.  todo ello desde una perspectiva global e hist\u00f3rica.<\/p>\n<p>&nbsp;<\/p>\n<h3>Datos acad\u00e9micos de la tesis doctoral \u00ab<strong>La organer\u00eda rom\u00e1ntica en el pa\u00eds vasco y navarra 1856\/1940<\/strong>\u00ab<\/h3>\n<ul>\n<li><strong>T\u00edtulo de la tesis:<\/strong>\u00a0 La organer\u00eda rom\u00e1ntica en el pa\u00eds vasco y navarra 1856\/1940 <\/li>\n<li><strong>Autor:<\/strong>\u00a0 Esteban Elizondo Iriarte <\/li>\n<li><strong>Universidad:<\/strong>\u00a0 Barcelona<\/li>\n<li><strong>Fecha de lectura de la tesis:<\/strong>\u00a0 02\/02\/2002<\/li>\n<\/ul>\n<p>&nbsp;<\/p>\n<h3>Direcci\u00f3n y tribunal<\/h3>\n<ul>\n<li><strong>Director de la tesis<\/strong>\n<ul>\n<li>Jos\u00e9 Vicente Gonz\u00e1lez Valle<\/li>\n<\/ul>\n<\/li>\n<li><strong>Tribunal<\/strong>\n<ul>\n<li>Presidente del tribunal: francesc Bonastre bertran <\/li>\n<li>adalberto Mart\u00ednez solaesa (vocal)<\/li>\n<li>Jos\u00e9 ignacio Palacios sanz (vocal)<\/li>\n<li>lontxo Oyarzabal rezola (vocal)<\/li>\n<\/ul>\n<\/li>\n<\/ul>\n<p>&nbsp;<\/p>\n","protected":false},"excerpt":{"rendered":"<p>Tesis doctoral de Esteban Elizondo Iriarte En esta tesis se estudian los \u00f3rganos m\u00e1s representativos construidos en esta \u00e9poca en [&hellip;]<\/p>\n","protected":false},"author":1,"featured_media":0,"comment_status":"open","ping_status":"open","sticky":false,"template":"","format":"standard","meta":{"site-sidebar-layout":"default","site-content-layout":"","ast-site-content-layout":"","site-content-style":"default","site-sidebar-style":"default","ast-global-header-display":"","ast-banner-title-visibility":"","ast-main-header-display":"","ast-hfb-above-header-display":"","ast-hfb-below-header-display":"","ast-hfb-mobile-header-display":"","site-post-title":"","ast-breadcrumbs-content":"","ast-featured-img":"","footer-sml-layout":"","theme-transparent-header-meta":"","adv-header-id-meta":"","stick-header-meta":"","header-above-stick-meta":"","header-main-stick-meta":"","header-below-stick-meta":"","astra-migrate-meta-layouts":"default","ast-page-background-enabled":"default","ast-page-background-meta":{"desktop":{"background-color":"var(--ast-global-color-4)","background-image":"","background-repeat":"repeat","background-position":"center center","background-size":"auto","background-attachment":"scroll","background-type":"","background-media":"","overlay-type":"","overlay-color":"","overlay-gradient":""},"tablet":{"background-color":"","background-image":"","background-repeat":"repeat","background-position":"center center","background-size":"auto","background-attachment":"scroll","background-type":"","background-media":"","overlay-type":"","overlay-color":"","overlay-gradient":""},"mobile":{"background-color":"","background-image":"","background-repeat":"repeat","background-position":"center center","background-size":"auto","background-attachment":"scroll","background-type":"","background-media":"","overlay-type":"","overlay-color":"","overlay-gradient":""}},"ast-content-background-meta":{"desktop":{"background-color":"var(--ast-global-color-5)","background-image":"","background-repeat":"repeat","background-position":"center center","background-size":"auto","background-attachment":"scroll","background-type":"","background-media":"","overlay-type":"","overlay-color":"","overlay-gradient":""},"tablet":{"background-color":"var(--ast-global-color-5)","background-image":"","background-repeat":"repeat","background-position":"center center","background-size":"auto","background-attachment":"scroll","background-type":"","background-media":"","overlay-type":"","overlay-color":"","overlay-gradient":""},"mobile":{"background-color":"var(--ast-global-color-5)","background-image":"","background-repeat":"repeat","background-position":"center center","background-size":"auto","background-attachment":"scroll","background-type":"","background-media":"","overlay-type":"","overlay-color":"","overlay-gradient":""}},"footnotes":""},"categories":[951,147,104,7632,222,9132,1111],"tags":[42682,49181,12523,49182,9136,49183],"class_list":["post-15416","post","type-post","status-publish","format-standard","hentry","category-barcelona","category-ciencias-de-las-artes-y-las-letras","category-historia","category-historia-de-la-musica","category-historias-especializadas","category-musica-y-musicologia","category-teoria-analisis-y-critica-de-las-bellas-artes","tag-adalberto-Martinez-solaesa","tag-esteban-elizondo-iriarte","tag-francesc-bonastre-bertran","tag-jose-ignacio-palacios-sanz","tag-jose-vicente-gonzalez-valle","tag-lontxo-oyarzabal-rezola"],"_links":{"self":[{"href":"https:\/\/www.deberes.net\/tesis\/wp-json\/wp\/v2\/posts\/15416","targetHints":{"allow":["GET"]}}],"collection":[{"href":"https:\/\/www.deberes.net\/tesis\/wp-json\/wp\/v2\/posts"}],"about":[{"href":"https:\/\/www.deberes.net\/tesis\/wp-json\/wp\/v2\/types\/post"}],"author":[{"embeddable":true,"href":"https:\/\/www.deberes.net\/tesis\/wp-json\/wp\/v2\/users\/1"}],"replies":[{"embeddable":true,"href":"https:\/\/www.deberes.net\/tesis\/wp-json\/wp\/v2\/comments?post=15416"}],"version-history":[{"count":0,"href":"https:\/\/www.deberes.net\/tesis\/wp-json\/wp\/v2\/posts\/15416\/revisions"}],"wp:attachment":[{"href":"https:\/\/www.deberes.net\/tesis\/wp-json\/wp\/v2\/media?parent=15416"}],"wp:term":[{"taxonomy":"category","embeddable":true,"href":"https:\/\/www.deberes.net\/tesis\/wp-json\/wp\/v2\/categories?post=15416"},{"taxonomy":"post_tag","embeddable":true,"href":"https:\/\/www.deberes.net\/tesis\/wp-json\/wp\/v2\/tags?post=15416"}],"curies":[{"name":"wp","href":"https:\/\/api.w.org\/{rel}","templated":true}]}}