{"id":154170,"date":"2018-03-11T14:00:26","date_gmt":"2018-03-11T14:00:26","guid":{"rendered":"https:\/\/www.deberes.net\/tesis\/sin-categoria\/estudio-sociologico-de-los-funcionarios-del-tribunal-de-corte-1665-1820\/"},"modified":"2018-03-11T14:00:26","modified_gmt":"2018-03-11T14:00:26","slug":"estudio-sociologico-de-los-funcionarios-del-tribunal-de-corte-1665-1820","status":"publish","type":"post","link":"https:\/\/www.deberes.net\/tesis\/extremadura\/estudio-sociologico-de-los-funcionarios-del-tribunal-de-corte-1665-1820\/","title":{"rendered":"Estudio sociol\u00f3gico de los funcionarios del tribunal de corte (1665-1820)"},"content":{"rendered":"<h2>Tesis doctoral de <strong>  Dom\u00ednguez Salgado M. Del Pilar Dolores <\/strong><\/h2>\n<p>L hilvanar todos los datos aparecidos para completar la historia del tribunal inquisitorial de corte, nos dimos cuenta de la importancia que ten\u00edan sus \u00abministros y oficiales\u00bb, dado que fue a trav\u00e9s de estos \u00abfuncionarios\u00bb como se fue dibujando la trayectoria hist\u00f3rica de este tribunal. Este grupo social prest\u00f3 sus servicios, desde los or\u00edgenes del tribunal en 1628 hasta la llegada del trienio liberal en 1820. En esta tesis, adem\u00e1s de exponer la historia del tribunal, se consigue conocer quienes fueron estos ministros y oficiales del santo oficio, sus or\u00edgenes, sus estudios, sus avatares antes de llegar al tribunal de corte, su estancia en \u00e9l, y sus diferentes destinos una vez abandonado el tribunal, el cual, a trav\u00e9s del tiempo, le vemos convertido en un \u00abtrampol\u00edn\u00bb, que permit\u00eda el acceso de estos funcionarios a puestos m\u00e1s apetecibles, a trav\u00e9s de sus relaciones de parentesco o sociales, influencias, riqueza, honores ..Etc. No hay que olvidar que el tribunal resid\u00eda en la corte, sede del rey, con todo lo que ello representaba. El tribunal de corte m\u00e1s joven de todos los que conformaban el santo oficio. Adquiri\u00f3 su \u00abcarta de fundaci\u00f3n\u00bb en 1752, aunque, de hecho, funcionaba ya como tal desde 1628. Aunque formalmente depend\u00eda del tribunal de toledo (la corte estaba en la villa de Madrid y \u00e9sta formaba parte del distrito de toledo), siempre estuvo unido al consejo de inquisici\u00f3n, lo que le ocasion\u00f3 fuertes tensiones por esta doble dependencia jer\u00e1rquica<\/p>\n<p>&nbsp;<\/p>\n<h3>Datos acad\u00e9micos de la tesis doctoral \u00ab<strong>Estudio sociol\u00f3gico de los funcionarios del tribunal de corte (1665-1820)<\/strong>\u00ab<\/h3>\n<ul>\n<li><strong>T\u00edtulo de la tesis:<\/strong>\u00a0 Estudio sociol\u00f3gico de los funcionarios del tribunal de corte (1665-1820) <\/li>\n<li><strong>Autor:<\/strong>\u00a0  Dom\u00ednguez Salgado M. Del Pilar Dolores <\/li>\n<li><strong>Universidad:<\/strong>\u00a0 Extremadura<\/li>\n<li><strong>Fecha de lectura de la tesis:<\/strong>\u00a0 15\/01\/1990<\/li>\n<\/ul>\n<p>&nbsp;<\/p>\n<h3>Direcci\u00f3n y tribunal<\/h3>\n<ul>\n<li><strong>Director de la tesis<\/strong>\n<ul>\n<li>\u00e1ngel Rodr\u00edguez S\u00e1nchez<\/li>\n<\/ul>\n<\/li>\n<li><strong>Tribunal<\/strong>\n<ul>\n<li>Presidente del tribunal: isidoro Reguera p\u00e9rez <\/li>\n<li>Ana D\u00edez medina (vocal)<\/li>\n<li>Jaime Contreras contreras (vocal)<\/li>\n<li>mguel Rodriguez cancho (vocal)<\/li>\n<\/ul>\n<\/li>\n<\/ul>\n<p>&nbsp;<\/p>\n","protected":false},"excerpt":{"rendered":"<p>Tesis doctoral de Dom\u00ednguez Salgado M. Del Pilar Dolores L hilvanar todos los datos aparecidos para completar la historia del [&hellip;]<\/p>\n","protected":false},"author":1,"featured_media":0,"comment_status":"open","ping_status":"open","sticky":false,"template":"","format":"standard","meta":{"site-sidebar-layout":"default","site-content-layout":"","ast-site-content-layout":"","site-content-style":"default","site-sidebar-style":"default","ast-global-header-display":"","ast-banner-title-visibility":"","ast-main-header-display":"","ast-hfb-above-header-display":"","ast-hfb-below-header-display":"","ast-hfb-mobile-header-display":"","site-post-title":"","ast-breadcrumbs-content":"","ast-featured-img":"","footer-sml-layout":"","theme-transparent-header-meta":"","adv-header-id-meta":"","stick-header-meta":"","header-above-stick-meta":"","header-main-stick-meta":"","header-below-stick-meta":"","astra-migrate-meta-layouts":"default","ast-page-background-enabled":"default","ast-page-background-meta":{"desktop":{"background-color":"var(--ast-global-color-4)","background-image":"","background-repeat":"repeat","background-position":"center center","background-size":"auto","background-attachment":"scroll","background-type":"","background-media":"","overlay-type":"","overlay-color":"","overlay-gradient":""},"tablet":{"background-color":"","background-image":"","background-repeat":"repeat","background-position":"center center","background-size":"auto","background-attachment":"scroll","background-type":"","background-media":"","overlay-type":"","overlay-color":"","overlay-gradient":""},"mobile":{"background-color":"","background-image":"","background-repeat":"repeat","background-position":"center center","background-size":"auto","background-attachment":"scroll","background-type":"","background-media":"","overlay-type":"","overlay-color":"","overlay-gradient":""}},"ast-content-background-meta":{"desktop":{"background-color":"var(--ast-global-color-5)","background-image":"","background-repeat":"repeat","background-position":"center center","background-size":"auto","background-attachment":"scroll","background-type":"","background-media":"","overlay-type":"","overlay-color":"","overlay-gradient":""},"tablet":{"background-color":"var(--ast-global-color-5)","background-image":"","background-repeat":"repeat","background-position":"center center","background-size":"auto","background-attachment":"scroll","background-type":"","background-media":"","overlay-type":"","overlay-color":"","overlay-gradient":""},"mobile":{"background-color":"var(--ast-global-color-5)","background-image":"","background-repeat":"repeat","background-position":"center center","background-size":"auto","background-attachment":"scroll","background-type":"","background-media":"","overlay-type":"","overlay-color":"","overlay-gradient":""}},"footnotes":""},"categories":[949,1816,989],"tags":[268312,12807,268311,23979,12527,18490],"class_list":["post-154170","post","type-post","status-publish","format-standard","hentry","category-extremadura","category-historia-contemporanea","category-historia-moderna","tag-ana-diez-medina","tag-angel-rodriguez-sanchez","tag-dominguez-salgado-m-del-pilar-dolores","tag-isidoro-reguera-perez","tag-jaime-contreras-contreras","tag-mguel-rodriguez-cancho"],"_links":{"self":[{"href":"https:\/\/www.deberes.net\/tesis\/wp-json\/wp\/v2\/posts\/154170","targetHints":{"allow":["GET"]}}],"collection":[{"href":"https:\/\/www.deberes.net\/tesis\/wp-json\/wp\/v2\/posts"}],"about":[{"href":"https:\/\/www.deberes.net\/tesis\/wp-json\/wp\/v2\/types\/post"}],"author":[{"embeddable":true,"href":"https:\/\/www.deberes.net\/tesis\/wp-json\/wp\/v2\/users\/1"}],"replies":[{"embeddable":true,"href":"https:\/\/www.deberes.net\/tesis\/wp-json\/wp\/v2\/comments?post=154170"}],"version-history":[{"count":0,"href":"https:\/\/www.deberes.net\/tesis\/wp-json\/wp\/v2\/posts\/154170\/revisions"}],"wp:attachment":[{"href":"https:\/\/www.deberes.net\/tesis\/wp-json\/wp\/v2\/media?parent=154170"}],"wp:term":[{"taxonomy":"category","embeddable":true,"href":"https:\/\/www.deberes.net\/tesis\/wp-json\/wp\/v2\/categories?post=154170"},{"taxonomy":"post_tag","embeddable":true,"href":"https:\/\/www.deberes.net\/tesis\/wp-json\/wp\/v2\/tags?post=154170"}],"curies":[{"name":"wp","href":"https:\/\/api.w.org\/{rel}","templated":true}]}}