{"id":154200,"date":"2026-01-12T16:56:31","date_gmt":"2026-01-12T16:56:31","guid":{"rendered":"https:\/\/www.deberes.net\/tesis\/sin-categoria\/la-integracion-de-jovenes-en-el-cinturon-industrial-de-tarragona-socializacion-laboral-de-jovenes-de-secundaria\/"},"modified":"2026-01-12T16:56:31","modified_gmt":"2026-01-12T16:56:31","slug":"la-integracion-de-jovenes-en-el-cinturon-industrial-de-tarragona-socializacion-laboral-de-jovenes-de-secundaria","status":"publish","type":"post","link":"https:\/\/www.deberes.net\/tesis\/barcelona\/la-integracion-de-jovenes-en-el-cinturon-industrial-de-tarragona-socializacion-laboral-de-jovenes-de-secundaria\/","title":{"rendered":"La integraci\u00f3n de j\u00f3venes en el cintur\u00f3n industrial de tarragona. socializaci\u00f3n laboral de j\u00f3venes de secundaria"},"content":{"rendered":"<h2>Tesis doctoral de <strong> Miquel Bertran Poblet <\/strong><\/h2>\n<p>La tesis toma como base el hecho emp\u00edrico de las experiencias de trabajo de los j\u00f3venes de educaci\u00f3n secundaria (bup\/fp) intentando situarlas dentro del marco te\u00f3rico de la socializaci\u00f3n laboral.  tras delimitar conceptualmente los t\u00e9rminos b\u00e1sicos se describen los principales agentes de socializaci\u00f3n laboral se intenta situar mediante el uso de modelos a dichos agentes en un esquema te\u00f3rico-pr\u00e1ctico que ha de permitir avanzar en la investigaci\u00f3n emp\u00edrica. Esta investigaci\u00f3n, parte final del trabajo, estudia tres campos: a) experiencias de trabajo, b) convenios escuela-empresa c) experiencia aplicada por una corporaci\u00f3n local de la zona de estudio.  como conclusiones merecen destacarse: 1) arrojar luz sobre como se producen los contactos para lograr primeros trabajos, criticas al sistema de convenios escuela-empresa, papel a jugar por las empresas, revisi\u00f3n de la orientaci\u00f3n educativa en el aspecto de la socializaci\u00f3n laboral.<\/p>\n<p>&nbsp;<\/p>\n<h3>Datos acad\u00e9micos de la tesis doctoral \u00ab<strong>La integraci\u00f3n de j\u00f3venes en el cintur\u00f3n industrial de tarragona. socializaci\u00f3n laboral de j\u00f3venes de secundaria<\/strong>\u00ab<\/h3>\n<ul>\n<li><strong>T\u00edtulo de la tesis:<\/strong>\u00a0 La integraci\u00f3n de j\u00f3venes en el cintur\u00f3n industrial de tarragona. socializaci\u00f3n laboral de j\u00f3venes de secundaria <\/li>\n<li><strong>Autor:<\/strong>\u00a0 Miquel Bertran Poblet <\/li>\n<li><strong>Universidad:<\/strong>\u00a0 Barcelona<\/li>\n<li><strong>Fecha de lectura de la tesis:<\/strong>\u00a0 09\/11\/1990<\/li>\n<\/ul>\n<p>&nbsp;<\/p>\n<h3>Direcci\u00f3n y tribunal<\/h3>\n<ul>\n<li><strong>Director de la tesis<\/strong>\n<ul>\n<li>Saturnino Menchon Garcia<\/li>\n<\/ul>\n<\/li>\n<li><strong>Tribunal<\/strong>\n<ul>\n<li>Presidente del tribunal: angel pio Gonzalez soto <\/li>\n<li>salvador Carrasco calvo (vocal)<\/li>\n<li>francesc Mercade dura (vocal)<\/li>\n<li>esteban Pont barcelo (vocal)<\/li>\n<\/ul>\n<\/li>\n<\/ul>\n<p>&nbsp;<\/p>\n","protected":false},"excerpt":{"rendered":"<p>Tesis doctoral de Miquel Bertran Poblet La tesis toma como base el hecho emp\u00edrico de las experiencias de trabajo de [&hellip;]<\/p>\n","protected":false},"author":1,"featured_media":0,"comment_status":"open","ping_status":"open","sticky":false,"template":"","format":"standard","meta":{"site-sidebar-layout":"default","site-content-layout":"","ast-site-content-layout":"","site-content-style":"default","site-sidebar-style":"default","ast-global-header-display":"","ast-banner-title-visibility":"","ast-main-header-display":"","ast-hfb-above-header-display":"","ast-hfb-below-header-display":"","ast-hfb-mobile-header-display":"","site-post-title":"","ast-breadcrumbs-content":"","ast-featured-img":"","footer-sml-layout":"","theme-transparent-header-meta":"","adv-header-id-meta":"","stick-header-meta":"","header-above-stick-meta":"","header-main-stick-meta":"","header-below-stick-meta":"","astra-migrate-meta-layouts":"default","ast-page-background-enabled":"default","ast-page-background-meta":{"desktop":{"background-color":"var(--ast-global-color-4)","background-image":"","background-repeat":"repeat","background-position":"center center","background-size":"auto","background-attachment":"scroll","background-type":"","background-media":"","overlay-type":"","overlay-color":"","overlay-gradient":""},"tablet":{"background-color":"","background-image":"","background-repeat":"repeat","background-position":"center center","background-size":"auto","background-attachment":"scroll","background-type":"","background-media":"","overlay-type":"","overlay-color":"","overlay-gradient":""},"mobile":{"background-color":"","background-image":"","background-repeat":"repeat","background-position":"center center","background-size":"auto","background-attachment":"scroll","background-type":"","background-media":"","overlay-type":"","overlay-color":"","overlay-gradient":""}},"ast-content-background-meta":{"desktop":{"background-color":"var(--ast-global-color-5)","background-image":"","background-repeat":"repeat","background-position":"center center","background-size":"auto","background-attachment":"scroll","background-type":"","background-media":"","overlay-type":"","overlay-color":"","overlay-gradient":""},"tablet":{"background-color":"var(--ast-global-color-5)","background-image":"","background-repeat":"repeat","background-position":"center center","background-size":"auto","background-attachment":"scroll","background-type":"","background-media":"","overlay-type":"","overlay-color":"","overlay-gradient":""},"mobile":{"background-color":"var(--ast-global-color-5)","background-image":"","background-repeat":"repeat","background-position":"center center","background-size":"auto","background-attachment":"scroll","background-type":"","background-media":"","overlay-type":"","overlay-color":"","overlay-gradient":""}},"footnotes":""},"categories":[951,1141,1495,1496,1341],"tags":[13980,46104,234526,268338,33732,109892],"class_list":["post-154200","post","type-post","status-publish","format-standard","hentry","category-barcelona","category-pedagogia","category-sociologia-de-la-educacion","category-sociologia-del-trabajo","category-teoria-y-metodos-educativos","tag-angel-pio-gonzalez-soto","tag-esteban-pont-barcelo","tag-francesc-mercade-dura","tag-miquel-bertran-poblet","tag-salvador-carrasco-calvo","tag-saturnino-menchon-garcia"],"_links":{"self":[{"href":"https:\/\/www.deberes.net\/tesis\/wp-json\/wp\/v2\/posts\/154200","targetHints":{"allow":["GET"]}}],"collection":[{"href":"https:\/\/www.deberes.net\/tesis\/wp-json\/wp\/v2\/posts"}],"about":[{"href":"https:\/\/www.deberes.net\/tesis\/wp-json\/wp\/v2\/types\/post"}],"author":[{"embeddable":true,"href":"https:\/\/www.deberes.net\/tesis\/wp-json\/wp\/v2\/users\/1"}],"replies":[{"embeddable":true,"href":"https:\/\/www.deberes.net\/tesis\/wp-json\/wp\/v2\/comments?post=154200"}],"version-history":[{"count":0,"href":"https:\/\/www.deberes.net\/tesis\/wp-json\/wp\/v2\/posts\/154200\/revisions"}],"wp:attachment":[{"href":"https:\/\/www.deberes.net\/tesis\/wp-json\/wp\/v2\/media?parent=154200"}],"wp:term":[{"taxonomy":"category","embeddable":true,"href":"https:\/\/www.deberes.net\/tesis\/wp-json\/wp\/v2\/categories?post=154200"},{"taxonomy":"post_tag","embeddable":true,"href":"https:\/\/www.deberes.net\/tesis\/wp-json\/wp\/v2\/tags?post=154200"}],"curies":[{"name":"wp","href":"https:\/\/api.w.org\/{rel}","templated":true}]}}