{"id":154450,"date":"2026-01-12T17:12:23","date_gmt":"2026-01-12T17:12:23","guid":{"rendered":"https:\/\/www.deberes.net\/tesis\/sin-categoria\/sistematica-y-ecologia-de-los-simuliidae-diptera-de-los-rios-de-catalunya-y-de-otras-cuencas-hidrograficas-espanolas\/"},"modified":"2026-01-12T17:12:23","modified_gmt":"2026-01-12T17:12:23","slug":"sistematica-y-ecologia-de-los-simuliidae-diptera-de-los-rios-de-catalunya-y-de-otras-cuencas-hidrograficas-espanolas","status":"publish","type":"post","link":"https:\/\/www.deberes.net\/tesis\/ciencias-de-la-vida\/sistematica-y-ecologia-de-los-simuliidae-diptera-de-los-rios-de-catalunya-y-de-otras-cuencas-hidrograficas-espanolas\/","title":{"rendered":"Sistematica y ecolog\u00eda de los simuliidae (diptera) de los rios de catalunya y de otras cuencas hidrograficas espa\u00f1olas."},"content":{"rendered":"<h2>Tesis doctoral de <strong> Gloria Gonzalez Pe\u00f1a <\/strong><\/h2>\n<p>&nbsp;<\/p>\n<h3>Datos acad\u00e9micos de la tesis doctoral \u00ab<strong>Sistematica y ecolog\u00eda de los simuliidae (diptera) de los rios de catalunya y de otras cuencas hidrograficas espa\u00f1olas.<\/strong>\u00ab<\/h3>\n<ul>\n<li><strong>T\u00edtulo de la tesis:<\/strong>\u00a0 Sistematica y ecolog\u00eda de los simuliidae (diptera) de los rios de catalunya y de otras cuencas hidrograficas espa\u00f1olas. <\/li>\n<li><strong>Autor:<\/strong>\u00a0 Gloria Gonzalez Pe\u00f1a <\/li>\n<li><strong>Universidad:<\/strong>\u00a0 Barcelona<\/li>\n<li><strong>Fecha de lectura de la tesis:<\/strong>\u00a0 01\/01\/1991<\/li>\n<\/ul>\n<p>&nbsp;<\/p>\n<h3>Direcci\u00f3n y tribunal<\/h3>\n<ul>\n<li><strong>Director de la tesis<\/strong>\n<ul>\n<li> <\/li>\n<\/ul>\n<\/li>\n<li><strong>Tribunal<\/strong>\n<ul>\n<li>Presidente del tribunal: Ramon Margalef Lopez <\/li>\n<li>Carlos Montes Del Olmo (vocal)<\/li>\n<li> Garcia De Jalon Diego (vocal)<\/li>\n<li>Manuel Ferreras Romero (vocal)<\/li>\n<\/ul>\n<\/li>\n<\/ul>\n<p>&nbsp;<\/p>\n","protected":false},"excerpt":{"rendered":"<p>Tesis doctoral de Gloria Gonzalez Pe\u00f1a &nbsp; Datos acad\u00e9micos de la tesis doctoral \u00abSistematica y ecolog\u00eda de los simuliidae (diptera) [&hellip;]<\/p>\n","protected":false},"author":1,"featured_media":0,"comment_status":"open","ping_status":"open","sticky":false,"template":"","format":"standard","meta":{"site-sidebar-layout":"default","site-content-layout":"","ast-site-content-layout":"","site-content-style":"default","site-sidebar-style":"default","ast-global-header-display":"","ast-banner-title-visibility":"","ast-main-header-display":"","ast-hfb-above-header-display":"","ast-hfb-below-header-display":"","ast-hfb-mobile-header-display":"","site-post-title":"","ast-breadcrumbs-content":"","ast-featured-img":"","footer-sml-layout":"","theme-transparent-header-meta":"","adv-header-id-meta":"","stick-header-meta":"","header-above-stick-meta":"","header-main-stick-meta":"","header-below-stick-meta":"","astra-migrate-meta-layouts":"default","ast-page-background-enabled":"default","ast-page-background-meta":{"desktop":{"background-color":"var(--ast-global-color-4)","background-image":"","background-repeat":"repeat","background-position":"center center","background-size":"auto","background-attachment":"scroll","background-type":"","background-media":"","overlay-type":"","overlay-color":"","overlay-gradient":""},"tablet":{"background-color":"","background-image":"","background-repeat":"repeat","background-position":"center center","background-size":"auto","background-attachment":"scroll","background-type":"","background-media":"","overlay-type":"","overlay-color":"","overlay-gradient":""},"mobile":{"background-color":"","background-image":"","background-repeat":"repeat","background-position":"center center","background-size":"auto","background-attachment":"scroll","background-type":"","background-media":"","overlay-type":"","overlay-color":"","overlay-gradient":""}},"ast-content-background-meta":{"desktop":{"background-color":"var(--ast-global-color-5)","background-image":"","background-repeat":"repeat","background-position":"center center","background-size":"auto","background-attachment":"scroll","background-type":"","background-media":"","overlay-type":"","overlay-color":"","overlay-gradient":""},"tablet":{"background-color":"var(--ast-global-color-5)","background-image":"","background-repeat":"repeat","background-position":"center center","background-size":"auto","background-attachment":"scroll","background-type":"","background-media":"","overlay-type":"","overlay-color":"","overlay-gradient":""},"mobile":{"background-color":"var(--ast-global-color-5)","background-image":"","background-repeat":"repeat","background-position":"center center","background-size":"auto","background-attachment":"scroll","background-type":"","background-media":"","overlay-type":"","overlay-color":"","overlay-gradient":""}},"footnotes":""},"categories":[951,35,4315,3067,24962],"tags":[5858,15095,137958,2357,39],"class_list":["post-154450","post","type-post","status-publish","format-standard","hentry","category-barcelona","category-ciencias-de-la-vida","category-ecologia-de-los-insectos","category-entomologia","category-morfologia-de-los-insectos","tag-carlos-montes-del-olmo","tag-garcia-de-jalon-diego","tag-gloria-gonzalez-pena","tag-manuel-ferreras-romero","tag-ramon-margalef-lopez"],"_links":{"self":[{"href":"https:\/\/www.deberes.net\/tesis\/wp-json\/wp\/v2\/posts\/154450","targetHints":{"allow":["GET"]}}],"collection":[{"href":"https:\/\/www.deberes.net\/tesis\/wp-json\/wp\/v2\/posts"}],"about":[{"href":"https:\/\/www.deberes.net\/tesis\/wp-json\/wp\/v2\/types\/post"}],"author":[{"embeddable":true,"href":"https:\/\/www.deberes.net\/tesis\/wp-json\/wp\/v2\/users\/1"}],"replies":[{"embeddable":true,"href":"https:\/\/www.deberes.net\/tesis\/wp-json\/wp\/v2\/comments?post=154450"}],"version-history":[{"count":0,"href":"https:\/\/www.deberes.net\/tesis\/wp-json\/wp\/v2\/posts\/154450\/revisions"}],"wp:attachment":[{"href":"https:\/\/www.deberes.net\/tesis\/wp-json\/wp\/v2\/media?parent=154450"}],"wp:term":[{"taxonomy":"category","embeddable":true,"href":"https:\/\/www.deberes.net\/tesis\/wp-json\/wp\/v2\/categories?post=154450"},{"taxonomy":"post_tag","embeddable":true,"href":"https:\/\/www.deberes.net\/tesis\/wp-json\/wp\/v2\/tags?post=154450"}],"curies":[{"name":"wp","href":"https:\/\/api.w.org\/{rel}","templated":true}]}}