{"id":15454,"date":"2002-06-02T00:00:00","date_gmt":"2002-06-02T00:00:00","guid":{"rendered":"https:\/\/www.deberes.net\/tesis\/sin-categoria\/la-novela%c2%adstica-de-jose-balza\/"},"modified":"2002-06-02T00:00:00","modified_gmt":"2002-06-02T00:00:00","slug":"la-novela%c2%adstica-de-jose-balza","status":"publish","type":"post","link":"https:\/\/www.deberes.net\/tesis\/linguistica\/la-novela%c2%adstica-de-jose-balza\/","title":{"rendered":"La novel\u00edstica de jos\u00e9 balza"},"content":{"rendered":"<h2>Tesis doctoral de <strong>  M\u00e9ndez Gu\u00e9dez Juan  Carlos <\/strong><\/h2>\n<p>Esta investigaci\u00f3n se centra en cinco de las novelas o ejercicios narrativos largos de este autor venezolano, en la que se intenta situar el trabajo de este narrador en el contexto hispanoamericano, estableciendo relaciones de oposici\u00f3n o coincidencia con las tendencias m\u00e1s resaltantes de la novel\u00edstica latinoamericana del siglo xx.  el trabajo se inicia con un recorrido por la biograf\u00eda de este autor nacido en el delta del orinoco en 1939. Este recorrido tiene como finalidad explorar las importantes relaciones que se establecen entre la materia biogr\u00e1fica de este escritor y sus diversas novelas, sin que sus textos alcancen en ning\u00fan caso los g\u00e9neros confesionales.  estudio de las im\u00e1genes fundacionales de esta narrativa: el r\u00edo y las piedras, como ejemplificaci\u00f3n de los dos territorios que explora jos\u00e9 balza en su narrativa: el de la transitoriedad del existir, y el de la permanencia material fijada en la dureza mineral (rocosa) de la escritura.  elaboraci\u00f3n de diversas conclusiones, a paritr del estudio de las mencionadas im\u00e1genes en las novelas de jos\u00e9 balza: marzo anterior; largo; setecientas palmeras plantadas en el mismo lugar; percusi\u00f3n; despu\u00e9s caracas.<\/p>\n<p>&nbsp;<\/p>\n<h3>Datos acad\u00e9micos de la tesis doctoral \u00ab<strong>La novel\u00edstica de jos\u00e9 balza<\/strong>\u00ab<\/h3>\n<ul>\n<li><strong>T\u00edtulo de la tesis:<\/strong>\u00a0 La novel\u00edstica de jos\u00e9 balza <\/li>\n<li><strong>Autor:<\/strong>\u00a0  M\u00e9ndez Gu\u00e9dez Juan  Carlos <\/li>\n<li><strong>Universidad:<\/strong>\u00a0 Salamanca<\/li>\n<li><strong>Fecha de lectura de la tesis:<\/strong>\u00a0 06\/02\/2002<\/li>\n<\/ul>\n<p>&nbsp;<\/p>\n<h3>Direcci\u00f3n y tribunal<\/h3>\n<ul>\n<li><strong>Director de la tesis<\/strong>\n<ul>\n<li>Mar\u00eda Del Carmen Ruiz Barrionuevo<\/li>\n<\/ul>\n<\/li>\n<li><strong>Tribunal<\/strong>\n<ul>\n<li>Presidente del tribunal: teodosio Fern\u00e1nez rodr\u00edguez <\/li>\n<li>eduardo Becerra grande (vocal)<\/li>\n<li>Antonio Lorente medina (vocal)<\/li>\n<li> P\u00e9rez l\u00f3pez M\u00aa \u00e1ngeles (vocal)<\/li>\n<\/ul>\n<\/li>\n<\/ul>\n<p>&nbsp;<\/p>\n","protected":false},"excerpt":{"rendered":"<p>Tesis doctoral de M\u00e9ndez Gu\u00e9dez Juan Carlos Esta investigaci\u00f3n se centra en cinco de las novelas o ejercicios narrativos largos [&hellip;]<\/p>\n","protected":false},"author":1,"featured_media":0,"comment_status":"open","ping_status":"open","sticky":false,"template":"","format":"standard","meta":{"site-sidebar-layout":"default","site-content-layout":"","ast-site-content-layout":"","site-content-style":"default","site-sidebar-style":"default","ast-global-header-display":"","ast-banner-title-visibility":"","ast-main-header-display":"","ast-hfb-above-header-display":"","ast-hfb-below-header-display":"","ast-hfb-mobile-header-display":"","site-post-title":"","ast-breadcrumbs-content":"","ast-featured-img":"","footer-sml-layout":"","theme-transparent-header-meta":"","adv-header-id-meta":"","stick-header-meta":"","header-above-stick-meta":"","header-main-stick-meta":"","header-below-stick-meta":"","astra-migrate-meta-layouts":"default","ast-page-background-enabled":"default","ast-page-background-meta":{"desktop":{"background-color":"var(--ast-global-color-4)","background-image":"","background-repeat":"repeat","background-position":"center center","background-size":"auto","background-attachment":"scroll","background-type":"","background-media":"","overlay-type":"","overlay-color":"","overlay-gradient":""},"tablet":{"background-color":"","background-image":"","background-repeat":"repeat","background-position":"center center","background-size":"auto","background-attachment":"scroll","background-type":"","background-media":"","overlay-type":"","overlay-color":"","overlay-gradient":""},"mobile":{"background-color":"","background-image":"","background-repeat":"repeat","background-position":"center center","background-size":"auto","background-attachment":"scroll","background-type":"","background-media":"","overlay-type":"","overlay-color":"","overlay-gradient":""}},"ast-content-background-meta":{"desktop":{"background-color":"var(--ast-global-color-5)","background-image":"","background-repeat":"repeat","background-position":"center center","background-size":"auto","background-attachment":"scroll","background-type":"","background-media":"","overlay-type":"","overlay-color":"","overlay-gradient":""},"tablet":{"background-color":"var(--ast-global-color-5)","background-image":"","background-repeat":"repeat","background-position":"center center","background-size":"auto","background-attachment":"scroll","background-type":"","background-media":"","overlay-type":"","overlay-color":"","overlay-gradient":""},"mobile":{"background-color":"var(--ast-global-color-5)","background-image":"","background-repeat":"repeat","background-position":"center center","background-size":"auto","background-attachment":"scroll","background-type":"","background-media":"","overlay-type":"","overlay-color":"","overlay-gradient":""}},"footnotes":""},"categories":[147,2965,636,59,60,9386,628],"tags":[18223,49296,48855,49294,49297,49295],"class_list":["post-15454","post","type-post","status-publish","format-standard","hentry","category-ciencias-de-las-artes-y-las-letras","category-estilo-y-estetica-literarios","category-lengua-y-literatura","category-linguistica","category-linguistica-aplicada","category-salamanca","category-teoria-analisis-y-critica-literarios","tag-antonio-lorente-medina","tag-eduardo-becerra-grande","tag-maria-del-carmen-ruiz-barrionuevo","tag-mendez-guedez-juan-carlos","tag-perez-lopez-ma-angeles","tag-teodosio-fernanez-rodriguez"],"_links":{"self":[{"href":"https:\/\/www.deberes.net\/tesis\/wp-json\/wp\/v2\/posts\/15454","targetHints":{"allow":["GET"]}}],"collection":[{"href":"https:\/\/www.deberes.net\/tesis\/wp-json\/wp\/v2\/posts"}],"about":[{"href":"https:\/\/www.deberes.net\/tesis\/wp-json\/wp\/v2\/types\/post"}],"author":[{"embeddable":true,"href":"https:\/\/www.deberes.net\/tesis\/wp-json\/wp\/v2\/users\/1"}],"replies":[{"embeddable":true,"href":"https:\/\/www.deberes.net\/tesis\/wp-json\/wp\/v2\/comments?post=15454"}],"version-history":[{"count":0,"href":"https:\/\/www.deberes.net\/tesis\/wp-json\/wp\/v2\/posts\/15454\/revisions"}],"wp:attachment":[{"href":"https:\/\/www.deberes.net\/tesis\/wp-json\/wp\/v2\/media?parent=15454"}],"wp:term":[{"taxonomy":"category","embeddable":true,"href":"https:\/\/www.deberes.net\/tesis\/wp-json\/wp\/v2\/categories?post=15454"},{"taxonomy":"post_tag","embeddable":true,"href":"https:\/\/www.deberes.net\/tesis\/wp-json\/wp\/v2\/tags?post=15454"}],"curies":[{"name":"wp","href":"https:\/\/api.w.org\/{rel}","templated":true}]}}