{"id":15490,"date":"2002-08-02T00:00:00","date_gmt":"2002-08-02T00:00:00","guid":{"rendered":"https:\/\/www.deberes.net\/tesis\/sin-categoria\/ioannis-genesii-sepulvedae-de-fato-et-libero-arbitrio-libri-tres-estudio-edicion-cra%c2%adtica-traduccion-notas-e-a%c2%adndices\/"},"modified":"2002-08-02T00:00:00","modified_gmt":"2002-08-02T00:00:00","slug":"ioannis-genesii-sepulvedae-de-fato-et-libero-arbitrio-libri-tres-estudio-edicion-cra%c2%adtica-traduccion-notas-e-a%c2%adndices","status":"publish","type":"post","link":"https:\/\/www.deberes.net\/tesis\/historia\/ioannis-genesii-sepulvedae-de-fato-et-libero-arbitrio-libri-tres-estudio-edicion-cra%c2%adtica-traduccion-notas-e-a%c2%adndices\/","title":{"rendered":"Ioannis genesii sepulvedae, \u00abde fato et libero arbitrio libri tres\u00bb. estudio, edici\u00f3n cr\u00edtica, traducci\u00f3n, notas e \u00edndices"},"content":{"rendered":"<h2>Tesis doctoral de <strong>  S\u00e1nchez G\u00e1zquez Joaquin Jos\u00e9 <\/strong><\/h2>\n<p>La tesis doctoral consiste en la edici\u00f3n cr\u00edtica y traducci\u00f3n anotada de la obra de sep\u00falveda precedida de un estudio introductorio y seguida de unos \u00edndices que faciliten su consulta.  el estudio recoge con detenimiento los antecedentes de la obra de sep\u00falveda (i.E. Erasmo y lutero) y luego un estudio pormenorizado de \u00e9sta desde el punto de vista hist\u00f3rico, filos\u00f3fico y teol\u00f3gico.  la edici\u00f3n est\u00e1 confeccionada desde el cotejo de las cuatro ediciones existentes de la obra (i.E. Roma, par\u00eds, colonia y Madrid).  la traducci\u00f3n sigue de cerca su texto por respetar la especificidad de sus contenidos. Los \u00edndices finales contribuyen a facilitar la consulta de la edici\u00f3n.<\/p>\n<p>&nbsp;<\/p>\n<h3>Datos acad\u00e9micos de la tesis doctoral \u00ab<strong>Ioannis genesii sepulvedae, \u00abde fato et libero arbitrio libri tres\u00bb. estudio, edici\u00f3n cr\u00edtica, traducci\u00f3n, notas e \u00edndices<\/strong>\u00ab<\/h3>\n<ul>\n<li><strong>T\u00edtulo de la tesis:<\/strong>\u00a0 Ioannis genesii sepulvedae, \u00abde fato et libero arbitrio libri tres\u00bb. estudio, edici\u00f3n cr\u00edtica, traducci\u00f3n, notas e \u00edndices <\/li>\n<li><strong>Autor:<\/strong>\u00a0  S\u00e1nchez G\u00e1zquez Joaquin Jos\u00e9 <\/li>\n<li><strong>Universidad:<\/strong>\u00a0 Granada<\/li>\n<li><strong>Fecha de lectura de la tesis:<\/strong>\u00a0 08\/02\/2002<\/li>\n<\/ul>\n<p>&nbsp;<\/p>\n<h3>Direcci\u00f3n y tribunal<\/h3>\n<ul>\n<li><strong>Director de la tesis<\/strong>\n<ul>\n<li>Elena Rodr\u00edguez Peregrina<\/li>\n<\/ul>\n<\/li>\n<li><strong>Tribunal<\/strong>\n<ul>\n<li>Presidente del tribunal: chris Heesakkers <\/li>\n<li>Juan  Francisco Alcina rovira (vocal)<\/li>\n<li>jenaro Costas rodr\u00edguez (vocal)<\/li>\n<li> Navas guti\u00e9rrez Antonio  Miguel (vocal)<\/li>\n<\/ul>\n<\/li>\n<\/ul>\n<p>&nbsp;<\/p>\n","protected":false},"excerpt":{"rendered":"<p>Tesis doctoral de S\u00e1nchez G\u00e1zquez Joaquin Jos\u00e9 La tesis doctoral consiste en la edici\u00f3n cr\u00edtica y traducci\u00f3n anotada de la [&hellip;]<\/p>\n","protected":false},"author":1,"featured_media":0,"comment_status":"open","ping_status":"open","sticky":false,"template":"","format":"standard","meta":{"site-sidebar-layout":"default","site-content-layout":"","ast-site-content-layout":"","site-content-style":"default","site-sidebar-style":"default","ast-global-header-display":"","ast-banner-title-visibility":"","ast-main-header-display":"","ast-hfb-above-header-display":"","ast-hfb-below-header-display":"","ast-hfb-mobile-header-display":"","site-post-title":"","ast-breadcrumbs-content":"","ast-featured-img":"","footer-sml-layout":"","theme-transparent-header-meta":"","adv-header-id-meta":"","stick-header-meta":"","header-above-stick-meta":"","header-main-stick-meta":"","header-below-stick-meta":"","astra-migrate-meta-layouts":"default","ast-page-background-enabled":"default","ast-page-background-meta":{"desktop":{"background-color":"var(--ast-global-color-4)","background-image":"","background-repeat":"repeat","background-position":"center center","background-size":"auto","background-attachment":"scroll","background-type":"","background-media":"","overlay-type":"","overlay-color":"","overlay-gradient":""},"tablet":{"background-color":"","background-image":"","background-repeat":"repeat","background-position":"center center","background-size":"auto","background-attachment":"scroll","background-type":"","background-media":"","overlay-type":"","overlay-color":"","overlay-gradient":""},"mobile":{"background-color":"","background-image":"","background-repeat":"repeat","background-position":"center center","background-size":"auto","background-attachment":"scroll","background-type":"","background-media":"","overlay-type":"","overlay-color":"","overlay-gradient":""}},"ast-content-background-meta":{"desktop":{"background-color":"var(--ast-global-color-5)","background-image":"","background-repeat":"repeat","background-position":"center center","background-size":"auto","background-attachment":"scroll","background-type":"","background-media":"","overlay-type":"","overlay-color":"","overlay-gradient":""},"tablet":{"background-color":"var(--ast-global-color-5)","background-image":"","background-repeat":"repeat","background-position":"center center","background-size":"auto","background-attachment":"scroll","background-type":"","background-media":"","overlay-type":"","overlay-color":"","overlay-gradient":""},"mobile":{"background-color":"var(--ast-global-color-5)","background-image":"","background-repeat":"repeat","background-position":"center center","background-size":"auto","background-attachment":"scroll","background-type":"","background-media":"","overlay-type":"","overlay-color":"","overlay-gradient":""}},"footnotes":""},"categories":[1624,2142,165,801,104,989,220,990,18402],"tags":[49390,49389,4238,3929,49391,49388],"class_list":["post-15490","post","type-post","status-publish","format-standard","hentry","category-ciencias-auxiliares-de-la-historia","category-filologia","category-filosofia","category-filosofia-antigua","category-historia","category-historia-moderna","category-historia-por-epocas","category-sistemas-filosoficos","category-sistemas-teologico-filosoficos","tag-chris-heesakkers","tag-elena-rodriguez-peregrina","tag-jenaro-costas-rodriguez","tag-juan-francisco-alcina-rovira","tag-navas-gutierrez-antonio-miguel","tag-sanchez-gazquez-joaquin-jose"],"_links":{"self":[{"href":"https:\/\/www.deberes.net\/tesis\/wp-json\/wp\/v2\/posts\/15490","targetHints":{"allow":["GET"]}}],"collection":[{"href":"https:\/\/www.deberes.net\/tesis\/wp-json\/wp\/v2\/posts"}],"about":[{"href":"https:\/\/www.deberes.net\/tesis\/wp-json\/wp\/v2\/types\/post"}],"author":[{"embeddable":true,"href":"https:\/\/www.deberes.net\/tesis\/wp-json\/wp\/v2\/users\/1"}],"replies":[{"embeddable":true,"href":"https:\/\/www.deberes.net\/tesis\/wp-json\/wp\/v2\/comments?post=15490"}],"version-history":[{"count":0,"href":"https:\/\/www.deberes.net\/tesis\/wp-json\/wp\/v2\/posts\/15490\/revisions"}],"wp:attachment":[{"href":"https:\/\/www.deberes.net\/tesis\/wp-json\/wp\/v2\/media?parent=15490"}],"wp:term":[{"taxonomy":"category","embeddable":true,"href":"https:\/\/www.deberes.net\/tesis\/wp-json\/wp\/v2\/categories?post=15490"},{"taxonomy":"post_tag","embeddable":true,"href":"https:\/\/www.deberes.net\/tesis\/wp-json\/wp\/v2\/tags?post=15490"}],"curies":[{"name":"wp","href":"https:\/\/api.w.org\/{rel}","templated":true}]}}