{"id":15494,"date":"2002-08-02T00:00:00","date_gmt":"2002-08-02T00:00:00","guid":{"rendered":"https:\/\/www.deberes.net\/tesis\/sin-categoria\/el-cabildo-catedralicio-de-toledo-en-el-siglo-xv-aspectos-institucionales-y-sociologicos\/"},"modified":"2002-08-02T00:00:00","modified_gmt":"2002-08-02T00:00:00","slug":"el-cabildo-catedralicio-de-toledo-en-el-siglo-xv-aspectos-institucionales-y-sociologicos","status":"publish","type":"post","link":"https:\/\/www.deberes.net\/tesis\/historia\/el-cabildo-catedralicio-de-toledo-en-el-siglo-xv-aspectos-institucionales-y-sociologicos\/","title":{"rendered":"El cabildo catedralicio de toledo en el siglo xv: aspectos institucionales y sociol\u00f3gicos"},"content":{"rendered":"<h2>Tesis doctoral de <strong> Mar\u00eda Jos\u00e9 Lop Ot\u00edn <\/strong><\/h2>\n<p>La tesis pretende abordar el estudio del que fuera m\u00e1s importante cabildo catedralicio de los reinos hispanos durante la edad media, el de la catedral primada de toledo, que a pesar de su incuestionable importancia esta a faltar de un trabajo que analizara de forma individualizada su funcionamiento y se adentrara en el conocimiento de las personas que estaban a su frente. la documentaci\u00f3n consultada -mayoritariamente extra\u00edda del archivo capitular de toledo- ha determinado que sea la segunda mitad del siglo xv el objetivo preferente de nuestro trabajo, ya que es en esos a\u00f1os cuando contamos con actas capitulares, am\u00e9n de otros testimonios, que nos permiten un acercamiento mucho m\u00e1s profundo al conocimiento de la instituci\u00f3n.  el estudio tiene dos protagonistas principales: el cabildo como instituci\u00f3n y el conjunto de cl\u00e9rigos que viv\u00edan en torno a \u00e9l y hac\u00edan realidad las iniciativas desplegadas desde el mismo. El estudio del cabildo se ha hecho desde dos puntos de vista: desde el interior de la propia corporaci\u00f3n, analizando su complicado funcionamiento -estructura y composici\u00f3n, provisi\u00f3n de cargos, competencias y obligaciones- y por otro desde fuera, tratando de establecer la forma en que la catedral se proyectaba sobre la ciudad que la albergaba a trav\u00e9s de diferentes iniciativas religiosas, asistenciales o culturales. Paralelamente, se ha prestado singular atenci\u00f3n al amplio sector clerical que se mov\u00eda en torno a ese templo, del que se ha destacado tanto su vertiente m\u00e1s institucional como su realidad cotidiana, tratando de conocer a la persona que se escond\u00eda tras unos complejos ritos y ceremoniales lit\u00fargicos.  en todo caso, no era posible abordar este estudio sin reconocer que a esas alturas de la edad media el cabildo era deudor de toda la actividad estatutaria que desde el siglo xii hab\u00eda configurado el marco jur\u00eddico que impulsaba y dirig\u00eda la vida de sus componentes. Por ello a la hora de organizar lo<\/p>\n<p>&nbsp;<\/p>\n<h3>Datos acad\u00e9micos de la tesis doctoral \u00ab<strong>El cabildo catedralicio de toledo en el siglo xv: aspectos institucionales y sociol\u00f3gicos<\/strong>\u00ab<\/h3>\n<ul>\n<li><strong>T\u00edtulo de la tesis:<\/strong>\u00a0 El cabildo catedralicio de toledo en el siglo xv: aspectos institucionales y sociol\u00f3gicos <\/li>\n<li><strong>Autor:<\/strong>\u00a0 Mar\u00eda Jos\u00e9 Lop Ot\u00edn <\/li>\n<li><strong>Universidad:<\/strong>\u00a0 Complutense de Madrid<\/li>\n<li><strong>Fecha de lectura de la tesis:<\/strong>\u00a0 08\/02\/2002<\/li>\n<\/ul>\n<p>&nbsp;<\/p>\n<h3>Direcci\u00f3n y tribunal<\/h3>\n<ul>\n<li><strong>Director de la tesis<\/strong>\n<ul>\n<li>Miguel \u00e1ngel Ladero Quesada<\/li>\n<\/ul>\n<\/li>\n<li><strong>Tribunal<\/strong>\n<ul>\n<li>Presidente del tribunal: emilio Mitre fernandez <\/li>\n<li>Francisco Ru\u00edz g\u00f3mez (vocal)<\/li>\n<li>ricardo Izquierdo benito (vocal)<\/li>\n<li>ram\u00f3n Gonz\u00e1lez ru\u00edz (vocal)<\/li>\n<\/ul>\n<\/li>\n<\/ul>\n<p>&nbsp;<\/p>\n","protected":false},"excerpt":{"rendered":"<p>Tesis doctoral de Mar\u00eda Jos\u00e9 Lop Ot\u00edn La tesis pretende abordar el estudio del que fuera m\u00e1s importante cabildo catedralicio [&hellip;]<\/p>\n","protected":false},"author":1,"featured_media":0,"comment_status":"open","ping_status":"open","sticky":false,"template":"","format":"standard","meta":{"site-sidebar-layout":"default","site-content-layout":"","ast-site-content-layout":"","site-content-style":"default","site-sidebar-style":"default","ast-global-header-display":"","ast-banner-title-visibility":"","ast-main-header-display":"","ast-hfb-above-header-display":"","ast-hfb-below-header-display":"","ast-hfb-mobile-header-display":"","site-post-title":"","ast-breadcrumbs-content":"","ast-featured-img":"","footer-sml-layout":"","theme-transparent-header-meta":"","adv-header-id-meta":"","stick-header-meta":"","header-above-stick-meta":"","header-main-stick-meta":"","header-below-stick-meta":"","astra-migrate-meta-layouts":"default","ast-page-background-enabled":"default","ast-page-background-meta":{"desktop":{"background-color":"var(--ast-global-color-4)","background-image":"","background-repeat":"repeat","background-position":"center center","background-size":"auto","background-attachment":"scroll","background-type":"","background-media":"","overlay-type":"","overlay-color":"","overlay-gradient":""},"tablet":{"background-color":"","background-image":"","background-repeat":"repeat","background-position":"center center","background-size":"auto","background-attachment":"scroll","background-type":"","background-media":"","overlay-type":"","overlay-color":"","overlay-gradient":""},"mobile":{"background-color":"","background-image":"","background-repeat":"repeat","background-position":"center center","background-size":"auto","background-attachment":"scroll","background-type":"","background-media":"","overlay-type":"","overlay-color":"","overlay-gradient":""}},"ast-content-background-meta":{"desktop":{"background-color":"var(--ast-global-color-5)","background-image":"","background-repeat":"repeat","background-position":"center center","background-size":"auto","background-attachment":"scroll","background-type":"","background-media":"","overlay-type":"","overlay-color":"","overlay-gradient":""},"tablet":{"background-color":"var(--ast-global-color-5)","background-image":"","background-repeat":"repeat","background-position":"center center","background-size":"auto","background-attachment":"scroll","background-type":"","background-media":"","overlay-type":"","overlay-color":"","overlay-gradient":""},"mobile":{"background-color":"var(--ast-global-color-5)","background-image":"","background-repeat":"repeat","background-position":"center center","background-size":"auto","background-attachment":"scroll","background-type":"","background-media":"","overlay-type":"","overlay-color":"","overlay-gradient":""}},"footnotes":""},"categories":[104,3967,989,220,222],"tags":[5942,44838,49396,5296,6183,30784],"class_list":["post-15494","post","type-post","status-publish","format-standard","hentry","category-historia","category-historia-de-la-iglesia","category-historia-moderna","category-historia-por-epocas","category-historias-especializadas","tag-emilio-mitre-fernandez","tag-francisco-ruiz-gomez","tag-maria-jose-lop-otin","tag-miguel-angel-ladero-quesada","tag-ramon-gonzalez-ruiz","tag-ricardo-izquierdo-benito"],"_links":{"self":[{"href":"https:\/\/www.deberes.net\/tesis\/wp-json\/wp\/v2\/posts\/15494","targetHints":{"allow":["GET"]}}],"collection":[{"href":"https:\/\/www.deberes.net\/tesis\/wp-json\/wp\/v2\/posts"}],"about":[{"href":"https:\/\/www.deberes.net\/tesis\/wp-json\/wp\/v2\/types\/post"}],"author":[{"embeddable":true,"href":"https:\/\/www.deberes.net\/tesis\/wp-json\/wp\/v2\/users\/1"}],"replies":[{"embeddable":true,"href":"https:\/\/www.deberes.net\/tesis\/wp-json\/wp\/v2\/comments?post=15494"}],"version-history":[{"count":0,"href":"https:\/\/www.deberes.net\/tesis\/wp-json\/wp\/v2\/posts\/15494\/revisions"}],"wp:attachment":[{"href":"https:\/\/www.deberes.net\/tesis\/wp-json\/wp\/v2\/media?parent=15494"}],"wp:term":[{"taxonomy":"category","embeddable":true,"href":"https:\/\/www.deberes.net\/tesis\/wp-json\/wp\/v2\/categories?post=15494"},{"taxonomy":"post_tag","embeddable":true,"href":"https:\/\/www.deberes.net\/tesis\/wp-json\/wp\/v2\/tags?post=15494"}],"curies":[{"name":"wp","href":"https:\/\/api.w.org\/{rel}","templated":true}]}}